{"id":7112,"date":"2024-05-24T10:47:02","date_gmt":"2024-05-24T13:47:02","guid":{"rendered":"https:\/\/www.inforegion.com.ar\/?p=304771"},"modified":"2024-05-24T10:47:02","modified_gmt":"2024-05-24T13:47:02","slug":"el-drama-de-los-comedores-que-no-reciben-alimentos-que-se-pudren-en-galpones","status":"publish","type":"post","link":"https:\/\/infolanus.com\/index.php\/2024\/05\/24\/el-drama-de-los-comedores-que-no-reciben-alimentos-que-se-pudren-en-galpones\/","title":{"rendered":"El drama de los comedores que no reciben alimentos, que se pudren en galpones"},"content":{"rendered":"<p><strong>Mar\u00eda Luisa y Marta llevan adelante dos comedores en los partidos de Avellaneda y Lan\u00fas<\/strong>. Hoy, llevan adelante la tarea sin asistencia alguna del gobierno nacional y la cantidad de gente que asiste es cada vez m\u00e1s grande.<\/p>\n<p><strong>\u201cEl da\u00f1o que han hecho es muy grande\u201d, asegur\u00f3 Mar\u00eda Luisa<\/strong>, respecto al freno a la entrega de alimentos por parte del gobierno de Javier Milei. Se conocieron im\u00e1genes de millones de productos que se pudren en galpones del Ministerio de Capital Humano.<\/p>\n<p>\u201c<a href=\"https:\/\/www.facebook.com\/Elcomedordeluisa\/?locale=es_LA\">El comedor de Mar\u00eda Luisa<\/a>\u201d se encuentra ubicado en Darwin al 800 de Villa Dom\u00ednico, en el partido de Avellaneda, y recibe a 250 personas, a quienes les entregan el plato ya preparado y alimentos para que tengan en sus casas.<\/p>\n<p>Remarc\u00f3 que <strong>no reciben \u201cnada\u201d de la Naci\u00f3n, pero cuentan con asistencia del municipio, en este caso de Avellaneda, y la Provincia.<\/strong><\/p>\n<div class=\"wp-block-media-text alignfull is-stacked-on-mobile is-vertically-aligned-center is-image-fill is-style-default has-cyan-bluish-gray-background-color has-background\">\n<figure class=\"wp-block-media-text__media\"><a href=\"https:\/\/www.inforegion.com.ar\/2022\/11\/25\/el-mapa-del-raid-delictivo-en-lanus-y-lomas-de-zamora\/\"><img data-recalc-dims=\"1\" loading=\"lazy\" decoding=\"async\" width=\"640\" height=\"360\" src=\"https:\/\/i0.wp.com\/www.inforegion.com.ar\/wp-content\/uploads\/2024\/05\/locomotoracastro-1024x576.jpg?resize=640%2C360&#038;ssl=1\" alt=\"Locomotora Castro\" class=\"wp-image-304584 size-full lazyload\" data-sizes=\"auto\" data-eio-rwidth=\"1024\" data-eio-rheight=\"576\" srcset=\"https:\/\/www.inforegion.com.ar\/wp-content\/uploads\/2024\/05\/locomotoracastro-1024x576.jpg 1024w, https:\/\/www.inforegion.com.ar\/wp-content\/uploads\/2024\/05\/locomotoracastro-300x169.jpg 300w, https:\/\/www.inforegion.com.ar\/wp-content\/uploads\/2024\/05\/locomotoracastro-768x432.jpg 768w, https:\/\/www.inforegion.com.ar\/wp-content\/uploads\/2024\/05\/locomotoracastro-320x180.jpg 320w, https:\/\/www.inforegion.com.ar\/wp-content\/uploads\/2024\/05\/locomotoracastro-480x270.jpg 480w, https:\/\/www.inforegion.com.ar\/wp-content\/uploads\/2024\/05\/locomotoracastro-800x450.jpg 800w, https:\/\/www.inforegion.com.ar\/wp-content\/uploads\/2024\/05\/locomotoracastro-150x83.jpg 150w, https:\/\/www.inforegion.com.ar\/wp-content\/uploads\/2024\/05\/locomotoracastro-335x188.jpg 335w, https:\/\/www.inforegion.com.ar\/wp-content\/uploads\/2024\/05\/locomotoracastro-700x394.jpg 700w, https:\/\/www.inforegion.com.ar\/wp-content\/uploads\/2024\/05\/locomotoracastro-1080x608.jpg 1080w, https:\/\/www.inforegion.com.ar\/wp-content\/uploads\/2024\/05\/locomotoracastro.jpg 1200w\"><noscript><img data-recalc-dims=\"1\" loading=\"lazy\" decoding=\"async\" width=\"640\" height=\"360\" src=\"https:\/\/i0.wp.com\/www.inforegion.com.ar\/wp-content\/uploads\/2024\/05\/locomotoracastro-1024x576.jpg?resize=640%2C360&#038;ssl=1\" alt=\"Locomotora Castro\" class=\"wp-image-304584 size-full\" srcset=\"https:\/\/www.inforegion.com.ar\/wp-content\/uploads\/2024\/05\/locomotoracastro-1024x576.jpg 1024w, https:\/\/www.inforegion.com.ar\/wp-content\/uploads\/2024\/05\/locomotoracastro-300x169.jpg 300w, https:\/\/www.inforegion.com.ar\/wp-content\/uploads\/2024\/05\/locomotoracastro-768x432.jpg 768w, https:\/\/www.inforegion.com.ar\/wp-content\/uploads\/2024\/05\/locomotoracastro-320x180.jpg 320w, https:\/\/www.inforegion.com.ar\/wp-content\/uploads\/2024\/05\/locomotoracastro-480x270.jpg 480w, https:\/\/www.inforegion.com.ar\/wp-content\/uploads\/2024\/05\/locomotoracastro-800x450.jpg 800w, https:\/\/www.inforegion.com.ar\/wp-content\/uploads\/2024\/05\/locomotoracastro-150x83.jpg 150w, https:\/\/www.inforegion.com.ar\/wp-content\/uploads\/2024\/05\/locomotoracastro-335x188.jpg 335w, https:\/\/www.inforegion.com.ar\/wp-content\/uploads\/2024\/05\/locomotoracastro-700x394.jpg 700w, https:\/\/www.inforegion.com.ar\/wp-content\/uploads\/2024\/05\/locomotoracastro-1080x608.jpg 1080w, https:\/\/www.inforegion.com.ar\/wp-content\/uploads\/2024\/05\/locomotoracastro.jpg 1200w\" sizes=\"auto, (max-width: 1024px) 100vw, 1024px\" data-eio=\"l\"><\/noscript><\/a><\/figure>\n<\/div>\n<p>Respecto a la no entrega de alimentos por la denuncia de irregularidades, la mujer le pidi\u00f3 al Gobierno que \u201cno metan todos en la misma bolsa\u201d. \u201cTendr\u00edan que haberse fijado quien trabaja y quien no. El da\u00f1o que ha hecho es muy grande\u201d, reflexion\u00f3.<\/p>\n<p>Cuestion\u00f3, asimismo, la \u201cinsensibilidad\u201d de las autoridades y aclar\u00f3: \u201cNo somos todos corruptos\u201d. Y compar\u00f3 la situaci\u00f3n con la vivida con la gesti\u00f3n de Mauricio Macri, evocando el temor por los tarifazos.<\/p>\n<p><strong>Una situaci\u00f3n similar se vive en el comedor-merendero Luisa Canteros de Monte Chingolo, en el partido de Lan\u00fas, que no recibi\u00f3 alimentos desde que asumi\u00f3 Milei.<\/strong><\/p>\n<p>\u201cQue venga y vean que esto lo hacemos d\u00eda a d\u00eda\u201d, convoc\u00f3 Marta a al Presidente. Y admiti\u00f3 que vive el presente con \u201cimpotencia\u201d.<\/p>\n<p><strong>All\u00ed asisten entre 150 y 180 personas. <\/strong>Se les entrega una vianda para que las familias puedan al menos garantizare una de las cuatro comidas necesarias.<\/p>\n<p>\u201cEstoy escuchando lo del galp\u00f3n de mercader\u00eda. <strong>Muchas veces tenemos que decir que no hay m\u00e1s. Es triste y desolador ver a donde vamos. <\/strong>Si sigue as\u00ed esto, va a hacer m\u00e1s gente necesitada\u201d, se\u00f1al\u00f3 la mujer en di\u00e1logo con C5N mientras estiraba con un palo de amasar las tortafritas que ser\u00e1n cocinadas en el transcurso de la ma\u00f1ana.<\/p>\n<p>Una de las voluntarias que estaba asistiendo en la cocina destac\u00f3 que la \u00fanica ayuda que reciben, al igual que en el caso anterior, es del Municipio (Lan\u00fas) y la Provincia.<\/p>\n<p>Otro voluntario evalu\u00f3 que \u201cla necesidad de nota en la calle\u201d. \u201cVienen a buscar comida siempre, con lluvia y descalzos. Sabemos que s\u00ed o s\u00ed tiene que salir de ac\u00e1 un plato de comida\u201d, apunt\u00f3.<\/p>\n<p>Mientras los comedores y merenderos siguen trabajando por los que menos tienen, que cada vez son m\u00e1s en el Conurbano y el pa\u00eds, <strong>hay 5.000.000 de alimentos sin entregar en Capital Humano, la cartera que dirige Sandra Petovello.<\/strong><\/p>\n","protected":false},"excerpt":{"rendered":"<p>Mar\u00eda Luisa y Marta llevan adelante dos comedores en los partidos de Avellaneda y Lan\u00fas. Hoy, llevan adelante la tarea sin asistencia alguna del gobierno nacional y la cantidad de gente que asiste es cada vez m\u00e1s grande. \u201cEl da\u00f1o que han hecho es muy grande\u201d, asegur\u00f3 Mar\u00eda Luisa, respecto al freno a la entrega [&hellip;]<\/p>\n","protected":false},"author":2,"featured_media":7113,"comment_status":"closed","ping_status":"closed","sticky":false,"template":"","format":"standard","meta":{"jetpack_post_was_ever_published":false,"_jetpack_newsletter_access":"","_jetpack_dont_email_post_to_subs":false,"_jetpack_newsletter_tier_id":0,"_jetpack_memberships_contains_paywalled_content":false,"_jetpack_memberships_contains_paid_content":false,"footnotes":"","jetpack_publicize_message":"","jetpack_publicize_feature_enabled":true,"jetpack_social_post_already_shared":true,"jetpack_social_options":{"image_generator_settings":{"template":"highway","enabled":false},"version":2}},"categories":[19],"tags":[1685,773,1686,774,23,788],"class_list":["post-7112","post","type-post","status-publish","format-standard","has-post-thumbnail","hentry","category-municipio","tag-alimentos","tag-centrales","tag-comedor","tag-destacadas","tag-lanus","tag-sociedad"],"jetpack_publicize_connections":[],"jetpack_featured_media_url":"https:\/\/i0.wp.com\/infolanus.com\/wp-content\/uploads\/2024\/05\/el-drama-de-los-comedores-que-no-reciben-alimentos-que-se-pudren-en-galpones.jpg?fit=1024%2C576&ssl=1","jetpack_sharing_enabled":true,"jetpack_shortlink":"https:\/\/wp.me\/p9QtMr-1QI","_links":{"self":[{"href":"https:\/\/infolanus.com\/index.php\/wp-json\/wp\/v2\/posts\/7112","targetHints":{"allow":["GET"]}}],"collection":[{"href":"https:\/\/infolanus.com\/index.php\/wp-json\/wp\/v2\/posts"}],"about":[{"href":"https:\/\/infolanus.com\/index.php\/wp-json\/wp\/v2\/types\/post"}],"author":[{"embeddable":true,"href":"https:\/\/infolanus.com\/index.php\/wp-json\/wp\/v2\/users\/2"}],"replies":[{"embeddable":true,"href":"https:\/\/infolanus.com\/index.php\/wp-json\/wp\/v2\/comments?post=7112"}],"version-history":[{"count":0,"href":"https:\/\/infolanus.com\/index.php\/wp-json\/wp\/v2\/posts\/7112\/revisions"}],"wp:featuredmedia":[{"embeddable":true,"href":"https:\/\/infolanus.com\/index.php\/wp-json\/wp\/v2\/media\/7113"}],"wp:attachment":[{"href":"https:\/\/infolanus.com\/index.php\/wp-json\/wp\/v2\/media?parent=7112"}],"wp:term":[{"taxonomy":"category","embeddable":true,"href":"https:\/\/infolanus.com\/index.php\/wp-json\/wp\/v2\/categories?post=7112"},{"taxonomy":"post_tag","embeddable":true,"href":"https:\/\/infolanus.com\/index.php\/wp-json\/wp\/v2\/tags?post=7112"}],"curies":[{"name":"wp","href":"https:\/\/api.w.org\/{rel}","templated":true}]}}