{"id":7170,"date":"2024-06-03T14:57:49","date_gmt":"2024-06-03T17:57:49","guid":{"rendered":"https:\/\/infolanus.com\/index.php\/2024\/06\/03\/bombazo-confirmado-real-madrid-oficializo-la-llegada-de-kylian-mbappe\/"},"modified":"2024-06-03T14:57:49","modified_gmt":"2024-06-03T17:57:49","slug":"bombazo-confirmado-real-madrid-oficializo-la-llegada-de-kylian-mbappe","status":"publish","type":"post","link":"https:\/\/infolanus.com\/index.php\/2024\/06\/03\/bombazo-confirmado-real-madrid-oficializo-la-llegada-de-kylian-mbappe\/","title":{"rendered":"Bombazo confirmado: Real Madrid oficializ\u00f3 la llegada de Kylian Mbapp\u00e9"},"content":{"rendered":"<div class=\"media_block\"><\/div>\n<p>El<a target=\"_blank\" href=\"https:\/\/442.perfil.com\/noticias\/futbol\/ancelotti-el-conquistador-de-europa-sumo-su-quinta-champions-league-como-entrenador.phtml\" rel=\"noopener\"> <strong>Real Madrid<\/strong><\/a> anunci\u00f3 este lunes el fichaje del astro franc\u00e9s<strong><a target=\"_blank\" href=\"https:\/\/442.perfil.com\/noticias\/futbol\/inesperado-kylian-mbappe-fue-abucheado-por-algunos-hinchas-del-psg.phtml\" rel=\"noopener\">Kylian Mbapp\u00e9<\/a> <\/strong>para las pr\u00f3ximas cinco temporadas, indic\u00f3 el club blanco en un comunicado.<\/p>\n<p>&#8220;E<strong>l Real Madrid C. F. y Kylian Mbapp\u00e9 han alcanzado un acuerdo por el que ser\u00e1 jugador del Real Madrid las pr\u00f3ximas cinco temporadas<\/strong>&#8220;, indic\u00f3 el escueto comunicado, confirmando la esperada noticia desde que el delantero de 25 a\u00f1os confirmara su salida del Par\u00eds Saint Germain el 10 de mayo.<\/p>\n<p>&#8220;<strong>Un sue\u00f1o hecho realidad. Muy feliz y orgulloso de formar parte del club de mis sue\u00f1os. Es imposible explicar lo feliz y emocionado que me siento en este momento. Estoy impaciente por veros, Madridistas, y gracias por vuestro incre\u00edble apoyo. \u00a1Hala Madrid!<\/strong>&#8220;, escribi\u00f3 en su cuenta personal de&nbsp;<em>X&nbsp;<\/em>(ex <em>Twitter<\/em>).<\/p>\n<p><img data-recalc-dims=\"1\" decoding=\"async\" alt=\"Posteo Mbappe en redes\" src=\"https:\/\/i0.wp.com\/fotos.perfil.com\/\/2024\/06\/03\/900\/0\/posteo-mbappe-en-redes-1812830.jpg?w=640&#038;ssl=1\" loading=\"lazy\"><\/p>\n<p>Los campeones de Europa refuerzan su plantel con &#8220;<strong>una estrella mundial, que hizo su mejor temporada con el PSG (44 goles) y fue el m\u00e1ximo goleador de los \u00faltimos seis campeonatos franceses<\/strong>&#8220;, se congratul\u00f3 el club <em>Merengue<\/em>&nbsp;en su p\u00e1gina web.&nbsp;<\/p>\n<h2>Real Madrid, el tercer paso en la carrera de Mbapp\u00e9 a nivel clubes<\/h2>\n<p>Libre de fichar donde quisiera desde el anuncio de su salida del <strong>Par\u00eds Saint-Germain<\/strong>, donde finaliza su contrato el 30 de junio, el capit\u00e1n de la selecci\u00f3n francesa abre un nuevo cap\u00edtulo en su joven carrera a sus 25 a\u00f1os.<\/p>\n<p>Deja la capital despu\u00e9s de siete temporadas en el club y con la condici\u00f3n de m\u00e1ximo goleador de la historia del <strong>PSG <\/strong>(256 goles en 308 partidos en todas las competiciones), pero con un legado que se ha visto manchado por un \u00faltimo tramo final tormentoso en su relaci\u00f3n con su afici\u00f3n, entrenadores y direcci\u00f3n del club.<\/p>\n<p>Elegido cinco veces consecutivas mejor jugador de la liga francesa, campe\u00f3n del mundo de 2018, rein\u00f3 en el campeonato de su pa\u00eds pero sin lograr realizar &#8220;su sue\u00f1o&#8221;: ofrecer al <strong>PSG <\/strong>su primera <strong>Champions<\/strong>.&nbsp;<\/p>\n<p>El <strong>Real Madrid<\/strong>, hu\u00e9rfano de un goleador de talla mundial desde las marchas de <strong>Cristiano<\/strong> <strong>Ronaldo <\/strong>y <strong>Karim<\/strong> <strong>Benzema<\/strong>, lo espera con ansias para que lidere el equipo.<\/p>\n<p><strong>Mbapp\u00e9<\/strong>, que reitera repetidamente su deseo de hacer &#8220;historia&#8221; en el f\u00fatbol, estar\u00e1 en el lugar adecuado para satisfacer su sed de trofeos.<\/p>\n<p>Formar\u00e1 en Madrid junto al ingl\u00e9s <strong>Jude Bellingham <\/strong>y el brasile\u00f1o <strong>Vinicius Junior<\/strong>, conformando un nuevo tridente capaz de sacudir Europa, bajo el mando del t\u00e9cnico italiano <strong>Carlo Ancelotti<\/strong>.<\/p>\n<h2>Mbapp\u00e9, uno de los mejores pagos en la historia del Real Madrid<\/h2>\n<p>Seg\u00fan la prensa espa\u00f1ola, <strong>Mbapp\u00e9 <\/strong>recibir\u00e1 uno de los mayores salarios de la historia del club, <strong>unos 35 millones de euros brutos por temporada<\/strong>, justo por encima de <strong>Vinicius <\/strong>y <strong>Bellingham<\/strong>.<\/p>\n<p><strong>Muy lejos de su sueldo parisino, estimado en 70 millones de euros anuales<\/strong>, sin incluir primas.&nbsp;<\/p>\n<p>SP<\/p>\n","protected":false},"excerpt":{"rendered":"<p>El Real Madrid anunci\u00f3 este lunes el fichaje del astro franc\u00e9sKylian Mbapp\u00e9 para las pr\u00f3ximas cinco temporadas, indic\u00f3 el club blanco en un comunicado. &#8220;El Real Madrid C. F. y Kylian Mbapp\u00e9 han alcanzado un acuerdo por el que ser\u00e1 jugador del Real Madrid las pr\u00f3ximas cinco temporadas&#8220;, indic\u00f3 el escueto comunicado, confirmando la esperada [&hellip;]<\/p>\n","protected":false},"author":2,"featured_media":7171,"comment_status":"closed","ping_status":"closed","sticky":false,"template":"","format":"standard","meta":{"jetpack_post_was_ever_published":false,"_jetpack_newsletter_access":"","_jetpack_dont_email_post_to_subs":false,"_jetpack_newsletter_tier_id":0,"_jetpack_memberships_contains_paywalled_content":false,"_jetpack_memberships_contains_paid_content":false,"footnotes":"","jetpack_publicize_message":"","jetpack_publicize_feature_enabled":true,"jetpack_social_post_already_shared":true,"jetpack_social_options":{"image_generator_settings":{"template":"highway","enabled":false},"version":2}},"categories":[17],"tags":[],"class_list":["post-7170","post","type-post","status-publish","format-standard","has-post-thumbnail","hentry","category-deportes"],"jetpack_publicize_connections":[],"jetpack_featured_media_url":"https:\/\/i0.wp.com\/infolanus.com\/wp-content\/uploads\/2024\/06\/bombazo-confirmado-real-madrid-oficializo-la-llegada-de-kylian-mbappe.jpg?fit=900%2C505&ssl=1","jetpack_sharing_enabled":true,"jetpack_shortlink":"https:\/\/wp.me\/p9QtMr-1RE","_links":{"self":[{"href":"https:\/\/infolanus.com\/index.php\/wp-json\/wp\/v2\/posts\/7170","targetHints":{"allow":["GET"]}}],"collection":[{"href":"https:\/\/infolanus.com\/index.php\/wp-json\/wp\/v2\/posts"}],"about":[{"href":"https:\/\/infolanus.com\/index.php\/wp-json\/wp\/v2\/types\/post"}],"author":[{"embeddable":true,"href":"https:\/\/infolanus.com\/index.php\/wp-json\/wp\/v2\/users\/2"}],"replies":[{"embeddable":true,"href":"https:\/\/infolanus.com\/index.php\/wp-json\/wp\/v2\/comments?post=7170"}],"version-history":[{"count":0,"href":"https:\/\/infolanus.com\/index.php\/wp-json\/wp\/v2\/posts\/7170\/revisions"}],"wp:featuredmedia":[{"embeddable":true,"href":"https:\/\/infolanus.com\/index.php\/wp-json\/wp\/v2\/media\/7171"}],"wp:attachment":[{"href":"https:\/\/infolanus.com\/index.php\/wp-json\/wp\/v2\/media?parent=7170"}],"wp:term":[{"taxonomy":"category","embeddable":true,"href":"https:\/\/infolanus.com\/index.php\/wp-json\/wp\/v2\/categories?post=7170"},{"taxonomy":"post_tag","embeddable":true,"href":"https:\/\/infolanus.com\/index.php\/wp-json\/wp\/v2\/tags?post=7170"}],"curies":[{"name":"wp","href":"https:\/\/api.w.org\/{rel}","templated":true}]}}