{"id":7172,"date":"2024-06-03T17:01:00","date_gmt":"2024-06-03T20:01:00","guid":{"rendered":"https:\/\/www.ambito.com\/uruguay\/el-mercado-laboral-continua-estatico-y-el-desempleo-alcanza-al-9-los-os-n6009178"},"modified":"2024-06-03T17:01:00","modified_gmt":"2024-06-03T20:01:00","slug":"el-mercado-laboral-continua-estatico-y-el-desempleo-alcanza-al-9-de-los-uruguayos","status":"publish","type":"post","link":"https:\/\/infolanus.com\/index.php\/2024\/06\/03\/el-mercado-laboral-continua-estatico-y-el-desempleo-alcanza-al-9-de-los-uruguayos\/","title":{"rendered":"El mercado laboral contin\u00faa est\u00e1tico y el desempleo alcanza al 9% de los uruguayos"},"content":{"rendered":"<p><!-- { REGION4 --> <\/p>\n<header class=\"news-headline\" readability=\"0.91284403669725\">\n<div class=\"news-headline__topics-and-date-wrapper\"> <span class=\"news-headline__publication-date\"> 3 de junio 2024 &#8211; 17:01 <\/span><\/div>\n<h2 class=\"news-headline__article-summary\" readability=\"22\">\n<p class=\"ignore-parser\">La actividad y la tasa de empleo retrocedieron levemente en abril con respecto a marzo.<\/p>\n<\/h2>\n<\/header>\n<div class=\"detail-highlighted-multimedia content-protected-false\">\n<figure class=\"detail-highlighted-multimedia__figure\"> <img data-recalc-dims=\"1\" loading=\"lazy\" decoding=\"async\" src=\"https:\/\/i0.wp.com\/media.ambito.com\/p\/a5007fe3bf4377c075b2415376f2137a\/adjuntos\/351\/imagenes\/041\/557\/0041557992\/655x368\/smart\/desempleada-desempleo.jpg?resize=640%2C360&#038;ssl=1\" class=\"detail-highlighted-multimedia__figure-img img-fluid\" alt=\"La tasa de desmpleo se mantuvo igual en abril.\" width=\"640\" height=\"360\"><figcaption class=\"detail-highlighted-multimedia__figcaption\" readability=\"-24\"> <span class=\"detail-highlighted-multimedia__copyright\">Foto: Freepik<\/span><\/figcaption><\/figure>\n<\/div>\n<article class=\"article-body article-body--first-paragraph content-protected-false\" data-td-script-src=\"https:\/\/www.ambito.com\/td\/modulos\/encuestas\/js\/function-embeds-min-version-1717214868.js\" readability=\"31.634482758621\">\n<p>El mercado laboral permanece est\u00e1tico, registrando leves retrocesos en la actividad y la tasa de empleo, mientras que <a href=\"https:\/\/www.ambito.com\/uruguay\/el-desempleo-trepo-al-9-nivel-pais-n5993939\" target=\"_blank\" rel=\"follow noopener\">el <strong>desempleo<\/strong><\/a> sigue alcanzando al 9% de los uruguayos, tal y como se hab\u00eda registrado en el mes de marzo, seg\u00fan estimaciones del <strong>Instituto Nacional de Estad\u00edstica (INE)<\/strong>.<\/p>\n<\/article>\n<article class=\"article-body article-body--second-paragraph content-protected-false\" readability=\"33.153526970954\">\n<p>De acuerdo al \u00faltimo bolet\u00edn t\u00e9cnico de <strong>&#8220;Actividad, Empleo y Desempleo&#8221;<\/strong> elaborado por <a href=\"https:\/\/www.ambito.com\/uruguay\/el-costo-la-construccion-viviendas-se-mantuvo-estable-noviembre-n5908676\" target=\"_blank\" rel=\"follow noopener\">el INE<\/a> y correspondiente al mes de abril, la tasa de actividad se situ\u00f3 en el 64,1%, la de empleo en el 58,3% y la de <strong>desempleo<\/strong> en el ya mencionado 9%.<\/p>\n<\/article>\n<section class=\"related-news\"> <span class=\"related-news__title\">Informate m\u00e1s<\/span> <\/p>\n<div class=\"row row--eq-height\">\n<div class=\"col-12 col-md-6\">\n<article class=\"news-article news-article--landscape-news news-article--landscape-news\">\n<figure class=\"news-article__figure figure\"> <a href=\"https:\/\/www.ambito.com\/uruguay\/el-desempleo-trepo-al-9-nivel-pais-n5993939\" target title=\"\u00e1mbito.com | El desempleo trep\u00f3 al 9% a nivel pa\u00eds\" alt=\"\u00e1mbito.com | El desempleo trep\u00f3 al 9% a nivel pa\u00eds\" rel=\"noindex nofollow noreferrer\"> <img loading=\"lazy\" decoding=\"async\" src=\"https:\/\/www.ambito.com\/css-custom\/351\/lazy.svg\" data-td-src-property=\"https:\/\/media.ambito.com\/p\/f9d244dc1f9581e4d082d6c946634dee\/adjuntos\/351\/imagenes\/041\/491\/0041491994\/93x52\/smart\/desempleados-desempleo-entrevista-laboral.jpg\" alt=\"El desempleo aument\u00f3 en Uruguay durante el mes de marzo.\" title=\"El desempleo aument\u00f3 en Uruguay durante el mes de marzo.\" width=\"93\" height=\"52\" class=\"news-article__figure-img figure-img img-fluid\"> <\/a><\/figure>\n<\/article><\/div>\n<div class=\"col-12 col-md-6\">\n<article class=\"news-article news-article--landscape-news news-article--landscape-news\">\n<figure class=\"news-article__figure figure\"> <a href=\"https:\/\/www.ambito.com\/uruguay\/mapa-del-desempleo-hay-departamentos-dos-digitos-y-uno-informalidad-superior-al-50-n5984134\" target title=\"\u00e1mbito.com | Mapa del desempleo: hay departamentos con dos d\u00edgitos y uno con informalidad superior al 50%\" alt=\"\u00e1mbito.com | Mapa del desempleo: hay departamentos con dos d\u00edgitos y uno con informalidad superior al 50%\" rel=\"noindex nofollow noreferrer\"> <img loading=\"lazy\" decoding=\"async\" src=\"https:\/\/www.ambito.com\/css-custom\/351\/lazy.svg\" data-td-src-property=\"https:\/\/media.ambito.com\/p\/b5d1350ddbaa79b895a2c8c8d08c7734\/adjuntos\/351\/imagenes\/041\/453\/0041453457\/93x52\/smart\/desempleojpg.jpg\" alt=\"El desempleo crece en algunos departamentos y se ubica por encima del promedio nacional, llegando a dos d\u00edgitos.\" title=\"El desempleo crece en algunos departamentos y se ubica por encima del promedio nacional, llegando a dos d\u00edgitos.\" width=\"93\" height=\"52\" class=\"news-article__figure-img figure-img img-fluid\"> <\/a><\/figure>\n<\/article><\/div>\n<\/div>\n<\/section>\n<article class=\"article-body article-body--third-paragraph content-protected-false\" readability=\"31\">\n<p> Esto implica que de los casi 1,88 millones ciudadanos activos en el mercado laboral, m\u00e1s de 1,71 millones de los mismos se encuentran ocupados y 168.700 no consiguen empleo.<\/p>\n<\/article>\n<article class=\"article-body article-body--fourth-paragraph content-protected-false\" readability=\"36\">\n<p>La tasa de <strong>desempleo<\/strong> es a\u00fan m\u00e1s alta en el <strong>interior<\/strong> del pa\u00eds, ya que esta alcanza el 9,9%. A su vez, tambi\u00e9n son m\u00e1s bajas la tasas de actividad y empleo con respecto al promedio del pa\u00eds, con el 63,6% y 57,3%, respectivamente.<\/p>\n<\/article>\n<article class=\"article-body article-body--remaining-paragraph content-protected-false\" readability=\"50.799422799423\">\n<p>En <strong>Montevideo<\/strong> el panorama es un poco m\u00e1s din\u00e1mico, puesto que la tasa de actividad se posicion\u00f3 en el 64,9% y la de empleo en el 60,0%, ambas por encima del promedio nacional, mientras que la de <strong>desempleo<\/strong> estuvo por debajo, en el 7,6%.<\/p>\n<h2>La informalidad laboral registra un leve descenso en 2024<\/h2>\n<p>En el <strong>Uruguay<\/strong>, se estima que del 58,3% de las personas empleadas, un 9,4% de ellas se encuentra en una situaci\u00f3n de subempleo, mientras que el 21,3% no presenta registro en la <a href=\"https:\/\/www.ambito.com\/uruguay\/la-union-exportadores-y-el-pit-cnt-se-reunen-el-plebiscito-la-seguridad-social-fondo-n6008961\" target=\"_blank\" rel=\"follow noopener\">seguridad social<\/a>.<\/p>\n<p>Asimismo, la estimaci\u00f3n del n\u00famero de personas ocupadas ausentes en abril se situ\u00f3 en el 7,2%, mientras que el promedio de horas trabajadas en la ocupaci\u00f3n principal se estim\u00f3 en el 34,7%.<\/p>\n<div contenteditable=\"false\" class=\"embed_cont type_imagen\" id=\"7941354-Libre-96085543_wrap\">\n<p>INE.jpg <span onclick=\"parent.parent.TinyMCETdcuerpo.preview_embed('7941354-Libre-96085543')\" class=\"embed_colapse less\" id=\"7941354-Libre-96085543_colapse\"><\/span> <span onclick=\"parent.parent.TinyMCETdcuerpo.delete_embed('7941354-Libre-96085543')\" class=\"embed_delete less\" id=\"7941354-Libre-96085543_delete\"><\/span><\/p>\n<div id=\"7941354-Libre-96085543_content\" class=\"embed_content\"><img decoding=\"async\" src=\"https:\/\/www.ambito.com\/css-custom\/351\/lazy.svg\" data-td-src-property=\"https:\/\/media.ambito.com\/p\/bb7aa02e293f59beac6aeeb5ec8e86a2\/adjuntos\/351\/imagenes\/041\/558\/0041558003\/730x0\/smart\/inejpg.jpg\" alt title width=\"730\" height=\"undefined\" id=\"7941354-Libre-96085543_embed\"><\/div>\n<\/p><\/div>\n<\/article>\n<p> <!-- REGION4 } --> <\/p>\n","protected":false},"excerpt":{"rendered":"<p>3 de junio 2024 &#8211; 17:01 La actividad y la tasa de empleo retrocedieron levemente en abril con respecto a marzo. Foto: Freepik El mercado laboral permanece est\u00e1tico, registrando leves retrocesos en la actividad y la tasa de empleo, mientras que el desempleo sigue alcanzando al 9% de los uruguayos, tal y como se hab\u00eda [&hellip;]<\/p>\n","protected":false},"author":2,"featured_media":7173,"comment_status":"closed","ping_status":"closed","sticky":false,"template":"","format":"standard","meta":{"jetpack_post_was_ever_published":false,"_jetpack_newsletter_access":"","_jetpack_dont_email_post_to_subs":false,"_jetpack_newsletter_tier_id":0,"_jetpack_memberships_contains_paywalled_content":false,"_jetpack_memberships_contains_paid_content":false,"footnotes":"","jetpack_publicize_message":"","jetpack_publicize_feature_enabled":true,"jetpack_social_post_already_shared":true,"jetpack_social_options":{"image_generator_settings":{"template":"highway","enabled":false},"version":2}},"categories":[20],"tags":[],"class_list":["post-7172","post","type-post","status-publish","format-standard","has-post-thumbnail","hentry","category-mundo"],"jetpack_publicize_connections":[],"jetpack_featured_media_url":"https:\/\/i0.wp.com\/infolanus.com\/wp-content\/uploads\/2024\/06\/el-mercado-laboral-continua-estatico-y-el-desempleo-alcanza-al-9-de-los-uruguayos.jpg?fit=655%2C368&ssl=1","jetpack_sharing_enabled":true,"jetpack_shortlink":"https:\/\/wp.me\/p9QtMr-1RG","_links":{"self":[{"href":"https:\/\/infolanus.com\/index.php\/wp-json\/wp\/v2\/posts\/7172","targetHints":{"allow":["GET"]}}],"collection":[{"href":"https:\/\/infolanus.com\/index.php\/wp-json\/wp\/v2\/posts"}],"about":[{"href":"https:\/\/infolanus.com\/index.php\/wp-json\/wp\/v2\/types\/post"}],"author":[{"embeddable":true,"href":"https:\/\/infolanus.com\/index.php\/wp-json\/wp\/v2\/users\/2"}],"replies":[{"embeddable":true,"href":"https:\/\/infolanus.com\/index.php\/wp-json\/wp\/v2\/comments?post=7172"}],"version-history":[{"count":0,"href":"https:\/\/infolanus.com\/index.php\/wp-json\/wp\/v2\/posts\/7172\/revisions"}],"wp:featuredmedia":[{"embeddable":true,"href":"https:\/\/infolanus.com\/index.php\/wp-json\/wp\/v2\/media\/7173"}],"wp:attachment":[{"href":"https:\/\/infolanus.com\/index.php\/wp-json\/wp\/v2\/media?parent=7172"}],"wp:term":[{"taxonomy":"category","embeddable":true,"href":"https:\/\/infolanus.com\/index.php\/wp-json\/wp\/v2\/categories?post=7172"},{"taxonomy":"post_tag","embeddable":true,"href":"https:\/\/infolanus.com\/index.php\/wp-json\/wp\/v2\/tags?post=7172"}],"curies":[{"name":"wp","href":"https:\/\/api.w.org\/{rel}","templated":true}]}}