{"id":7180,"date":"2024-06-05T10:30:42","date_gmt":"2024-06-05T13:30:42","guid":{"rendered":"https:\/\/infolanus.com\/index.php\/2024\/06\/05\/cerro-una-temporada-mas-de-pesca-deportiva-en-rio-negro-y-neuquen\/"},"modified":"2024-06-05T10:30:42","modified_gmt":"2024-06-05T13:30:42","slug":"cerro-una-temporada-mas-de-pesca-deportiva-en-rio-negro-y-neuquen","status":"publish","type":"post","link":"https:\/\/infolanus.com\/index.php\/2024\/06\/05\/cerro-una-temporada-mas-de-pesca-deportiva-en-rio-negro-y-neuquen\/","title":{"rendered":"Cerr\u00f3 una temporada m\u00e1s de Pesca Deportiva en R\u00edo Negro y Neuqu\u00e9n"},"content":{"rendered":"<div class=\"media_block\"><\/div>\n<p><strong>Finaliz\u00f3 el pasado viernes 31 de mayo la temporada de pesca 2023-2024 en la Patagonia Argentina<\/strong>, y tanto desde la Direcci\u00f3n de Pesca Continental Deportiva de R\u00edo Negro, dependiente del Ministerio de Desarrollo Econ\u00f3mico y Productivo como la Polic\u00eda Rural de R\u00edo Negro y la Direcci\u00f3n de Fauna de Neuqu\u00e9n, realizaron un balance de lo que fue un trabajo en conjunto donde se unieron esfuerzos para llevar a cabo controles intensivos en los ambientes acu\u00e1ticos compartidos por ambas provincias.<\/p>\n<p><img data-recalc-dims=\"1\" decoding=\"async\" alt=\"0406_truchas\" src=\"https:\/\/i0.wp.com\/fotos.perfil.com\/\/2024\/06\/04\/900\/0\/0406truchas-1813102.jpg?w=640&#038;ssl=1\"><\/p>\n<p>La coordinaci\u00f3n general estuvo a cargo del cuerpo de guardafaunas de Neuqu\u00e9n y la Gerencia de la Mesa de Pesca del Alto Valle. <strong>Se realizaron simult\u00e1neamente inspecciones en diversos cuerpos de agua, incluyendo el Embalse Pichi Pic\u00fan Leufu, Embalse Piedra del \u00c1guila y distintas zonas del R\u00edo Limay<\/strong> (Zona 1, Zona 2 y Zona 3). Para estos operativos se utilizaron tres m\u00f3viles, una embarcaci\u00f3n y once guardafaunas de Neuqu\u00e9n, un m\u00f3vil y dos guardapescas de R\u00edo Negro y un m\u00f3vil y dos agentes de la Polic\u00eda Rural de R\u00edo Negro del departamento de El Cuy.<\/p>\n<p><img data-recalc-dims=\"1\" decoding=\"async\" alt=\"0111_truchas\" src=\"https:\/\/i0.wp.com\/fotos.perfil.com\/\/2023\/11\/01\/900\/0\/0111truchas-1688110.jpg?w=640&#038;ssl=1\"><\/p>\n<p>Seg\u00fan se\u00f1alan,<strong> los operativos se desarrollaron con total normalidad y, afortunadamente, se labraron pocas actas de infracci\u00f3n,<\/strong> todas de car\u00e1cter leve y sin sacrificio de ejemplares de trucha, a pesar de la gran cantidad de pescadores presentes en los distintos lugares de pesca.<\/p>\n<p>Cabe destacar que, <strong>con el cierre de la temporada, solo algunas \u00e1reas espec\u00edficas de car\u00e1cter de lagos artificiales, permanecen habilitadas<\/strong> para la actividad piscatoria, mientras que la mayor\u00eda de los ambientes acu\u00e1ticos inician su etapa de veda. Recomiendan verificar la habilitaci\u00f3n de los lugares de pesca antes de planificar cualquier actividad, siendo importante visitar, para m\u00e1s informaci\u00f3n, el <a target=\"_blank\" href=\"http:\/\/www.reglamentodepesca.org.ar\/\" rel=\"noopener\">Reglamento de Pesca<\/a>.&nbsp;<\/p>\n<div class=\"col-12\">\n<h3>Galer\u00eda de im\u00e1genes<\/h3>\n<\/p><\/div>\n<p> <noscript><a href=\"https:\/\/ads.us.e-planning.net\/ei\/3\/259a6\/articulo\/teads?it=i&amp;rnd=$RANDOM\" target=\"_blank\" rel=\"noopener\"><img loading=\"lazy\" decoding=\"async\" width=\"1\" height=\"1\" alt=\"e-planning ad\" src=\"https:\/\/ads.us.e-planning.net\/eb\/3\/259a6\/articulo\/teads?o=i&amp;rnd=$RANDOM\" border=\"0\"><\/a><\/noscript> <\/p>\n","protected":false},"excerpt":{"rendered":"<p>Finaliz\u00f3 el pasado viernes 31 de mayo la temporada de pesca 2023-2024 en la Patagonia Argentina, y tanto desde la Direcci\u00f3n de Pesca Continental Deportiva de R\u00edo Negro, dependiente del Ministerio de Desarrollo Econ\u00f3mico y Productivo como la Polic\u00eda Rural de R\u00edo Negro y la Direcci\u00f3n de Fauna de Neuqu\u00e9n, realizaron un balance de lo [&hellip;]<\/p>\n","protected":false},"author":2,"featured_media":7181,"comment_status":"closed","ping_status":"closed","sticky":false,"template":"","format":"standard","meta":{"jetpack_post_was_ever_published":false,"_jetpack_newsletter_access":"","_jetpack_dont_email_post_to_subs":false,"_jetpack_newsletter_tier_id":0,"_jetpack_memberships_contains_paywalled_content":false,"_jetpack_memberships_contains_paid_content":false,"footnotes":"","jetpack_publicize_message":"","jetpack_publicize_feature_enabled":true,"jetpack_social_post_already_shared":true,"jetpack_social_options":{"image_generator_settings":{"template":"highway","enabled":false},"version":2}},"categories":[17],"tags":[],"class_list":["post-7180","post","type-post","status-publish","format-standard","has-post-thumbnail","hentry","category-deportes"],"jetpack_publicize_connections":[],"jetpack_featured_media_url":"https:\/\/i0.wp.com\/infolanus.com\/wp-content\/uploads\/2024\/06\/cerro-una-temporada-mas-de-pesca-deportiva-en-rio-negro-y-neuquen.jpg?fit=900%2C506&ssl=1","jetpack_sharing_enabled":true,"jetpack_shortlink":"https:\/\/wp.me\/p9QtMr-1RO","_links":{"self":[{"href":"https:\/\/infolanus.com\/index.php\/wp-json\/wp\/v2\/posts\/7180","targetHints":{"allow":["GET"]}}],"collection":[{"href":"https:\/\/infolanus.com\/index.php\/wp-json\/wp\/v2\/posts"}],"about":[{"href":"https:\/\/infolanus.com\/index.php\/wp-json\/wp\/v2\/types\/post"}],"author":[{"embeddable":true,"href":"https:\/\/infolanus.com\/index.php\/wp-json\/wp\/v2\/users\/2"}],"replies":[{"embeddable":true,"href":"https:\/\/infolanus.com\/index.php\/wp-json\/wp\/v2\/comments?post=7180"}],"version-history":[{"count":0,"href":"https:\/\/infolanus.com\/index.php\/wp-json\/wp\/v2\/posts\/7180\/revisions"}],"wp:featuredmedia":[{"embeddable":true,"href":"https:\/\/infolanus.com\/index.php\/wp-json\/wp\/v2\/media\/7181"}],"wp:attachment":[{"href":"https:\/\/infolanus.com\/index.php\/wp-json\/wp\/v2\/media?parent=7180"}],"wp:term":[{"taxonomy":"category","embeddable":true,"href":"https:\/\/infolanus.com\/index.php\/wp-json\/wp\/v2\/categories?post=7180"},{"taxonomy":"post_tag","embeddable":true,"href":"https:\/\/infolanus.com\/index.php\/wp-json\/wp\/v2\/tags?post=7180"}],"curies":[{"name":"wp","href":"https:\/\/api.w.org\/{rel}","templated":true}]}}