{"id":7200,"date":"2024-06-07T11:30:00","date_gmt":"2024-06-07T14:30:00","guid":{"rendered":"https:\/\/www.ambito.com\/uruguay\/el-mercado-reduce-la-expectativa-un-recorte-la-fed-setiembre-n6011585"},"modified":"2024-06-07T11:30:00","modified_gmt":"2024-06-07T14:30:00","slug":"el-mercado-reduce-la-expectativa-de-un-recorte-de-la-fed-en-setiembre","status":"publish","type":"post","link":"https:\/\/infolanus.com\/index.php\/2024\/06\/07\/el-mercado-reduce-la-expectativa-de-un-recorte-de-la-fed-en-setiembre\/","title":{"rendered":"El mercado reduce la expectativa de un recorte de la Fed en setiembre"},"content":{"rendered":"<div><img data-recalc-dims=\"1\" decoding=\"async\" src=\"https:\/\/i0.wp.com\/media.ambito.com\/p\/a7e8300389b3660f70a002ba23db82a3\/adjuntos\/351\/imagenes\/040\/678\/0040678974\/1200x675\/smart\/reserva-federal-estados-unidos.jpg?w=640&#038;ssl=1\" class=\"ff-og-image-inserted\"><\/div>\n<div id>\n<p>Los inversores redujeron este viernes las apuestas a que la <strong>Reserva Federal de los Estados Unidos (Fed)<\/strong> recortar\u00e1 las tasas de inter\u00e9s antes de setiembre, despu\u00e9s de que un informe del Gobierno estadounidense mostrara que se crearon en mayo <a href=\"https:\/\/www.ambito.com\/uruguay\/el-dolar-global-cae-minimos-dos-meses-causa-datos-economicos-eeuu-n6011511\" target=\"_blank\" rel=\"follow noopener\">muchos m\u00e1s puestos de <strong>trabajo<\/strong> de lo esperado<\/a>.<\/p>\n<\/div>\n<div id>\n<p> Los futuros de tasas de la <strong>Fed<\/strong> implican s\u00f3lo un 52% de probabilidades de un recorte de tipos para setiembre luego de la difusi\u00f3n del informe que mostr\u00f3 que los empresarios a\u00f1adieron 272.000 puestos de trabajo el mes pasado.<\/p>\n<\/div>\n<div id>\n<p> Antes del reporte, los contratos de futuros que se ajustan a la<a href=\"https:\/\/www.ambito.com\/uruguay\/tres-efectos-que-tendra-la-decision-la-fed-mantener-altas-sus-tasas-n5991705\" target=\"_blank\" rel=\"follow noopener\"> tasa de inter\u00e9s oficial de la <strong>Reserva Federal<\/strong><\/a> mostraban un 69% de probabilidades de que se produjera un recorte de las tasas de inter\u00e9s desde el rango actual del 5,25%-5,5% en setiembre, frente a un 31% de que la primera baja se realizara a fines de a\u00f1o.<\/p>\n<h2><strong> \u00bfC\u00f3mo impacta en Uruguay la pol\u00edtica de la Reserva Federal?<\/strong><\/h2>\n<p>El mantenimiento de los tipos de inter\u00e9s altos por parte de la <strong>Reserva Federal<\/strong> tiene tres consecuencias sobre el mercado financiero del <strong>Uruguay<\/strong>, afectando el tipo de cambio, las inversiones y los bonos globales en d\u00f3lares.<\/p>\n<p>Los rendimientos en d\u00f3lares altos suelen generar m\u00e1s demanda del billete verde, lo que hace subir su valor a nivel global, repercutiendo tambi\u00e9n en el mercado cambiario local.<\/p>\n<p>Las inversiones tambi\u00e9n pueden verse impactadas por un <strong>d\u00f3lar<\/strong> fuerte como consecuencia de las altas tasas de inter\u00e9s en Estados Unidos, ya que la divisa resurge como activo de refugio de valor. En contrapartida, los <strong>mercados emergentes<\/strong> se vuelven menos atractivos, lo que genera no solo una menor llegada de inversiones, sino que tambi\u00e9n puede desencadenar salidas de capital.<\/p>\n<p>El mantenimiento de tasas parte de la <strong>Fed<\/strong> tiene su correlato tambi\u00e9n en un aumento de los bonos del Tesoro de Estados Unidos (<strong>treasuries<\/strong>). Para <strong>Uruguay<\/strong>, esto significa, un encarecimiento del precio de los activos en d\u00f3lares. Entre ellos, nada m\u00e1s ni nada menos que de la deuda en d\u00f3lares.<\/p>\n<\/p><\/div>\n","protected":false},"excerpt":{"rendered":"<p>Los inversores redujeron este viernes las apuestas a que la Reserva Federal de los Estados Unidos (Fed) recortar\u00e1 las tasas de inter\u00e9s antes de setiembre, despu\u00e9s de que un informe del Gobierno estadounidense mostrara que se crearon en mayo muchos m\u00e1s puestos de trabajo de lo esperado. Los futuros de tasas de la Fed implican [&hellip;]<\/p>\n","protected":false},"author":2,"featured_media":7201,"comment_status":"closed","ping_status":"closed","sticky":false,"template":"","format":"standard","meta":{"jetpack_post_was_ever_published":false,"_jetpack_newsletter_access":"","_jetpack_dont_email_post_to_subs":false,"_jetpack_newsletter_tier_id":0,"_jetpack_memberships_contains_paywalled_content":false,"_jetpack_memberships_contains_paid_content":false,"footnotes":"","jetpack_publicize_message":"","jetpack_publicize_feature_enabled":true,"jetpack_social_post_already_shared":true,"jetpack_social_options":{"image_generator_settings":{"template":"highway","enabled":false},"version":2}},"categories":[20],"tags":[],"class_list":["post-7200","post","type-post","status-publish","format-standard","has-post-thumbnail","hentry","category-mundo"],"jetpack_publicize_connections":[],"jetpack_featured_media_url":"https:\/\/i0.wp.com\/infolanus.com\/wp-content\/uploads\/2024\/06\/el-mercado-reduce-la-expectativa-de-un-recorte-de-la-fed-en-setiembre.jpg?fit=1200%2C675&ssl=1","jetpack_sharing_enabled":true,"jetpack_shortlink":"https:\/\/wp.me\/p9QtMr-1S8","_links":{"self":[{"href":"https:\/\/infolanus.com\/index.php\/wp-json\/wp\/v2\/posts\/7200","targetHints":{"allow":["GET"]}}],"collection":[{"href":"https:\/\/infolanus.com\/index.php\/wp-json\/wp\/v2\/posts"}],"about":[{"href":"https:\/\/infolanus.com\/index.php\/wp-json\/wp\/v2\/types\/post"}],"author":[{"embeddable":true,"href":"https:\/\/infolanus.com\/index.php\/wp-json\/wp\/v2\/users\/2"}],"replies":[{"embeddable":true,"href":"https:\/\/infolanus.com\/index.php\/wp-json\/wp\/v2\/comments?post=7200"}],"version-history":[{"count":0,"href":"https:\/\/infolanus.com\/index.php\/wp-json\/wp\/v2\/posts\/7200\/revisions"}],"wp:featuredmedia":[{"embeddable":true,"href":"https:\/\/infolanus.com\/index.php\/wp-json\/wp\/v2\/media\/7201"}],"wp:attachment":[{"href":"https:\/\/infolanus.com\/index.php\/wp-json\/wp\/v2\/media?parent=7200"}],"wp:term":[{"taxonomy":"category","embeddable":true,"href":"https:\/\/infolanus.com\/index.php\/wp-json\/wp\/v2\/categories?post=7200"},{"taxonomy":"post_tag","embeddable":true,"href":"https:\/\/infolanus.com\/index.php\/wp-json\/wp\/v2\/tags?post=7200"}],"curies":[{"name":"wp","href":"https:\/\/api.w.org\/{rel}","templated":true}]}}