{"id":7205,"date":"2024-06-08T09:12:00","date_gmt":"2024-06-08T12:12:00","guid":{"rendered":"https:\/\/www.ambito.com\/uruguay\/escandalo-astesiano-delgado-habla-operacion-politica-y-el-frente-amplio-define-su-postura-el-lunes-n6011975"},"modified":"2024-06-08T09:12:00","modified_gmt":"2024-06-08T12:12:00","slug":"escandalo-de-astesiano-delgado-habla-de-operacion-politica-y-el-frente-amplio-define-su-postura-el-lunes","status":"publish","type":"post","link":"https:\/\/infolanus.com\/index.php\/2024\/06\/08\/escandalo-de-astesiano-delgado-habla-de-operacion-politica-y-el-frente-amplio-define-su-postura-el-lunes\/","title":{"rendered":"Esc\u00e1ndalo de Astesiano: Delgado habla de &#8220;operaci\u00f3n pol\u00edtica&#8221; y el Frente Amplio define su postura el lunes"},"content":{"rendered":"<div><img data-recalc-dims=\"1\" decoding=\"async\" src=\"https:\/\/i0.wp.com\/media.ambito.com\/p\/cf7b49e7ec2711f160f1105eca948f31\/adjuntos\/351\/imagenes\/041\/415\/0041415757\/1200x675\/smart\/precandidato-presidencial-alvaro-delgado-elecciones-2024.jpg?w=640&#038;ssl=1\" class=\"ff-og-image-inserted\"><\/div>\n<div id>\n<p>El precandidato del <strong>Partido Nacional, \u00c1lvaro Delgado, <\/strong>asegur\u00f3 que el esc\u00e1ndalo desatado por <a href=\"https:\/\/www.ambito.com\/uruguay\/las-claves-del-nuevo-escandalo-torno-lacallepou-n6011451\" target=\"_blank\" rel=\"follow noopener\">los chats filtrados<\/a> entre el presidente <strong>Luis Lacalle Pou <\/strong>y el excustodio <strong>Alejandro Astesiano, <\/strong>\u201cgenera mucha suspicacia\u201d, al considerar que se trata de \u201cuna operaci\u00f3n pol\u00edtica\u201d en plena <strong>campa\u00f1a electoral.<\/strong><\/p>\n<\/p><\/div>\n<div id>\n<p>Para Delgado, <a href=\"https:\/\/www.ambito.com\/uruguay\/siempre-recibo-informacion-afirmo-lacalle-pou-el-espionaje-astesiano-abdala-n6011316\" target=\"_blank\" rel=\"follow noopener\">\u201cel presidente fue muy contundente,<\/a> muy serio y muy claro\u201d con respecto a los <strong>chats, <\/strong>al se\u00f1alar que \u201cel tema hace un a\u00f1o que est\u00e1 en la Justicia\u201d y luego elev\u00f3 el tono al expresar: \u201cNo dejan de sorprenderme las <strong>filtraciones <\/strong>todos los d\u00edas de algo que tendr\u00eda que ser garant\u00eda, como son las carpetas fiscales\u201d.<\/p>\n<\/div>\n<div id>\n<p> \u201cQue aparezcan partes de chat, que no se saben si son ciertos o si est\u00e1n editados, me sorprende. Me genera mucha suspicacia que aparezcan <strong>a 24 d\u00edas de una elecci\u00f3n\u201d,<\/strong> apunt\u00f3 el precandidato blanco en rueda de prensa sobre las derivaciones del <strong>caso Astesiano.<\/strong><\/p>\n<\/p><\/div>\n<div id>\n<p> En esa l\u00ednea, el exsecretario de Presidencia advirti\u00f3: \u201cCreo que hay un juego de <strong>operaci\u00f3n pol\u00edtica. <\/strong>No tengo pruebas as\u00ed que no tengo a qui\u00e9n imput\u00e1rselo, pero me tiene un poco hastiado esta comedia pol\u00edtica electoral de los chat\u201d.<\/p>\n<\/div>\n<div id>\n<p>Por eso, llam\u00f3 a \u201cseguir insistiendo en una campa\u00f1a electoral como merecen los <strong>uruguayos, <\/strong>como estamos acostumbrados\u201d y dispar\u00f3: \u201cNo nos empecemos a acostumbrar de la peor pol\u00edtica de otros pa\u00edses. Vamos a hacer una campa\u00f1a de propuestas\u201d.<\/p>\n<h2>El Frente Amplio se re\u00fane el lunes y advierte que Lacalle Pou \u201csabe m\u00e1s de lo que dice\u201d<\/h2>\n<p>En paralelo, el presidente del <strong>Frente Amplio, Fernando Pereira, <\/strong>anticip\u00f3 que la oposici\u00f3n volver\u00e1 a reunirse el lunes para rediscutir lo que consider\u00f3 \u201cun tema delicado\u201d y tomar resoluciones, mientras insisti\u00f3 en que Lacalle Pou \u201csabe m\u00e1s de lo que dice\u201d, a tono con <a href=\"https:\/\/www.ambito.com\/uruguay\/cosse-y-orsi-pidieron-explicaciones-serias-lacalle-pou-el-escandalo-astesiano-n6011693\" target=\"_blank\" rel=\"follow noopener\">las cr\u00edticas de ese partido.<\/a><\/p>\n<p>Pereira se\u00f1al\u00f3 que \u201cel presidente sab\u00eda que hab\u00eda una acci\u00f3n del jefe de seguridad que iba m\u00e1s all\u00e1 de su tarea&#8221; y, sobre los diferentes esc\u00e1ndalos del gobierno, apunt\u00f3: \u201cHay un conjunto de acciones de gobierno que, desde nuestro punto de vista, van degradando la <strong>institucionalidad <\/strong>de la Rep\u00fablica\u201d.<\/p>\n<p>\u201cInstitucionalmente, es el presidente el que le tiene que decir a todos los <strong>uruguayos <\/strong>qu\u00e9 pas\u00f3, cu\u00e1l fue la conversaci\u00f3n, por qu\u00e9 se lleg\u00f3 a seguir el destino de un dirigente sindical&#8221;, remat\u00f3 el presidente del FA con respecto al espionaje al presidente del <strong>PIT-CNT, Marcelo Abdala <\/strong><\/p>\n<\/p><\/div>\n","protected":false},"excerpt":{"rendered":"<p>El precandidato del Partido Nacional, \u00c1lvaro Delgado, asegur\u00f3 que el esc\u00e1ndalo desatado por los chats filtrados entre el presidente Luis Lacalle Pou y el excustodio Alejandro Astesiano, \u201cgenera mucha suspicacia\u201d, al considerar que se trata de \u201cuna operaci\u00f3n pol\u00edtica\u201d en plena campa\u00f1a electoral. Para Delgado, \u201cel presidente fue muy contundente, muy serio y muy claro\u201d [&hellip;]<\/p>\n","protected":false},"author":2,"featured_media":7206,"comment_status":"closed","ping_status":"closed","sticky":false,"template":"","format":"standard","meta":{"jetpack_post_was_ever_published":false,"_jetpack_newsletter_access":"","_jetpack_dont_email_post_to_subs":false,"_jetpack_newsletter_tier_id":0,"_jetpack_memberships_contains_paywalled_content":false,"_jetpack_memberships_contains_paid_content":false,"footnotes":"","jetpack_publicize_message":"","jetpack_publicize_feature_enabled":true,"jetpack_social_post_already_shared":true,"jetpack_social_options":{"image_generator_settings":{"template":"highway","enabled":false},"version":2}},"categories":[20],"tags":[],"class_list":["post-7205","post","type-post","status-publish","format-standard","has-post-thumbnail","hentry","category-mundo"],"jetpack_publicize_connections":[],"jetpack_featured_media_url":"https:\/\/i0.wp.com\/infolanus.com\/wp-content\/uploads\/2024\/06\/escandalo-de-astesiano-delgado-habla-de-operacion-politica-y-el-frente-amplio-define-su-postura-el-lunes.jpg?fit=1200%2C675&ssl=1","jetpack_sharing_enabled":true,"jetpack_shortlink":"https:\/\/wp.me\/p9QtMr-1Sd","_links":{"self":[{"href":"https:\/\/infolanus.com\/index.php\/wp-json\/wp\/v2\/posts\/7205","targetHints":{"allow":["GET"]}}],"collection":[{"href":"https:\/\/infolanus.com\/index.php\/wp-json\/wp\/v2\/posts"}],"about":[{"href":"https:\/\/infolanus.com\/index.php\/wp-json\/wp\/v2\/types\/post"}],"author":[{"embeddable":true,"href":"https:\/\/infolanus.com\/index.php\/wp-json\/wp\/v2\/users\/2"}],"replies":[{"embeddable":true,"href":"https:\/\/infolanus.com\/index.php\/wp-json\/wp\/v2\/comments?post=7205"}],"version-history":[{"count":0,"href":"https:\/\/infolanus.com\/index.php\/wp-json\/wp\/v2\/posts\/7205\/revisions"}],"wp:featuredmedia":[{"embeddable":true,"href":"https:\/\/infolanus.com\/index.php\/wp-json\/wp\/v2\/media\/7206"}],"wp:attachment":[{"href":"https:\/\/infolanus.com\/index.php\/wp-json\/wp\/v2\/media?parent=7205"}],"wp:term":[{"taxonomy":"category","embeddable":true,"href":"https:\/\/infolanus.com\/index.php\/wp-json\/wp\/v2\/categories?post=7205"},{"taxonomy":"post_tag","embeddable":true,"href":"https:\/\/infolanus.com\/index.php\/wp-json\/wp\/v2\/tags?post=7205"}],"curies":[{"name":"wp","href":"https:\/\/api.w.org\/{rel}","templated":true}]}}