{"id":7216,"date":"2024-06-09T21:19:00","date_gmt":"2024-06-10T00:19:00","guid":{"rendered":"https:\/\/www.ambito.com\/uruguay\/carolina-cosse-aseguro-que-el-oficialismo-solo-piensa-los-malla-oro-n6012438"},"modified":"2024-06-09T21:19:00","modified_gmt":"2024-06-10T00:19:00","slug":"carolina-cosse-aseguro-que-el-oficialismo-solo-piensa-en-los-malla-oro","status":"publish","type":"post","link":"https:\/\/infolanus.com\/index.php\/2024\/06\/09\/carolina-cosse-aseguro-que-el-oficialismo-solo-piensa-en-los-malla-oro\/","title":{"rendered":"Carolina Cosse asegur\u00f3 que el oficialismo solo piensa en los &#8220;malla oro&#8221;"},"content":{"rendered":"<p><!-- { REGION4 --> <\/p>\n<header class=\"news-headline\" readability=\"1.8737541528239\">\n<div class=\"news-headline__topics-and-date-wrapper\"> <span class=\"news-headline__publication-date\"> 9 de junio 2024 &#8211; 21:19 <\/span><\/div>\n<h2 class=\"news-headline__article-summary\" readability=\"24\">\n<p class=\"ignore-parser\">La intendenta de Montevideo y precandidata presidencial por el Frente Amplio respondi\u00f3 a las cr\u00edticas a su gesti\u00f3n efectuadas por el presidenciable nacionalista, \u00c1lvaro Delgado.<\/p>\n<\/h2>\n<\/header>\n<div class=\"detail-highlighted-multimedia content-protected-false\">\n<figure class=\"detail-highlighted-multimedia__figure\"> <img data-recalc-dims=\"1\" loading=\"lazy\" decoding=\"async\" src=\"https:\/\/i0.wp.com\/media.ambito.com\/p\/97da00c6da482933c8a59de5f07e3139\/adjuntos\/351\/imagenes\/041\/519\/0041519676\/655x368\/smart\/precandidata-carolina-cosse.jpg?resize=640%2C360&#038;ssl=1\" class=\"detail-highlighted-multimedia__figure-img img-fluid\" alt=\"Carolina Cosse volvi\u00f3 a cruzarse con \u00c1lvaro Delgado en el marco de la campa\u00f1a.\" width=\"640\" height=\"360\"><figcaption class=\"detail-highlighted-multimedia__figcaption\" readability=\"-24\"> <span class=\"detail-highlighted-multimedia__copyright\">Foto: @CosseCarolina<\/span><\/figcaption><\/figure>\n<\/div>\n<article class=\"article-body article-body--first-paragraph content-protected-false\" data-td-script-src=\"https:\/\/www.ambito.com\/td\/modulos\/encuestas\/js\/function-embeds-min-version-1717301221.js\" readability=\"32.401253918495\">\n<p>La intendenta de <strong>Montevideo<\/strong> en uso de licencia y <strong>precandidata presidencial por el Frente Amplio (FA)<\/strong>, <strong>Carolina Cosse<\/strong>, asegur\u00f3 que el gobierno nacional &#8220;solo piensa en los malla oro&#8221;, luego de que su gesti\u00f3n en el gobierno departamental fuera criticada por el presidenciable del <strong>Partido Nacional (PN)<\/strong>, <strong><a href=\"https:\/\/www.ambito.com\/uruguay\/escandalo-astesiano-delgado-habla-operacion-politica-y-el-frente-amplio-define-su-postura-el-lunes-n6011975\" target=\"_blank\" rel=\"follow noopener\">\u00c1lvaro Delgado<\/a><\/strong>.<\/p>\n<\/article>\n<article class=\"article-body article-body--second-paragraph content-protected-false\" readability=\"30.563591022444\">\n<p><strong>Delgado<\/strong> hab\u00eda dicho el pasado s\u00e1bado en un acto de la lista 404 que &#8220;no pudo terminar ver&#8221; el spot que <strong>Cosse<\/strong> le dedic\u00f3 hablando de <strong><a href=\"https:\/\/www.ambito.com\/uruguay\/manini-rios-pidio-firmeza-al-gobierno-materia-seguridad-publica-n6012347\" target=\"_blank\" rel=\"follow noopener\">seguridad p\u00fablica<\/a><\/strong>, ya que &#8220;tropez\u00f3 con tres baldosas flojas en la vereda&#8221; y &#8220;casi se cae arriba de una bolsa de basura que estaba fuera de un contenedor&#8221;. &#8220;Para hablar de algunas cosas hay que tener autoridad moral y un poco de autocr\u00edtica&#8221;, concluy\u00f3 al respecto.<\/p>\n<\/article>\n<section class=\"related-news\"><span class=\"related-news__title\"> Informate m\u00e1s<\/span> <\/p>\n<div class=\"row row--eq-height\">\n<div class=\"col-12 col-md-6\">\n<article class=\"news-article news-article--landscape-news news-article--landscape-news\">\n<figure class=\"news-article__figure figure\"> <a href=\"https:\/\/www.ambito.com\/uruguay\/cosse-lanza-una-agenda-cuidados-mas-licencias-parentales-y-guarderias-n6010159\" target title=\"\u00e1mbito.com | Cosse lanza una agenda de cuidados con m\u00e1s licencias parentales y guarder\u00edas\" alt=\"\u00e1mbito.com | Cosse lanza una agenda de cuidados con m\u00e1s licencias parentales y guarder\u00edas\" rel=\"noindex nofollow noreferrer\"> <img loading=\"lazy\" decoding=\"async\" src=\"https:\/\/www.ambito.com\/css-custom\/351\/lazy.svg\" data-td-src-property=\"https:\/\/media.ambito.com\/p\/035047cdd9020d982b7d4110defb10bc\/adjuntos\/351\/imagenes\/041\/538\/0041538843\/93x52\/smart\/precandidata-carolina-cosse.jpg\" alt=\"Carolina Cosse present\u00f3 una agenda con pol\u00edticas de cuidado para Uruguay.\" title=\"Carolina Cosse present\u00f3 una agenda con pol\u00edticas de cuidado para Uruguay.\" width=\"93\" height=\"52\" class=\"news-article__figure-img figure-img img-fluid\"> <\/a><\/figure>\n<\/article><\/div>\n<div class=\"col-12 col-md-6\">\n<article class=\"news-article news-article--landscape-news news-article--landscape-news\">\n<figure class=\"news-article__figure figure\"> <a href=\"https:\/\/www.ambito.com\/uruguay\/robert-silva-y-un-paralelismo-argentina-comparo-cosse-cristina-y-orsi-alberto-n6008817\" target title=\"\u00e1mbito.com | Robert Silva y un paralelismo con Argentina: compar\u00f3 a Cosse con Cristina y a Orsi con Alberto\" alt=\"\u00e1mbito.com | Robert Silva y un paralelismo con Argentina: compar\u00f3 a Cosse con Cristina y a Orsi con Alberto\" rel=\"noindex nofollow noreferrer\"> <img loading=\"lazy\" decoding=\"async\" src=\"https:\/\/www.ambito.com\/css-custom\/351\/lazy.svg\" data-td-src-property=\"https:\/\/media.ambito.com\/p\/fa18455538916d16caa7b278365fb3f1\/adjuntos\/351\/imagenes\/041\/303\/0041303121\/93x52\/smart\/precandidato-robert-silva.jpg\" alt=\"Robert Silva, precandidato por el Partido Colorado.\" title=\"Robert Silva, precandidato por el Partido Colorado.\" width=\"93\" height=\"52\" class=\"news-article__figure-img figure-img img-fluid\"> <\/a><\/figure>\n<\/article><\/div>\n<\/div>\n<\/section>\n<article class=\"article-body article-body--third-paragraph content-protected-false\" readability=\"30\">\n<p> Por su parte, <strong>Cosse<\/strong> recogi\u00f3 el guante y afirm\u00f3 por medio de X (antes Twitter) que las bolsas de basura que <strong>Delgado<\/strong> ve fuera de los contenedores se deben a &#8220;las 3.000 personas en situaci\u00f3n de calle que hay gracias a que en su gobierno solo se piensa en los malla oro&#8221;.<\/p>\n<\/article>\n<article class=\"article-body article-body--fourth-paragraph content-protected-false\" readability=\"31\">\n<p>Asimismo, lanz\u00f3 con iron\u00eda que el problema de la basura &#8220;se arregla llamando 092250560&#8221; \u2014n\u00famero de la <strong>Intendencia de Montevideo<\/strong> para atender estas cuestiones\u2014, pero que &#8220;lo otro se cambia votando al Frente Amplio&#8221;.<\/p>\n<\/article>\n<article class=\"article-body article-body--remaining-paragraph content-protected-false\" readability=\"40.46293494705\">\n<p>En su spot, la jerarca capitalina suger\u00eda al gobierno actuar &#8220;ahora&#8221; en materia de seguridad, y no hacer campa\u00f1a con el tema a trav\u00e9s de sus precandidatos presidenciales.<\/p>\n<h2>Mart\u00edn Lema se sum\u00f3 a las cr\u00edticas a los gobiernos del Frente Amplio en Montevideo<\/h2>\n<p>Por otro lado, el <strong><a href=\"https:\/\/www.ambito.com\/uruguay\/martin-lema-sostuvo-que-el-frente-amplio-quiere-que-al-pais-le-vaya-mal-n6012401\" target=\"_blank\" rel=\"follow noopener\">exministro de Desarrollo Social (Mides)<\/a><\/strong>, <strong> Mart\u00edn Lema<\/strong>, quien se perfila como candidato a intendente de Montevideo por el lema Coalici\u00f3n Republicana, tambi\u00e9n critic\u00f3 a la frenteamplista.<\/p>\n<p>A trav\u00e9s de X, Lema se\u00f1al\u00f3: &#8220;Hay que tener mucha bajeza para culpar a los m\u00e1s vulnerables de 35 a\u00f1os de inoperancia&#8221;, en referencia a los sucesivos gobiernos del FA en la capital del pa\u00eds.<\/p>\n<\/article>\n<p> <!-- REGION4 } --> <\/p>\n","protected":false},"excerpt":{"rendered":"<p>9 de junio 2024 &#8211; 21:19 La intendenta de Montevideo y precandidata presidencial por el Frente Amplio respondi\u00f3 a las cr\u00edticas a su gesti\u00f3n efectuadas por el presidenciable nacionalista, \u00c1lvaro Delgado. Foto: @CosseCarolina La intendenta de Montevideo en uso de licencia y precandidata presidencial por el Frente Amplio (FA), Carolina Cosse, asegur\u00f3 que el gobierno [&hellip;]<\/p>\n","protected":false},"author":2,"featured_media":7217,"comment_status":"closed","ping_status":"closed","sticky":false,"template":"","format":"standard","meta":{"jetpack_post_was_ever_published":false,"_jetpack_newsletter_access":"","_jetpack_dont_email_post_to_subs":false,"_jetpack_newsletter_tier_id":0,"_jetpack_memberships_contains_paywalled_content":false,"_jetpack_memberships_contains_paid_content":false,"footnotes":"","jetpack_publicize_message":"","jetpack_publicize_feature_enabled":true,"jetpack_social_post_already_shared":true,"jetpack_social_options":{"image_generator_settings":{"template":"highway","enabled":false},"version":2}},"categories":[20],"tags":[],"class_list":["post-7216","post","type-post","status-publish","format-standard","has-post-thumbnail","hentry","category-mundo"],"jetpack_publicize_connections":[],"jetpack_featured_media_url":"https:\/\/i0.wp.com\/infolanus.com\/wp-content\/uploads\/2024\/06\/carolina-cosse-aseguro-que-el-oficialismo-solo-piensa-en-los-malla-oro.jpg?fit=655%2C368&ssl=1","jetpack_sharing_enabled":true,"jetpack_shortlink":"https:\/\/wp.me\/p9QtMr-1So","_links":{"self":[{"href":"https:\/\/infolanus.com\/index.php\/wp-json\/wp\/v2\/posts\/7216","targetHints":{"allow":["GET"]}}],"collection":[{"href":"https:\/\/infolanus.com\/index.php\/wp-json\/wp\/v2\/posts"}],"about":[{"href":"https:\/\/infolanus.com\/index.php\/wp-json\/wp\/v2\/types\/post"}],"author":[{"embeddable":true,"href":"https:\/\/infolanus.com\/index.php\/wp-json\/wp\/v2\/users\/2"}],"replies":[{"embeddable":true,"href":"https:\/\/infolanus.com\/index.php\/wp-json\/wp\/v2\/comments?post=7216"}],"version-history":[{"count":0,"href":"https:\/\/infolanus.com\/index.php\/wp-json\/wp\/v2\/posts\/7216\/revisions"}],"wp:featuredmedia":[{"embeddable":true,"href":"https:\/\/infolanus.com\/index.php\/wp-json\/wp\/v2\/media\/7217"}],"wp:attachment":[{"href":"https:\/\/infolanus.com\/index.php\/wp-json\/wp\/v2\/media?parent=7216"}],"wp:term":[{"taxonomy":"category","embeddable":true,"href":"https:\/\/infolanus.com\/index.php\/wp-json\/wp\/v2\/categories?post=7216"},{"taxonomy":"post_tag","embeddable":true,"href":"https:\/\/infolanus.com\/index.php\/wp-json\/wp\/v2\/tags?post=7216"}],"curies":[{"name":"wp","href":"https:\/\/api.w.org\/{rel}","templated":true}]}}