{"id":7220,"date":"2024-06-10T19:36:17","date_gmt":"2024-06-10T22:36:17","guid":{"rendered":"https:\/\/www.inforegion.com.ar\/?p=306036"},"modified":"2024-06-10T19:36:17","modified_gmt":"2024-06-10T22:36:17","slug":"allanan-en-lanus-un-desarmadero-que-vendia-autopartes-robadas","status":"publish","type":"post","link":"https:\/\/infolanus.com\/index.php\/2024\/06\/10\/allanan-en-lanus-un-desarmadero-que-vendia-autopartes-robadas\/","title":{"rendered":"Allanan en Lan\u00fas un desarmadero que vend\u00eda autopartes robadas"},"content":{"rendered":"<div><img data-recalc-dims=\"1\" decoding=\"async\" src=\"https:\/\/i0.wp.com\/www.inforegion.com.ar\/wp-content\/uploads\/2024\/06\/desamadero-Gerli.jpg?w=640&#038;ssl=1\" class=\"ff-og-image-inserted\"><\/div>\n<figure class=\"wp-block-video aligncenter\"><video controls src=\"https:\/\/www.inforegion.com.ar\/wp-content\/uploads\/2024\/06\/desarmadero-clandestino-en-Gerli-1.mp4\"><\/video><\/figure>\n<p>Una investigaci\u00f3n llevada a cabo por la comisar\u00eda Primera de Lan\u00fas de la Polic\u00eda de la provincia de Buenos Aires concluy\u00f3 con la detenci\u00f3n de <strong>una banda que vend\u00eda autopartes en Gerli<\/strong> tras el allanamiento de un desarmadero ilegal sobre la calle Bueras.<\/p>\n<p>La intervenci\u00f3n posibilit\u00f3, tambi\u00e9n, el secuestro de una Volkswagen Saveiro blanca que estuvo involucrada en varios delitos relacionados con el <strong>tr\u00e1fico de autopartes de veh\u00edculos robados de la zona de Lan\u00fas, Quilmes y Berazategui.<\/strong><\/p>\n<p>El lugar, que no posee habilitaci\u00f3n municipal y Registro del Automotor, fue clausurado conforme a la Ley 13.081, con la intervenci\u00f3n de la <strong>Fiscal\u00eda 7 de los tribunales de Avellaneda-Lan\u00fas a cargo de Silvia Bussano.<\/strong><\/p>\n","protected":false},"excerpt":{"rendered":"<p>Una investigaci\u00f3n llevada a cabo por la comisar\u00eda Primera de Lan\u00fas de la Polic\u00eda de la provincia de Buenos Aires concluy\u00f3 con la detenci\u00f3n de una banda que vend\u00eda autopartes en Gerli tras el allanamiento de un desarmadero ilegal sobre la calle Bueras. La intervenci\u00f3n posibilit\u00f3, tambi\u00e9n, el secuestro de una Volkswagen Saveiro blanca que [&hellip;]<\/p>\n","protected":false},"author":2,"featured_media":7221,"comment_status":"closed","ping_status":"closed","sticky":false,"template":"","format":"standard","meta":{"jetpack_post_was_ever_published":false,"_jetpack_newsletter_access":"","_jetpack_dont_email_post_to_subs":false,"_jetpack_newsletter_tier_id":0,"_jetpack_memberships_contains_paywalled_content":false,"_jetpack_memberships_contains_paid_content":false,"footnotes":"","jetpack_publicize_message":"","jetpack_publicize_feature_enabled":true,"jetpack_social_post_already_shared":true,"jetpack_social_options":{"image_generator_settings":{"template":"highway","enabled":false},"version":2}},"categories":[19,547],"tags":[194,773,1701,774,540,23,822],"class_list":["post-7220","post","type-post","status-publish","format-standard","has-post-thumbnail","hentry","category-municipio","category-policiales","tag-allanamiento","tag-centrales","tag-desarmadero","tag-destacadas","tag-gerli","tag-lanus","tag-policiales"],"jetpack_publicize_connections":[],"jetpack_featured_media_url":"https:\/\/i0.wp.com\/infolanus.com\/wp-content\/uploads\/2024\/06\/allanan-en-lanus-un-desarmadero-que-vendia-autopartes-robadas.jpg?fit=1200%2C674&ssl=1","jetpack_sharing_enabled":true,"jetpack_shortlink":"https:\/\/wp.me\/p9QtMr-1Ss","_links":{"self":[{"href":"https:\/\/infolanus.com\/index.php\/wp-json\/wp\/v2\/posts\/7220","targetHints":{"allow":["GET"]}}],"collection":[{"href":"https:\/\/infolanus.com\/index.php\/wp-json\/wp\/v2\/posts"}],"about":[{"href":"https:\/\/infolanus.com\/index.php\/wp-json\/wp\/v2\/types\/post"}],"author":[{"embeddable":true,"href":"https:\/\/infolanus.com\/index.php\/wp-json\/wp\/v2\/users\/2"}],"replies":[{"embeddable":true,"href":"https:\/\/infolanus.com\/index.php\/wp-json\/wp\/v2\/comments?post=7220"}],"version-history":[{"count":0,"href":"https:\/\/infolanus.com\/index.php\/wp-json\/wp\/v2\/posts\/7220\/revisions"}],"wp:featuredmedia":[{"embeddable":true,"href":"https:\/\/infolanus.com\/index.php\/wp-json\/wp\/v2\/media\/7221"}],"wp:attachment":[{"href":"https:\/\/infolanus.com\/index.php\/wp-json\/wp\/v2\/media?parent=7220"}],"wp:term":[{"taxonomy":"category","embeddable":true,"href":"https:\/\/infolanus.com\/index.php\/wp-json\/wp\/v2\/categories?post=7220"},{"taxonomy":"post_tag","embeddable":true,"href":"https:\/\/infolanus.com\/index.php\/wp-json\/wp\/v2\/tags?post=7220"}],"curies":[{"name":"wp","href":"https:\/\/api.w.org\/{rel}","templated":true}]}}