{"id":7232,"date":"2024-06-11T09:21:38","date_gmt":"2024-06-11T12:21:38","guid":{"rendered":"https:\/\/www.inforegion.com.ar\/?p=306067"},"modified":"2024-06-11T09:21:38","modified_gmt":"2024-06-11T12:21:38","slug":"lanus-una-pelea-entre-hermanos-termino-con-un-asesinato-y-un-intento-de-suicidio","status":"publish","type":"post","link":"https:\/\/infolanus.com\/index.php\/2024\/06\/11\/lanus-una-pelea-entre-hermanos-termino-con-un-asesinato-y-un-intento-de-suicidio\/","title":{"rendered":"Lan\u00fas: Una pelea entre hermanos termin\u00f3 con un asesinato y un intento de suicidio"},"content":{"rendered":"<p>Una pelea familiar termin\u00f3 de la peor manera en Lan\u00fas. <strong>Tras la muerte de su padre, dos hermanos se enfrentaron por bienes y uno de ellos termin\u00f3 acribill\u00e1ndolo para luego intentar suicidarse<\/strong>.<\/p>\n<p>Las fuentes precisaron que Carlos, quien ten\u00eda problemas con el consumo de estupefacientes, le dec\u00eda a Osvaldo que lo iba a matar tras la muerte de su padre, en plena discusi\u00f3n por los bienes familiares y la administraci\u00f3n de los mismos. <\/p>\n<p><strong>La v\u00edctima hab\u00eda hecho la denuncia, tras recibir insistentes amenazas, y le impuso una restricci\u00f3n perimetral, pero nada sirvi\u00f3.<\/strong> Termin\u00f3 acribill\u00e1ndolo en plana calle.<\/p>\n<p><strong>El dram\u00e1tico hecho se registr\u00f3 el lunes, a las 17, en el cruce de las calles Burela y Donovan<\/strong>, partido de Lan\u00fas.<\/p>\n<p>Carlos circulaba en bicicleta y logr\u00f3 acercarse a Carlos, quien iba en auto, y le dispar\u00f3. Luego, intent\u00f3 suicidarse dispar\u00e1ndose en la cabeza.<\/p>\n<h2 class=\"wp-block-heading\">Las amenazas<\/h2>\n<p>Todo comenz\u00f3 con amenazas y disparos en la puerta de su casa el viernes. \u201cNo amenaces, <strong>yo te puedo matar hijo de puta. Puedo vivir hasta los 80 a\u00f1os y me como una perpetua<\/strong>\u201c, le dijo a trav\u00e9s de un audio. \u201cNo tengo para comer. Te voy a degollar\u201d, lo amenaz\u00f3.<\/p>\n<p>El s\u00e1bado, le envi\u00f3 otro mensaje: \u201cEl que avisa no traiciona. Vos no las vas a disfrutar, pero vos tampoco\u201d, le dice, y lo amenaza con cortarle el cuello.<\/p>\n<p><strong>\u201cTe voy a cortar el cuello con un cuchillo Tramontina\u201d, le reiter\u00f3 el domingo, horas antes de ir a buscarlo.<\/strong> Cuatro proyectiles impactaron en su hermano y luego se dispar\u00f3 en la cabeza.<\/p>\n<figure class=\"wp-block-image size-large\"><img data-recalc-dims=\"1\" loading=\"lazy\" decoding=\"async\" width=\"640\" height=\"360\" src=\"https:\/\/i0.wp.com\/www.inforegion.com.ar\/wp-content\/uploads\/2024\/06\/lanus1-1024x576.jpg?resize=640%2C360&#038;ssl=1\" alt class=\"wp-image-306073 lazyload\" data-sizes=\"auto\" data-eio-rwidth=\"1024\" data-eio-rheight=\"576\" srcset=\"https:\/\/www.inforegion.com.ar\/wp-content\/uploads\/2024\/06\/lanus1-1024x576.jpg 1024w, https:\/\/www.inforegion.com.ar\/wp-content\/uploads\/2024\/06\/lanus1-300x169.jpg 300w, https:\/\/www.inforegion.com.ar\/wp-content\/uploads\/2024\/06\/lanus1-768x432.jpg 768w, https:\/\/www.inforegion.com.ar\/wp-content\/uploads\/2024\/06\/lanus1-320x180.jpg 320w, https:\/\/www.inforegion.com.ar\/wp-content\/uploads\/2024\/06\/lanus1-480x270.jpg 480w, https:\/\/www.inforegion.com.ar\/wp-content\/uploads\/2024\/06\/lanus1-800x450.jpg 800w, https:\/\/www.inforegion.com.ar\/wp-content\/uploads\/2024\/06\/lanus1-150x83.jpg 150w, https:\/\/www.inforegion.com.ar\/wp-content\/uploads\/2024\/06\/lanus1-335x188.jpg 335w, https:\/\/www.inforegion.com.ar\/wp-content\/uploads\/2024\/06\/lanus1-700x394.jpg 700w, https:\/\/www.inforegion.com.ar\/wp-content\/uploads\/2024\/06\/lanus1-1080x608.jpg 1080w, https:\/\/www.inforegion.com.ar\/wp-content\/uploads\/2024\/06\/lanus1.jpg 1200w\"><noscript><img data-recalc-dims=\"1\" loading=\"lazy\" decoding=\"async\" width=\"640\" height=\"360\" src=\"https:\/\/i0.wp.com\/www.inforegion.com.ar\/wp-content\/uploads\/2024\/06\/lanus1-1024x576.jpg?resize=640%2C360&#038;ssl=1\" alt class=\"wp-image-306073\" srcset=\"https:\/\/www.inforegion.com.ar\/wp-content\/uploads\/2024\/06\/lanus1-1024x576.jpg 1024w, https:\/\/www.inforegion.com.ar\/wp-content\/uploads\/2024\/06\/lanus1-300x169.jpg 300w, https:\/\/www.inforegion.com.ar\/wp-content\/uploads\/2024\/06\/lanus1-768x432.jpg 768w, https:\/\/www.inforegion.com.ar\/wp-content\/uploads\/2024\/06\/lanus1-320x180.jpg 320w, https:\/\/www.inforegion.com.ar\/wp-content\/uploads\/2024\/06\/lanus1-480x270.jpg 480w, https:\/\/www.inforegion.com.ar\/wp-content\/uploads\/2024\/06\/lanus1-800x450.jpg 800w, https:\/\/www.inforegion.com.ar\/wp-content\/uploads\/2024\/06\/lanus1-150x83.jpg 150w, https:\/\/www.inforegion.com.ar\/wp-content\/uploads\/2024\/06\/lanus1-335x188.jpg 335w, https:\/\/www.inforegion.com.ar\/wp-content\/uploads\/2024\/06\/lanus1-700x394.jpg 700w, https:\/\/www.inforegion.com.ar\/wp-content\/uploads\/2024\/06\/lanus1-1080x608.jpg 1080w, https:\/\/www.inforegion.com.ar\/wp-content\/uploads\/2024\/06\/lanus1.jpg 1200w\" sizes=\"auto, (max-width: 1024px) 100vw, 1024px\" data-eio=\"l\"><\/noscript><\/figure>\n","protected":false},"excerpt":{"rendered":"<p>Una pelea familiar termin\u00f3 de la peor manera en Lan\u00fas. Tras la muerte de su padre, dos hermanos se enfrentaron por bienes y uno de ellos termin\u00f3 acribill\u00e1ndolo para luego intentar suicidarse. Las fuentes precisaron que Carlos, quien ten\u00eda problemas con el consumo de estupefacientes, le dec\u00eda a Osvaldo que lo iba a matar tras [&hellip;]<\/p>\n","protected":false},"author":2,"featured_media":7233,"comment_status":"closed","ping_status":"closed","sticky":false,"template":"","format":"standard","meta":{"jetpack_post_was_ever_published":false,"_jetpack_newsletter_access":"","_jetpack_dont_email_post_to_subs":false,"_jetpack_newsletter_tier_id":0,"_jetpack_memberships_contains_paywalled_content":false,"_jetpack_memberships_contains_paid_content":false,"footnotes":"","jetpack_publicize_message":"","jetpack_publicize_feature_enabled":true,"jetpack_social_post_already_shared":true,"jetpack_social_options":{"image_generator_settings":{"template":"highway","enabled":false},"version":2}},"categories":[19,547],"tags":[233,773,774,1702,23,822],"class_list":["post-7232","post","type-post","status-publish","format-standard","has-post-thumbnail","hentry","category-municipio","category-policiales","tag-asesinato","tag-centrales","tag-destacadas","tag-hermanos","tag-lanus","tag-policiales"],"jetpack_publicize_connections":[],"jetpack_featured_media_url":"https:\/\/i0.wp.com\/infolanus.com\/wp-content\/uploads\/2024\/06\/lanus-una-pelea-entre-hermanos-termino-con-un-asesinato-y-un-intento-de-suicidio.jpg?fit=1024%2C576&ssl=1","jetpack_sharing_enabled":true,"jetpack_shortlink":"https:\/\/wp.me\/p9QtMr-1SE","_links":{"self":[{"href":"https:\/\/infolanus.com\/index.php\/wp-json\/wp\/v2\/posts\/7232","targetHints":{"allow":["GET"]}}],"collection":[{"href":"https:\/\/infolanus.com\/index.php\/wp-json\/wp\/v2\/posts"}],"about":[{"href":"https:\/\/infolanus.com\/index.php\/wp-json\/wp\/v2\/types\/post"}],"author":[{"embeddable":true,"href":"https:\/\/infolanus.com\/index.php\/wp-json\/wp\/v2\/users\/2"}],"replies":[{"embeddable":true,"href":"https:\/\/infolanus.com\/index.php\/wp-json\/wp\/v2\/comments?post=7232"}],"version-history":[{"count":0,"href":"https:\/\/infolanus.com\/index.php\/wp-json\/wp\/v2\/posts\/7232\/revisions"}],"wp:featuredmedia":[{"embeddable":true,"href":"https:\/\/infolanus.com\/index.php\/wp-json\/wp\/v2\/media\/7233"}],"wp:attachment":[{"href":"https:\/\/infolanus.com\/index.php\/wp-json\/wp\/v2\/media?parent=7232"}],"wp:term":[{"taxonomy":"category","embeddable":true,"href":"https:\/\/infolanus.com\/index.php\/wp-json\/wp\/v2\/categories?post=7232"},{"taxonomy":"post_tag","embeddable":true,"href":"https:\/\/infolanus.com\/index.php\/wp-json\/wp\/v2\/tags?post=7232"}],"curies":[{"name":"wp","href":"https:\/\/api.w.org\/{rel}","templated":true}]}}