{"id":7235,"date":"2024-06-12T20:54:00","date_gmt":"2024-06-12T23:54:00","guid":{"rendered":"https:\/\/www.ambito.com\/uruguay\/la-imagen-lacalle-pou-volvio-mejorar-y-el-50-la-poblacion-aprueba-su-gestion-n6014494"},"modified":"2024-06-12T20:54:00","modified_gmt":"2024-06-12T23:54:00","slug":"la-imagen-de-lacalle-pou-volvio-a-mejorar-y-el-50-de-la-poblacion-aprueba-su-gestion","status":"publish","type":"post","link":"https:\/\/infolanus.com\/index.php\/2024\/06\/12\/la-imagen-de-lacalle-pou-volvio-a-mejorar-y-el-50-de-la-poblacion-aprueba-su-gestion\/","title":{"rendered":"La imagen de Lacalle Pou volvi\u00f3 a mejorar y el 50% de la poblaci\u00f3n aprueba su gesti\u00f3n"},"content":{"rendered":"<div><img data-recalc-dims=\"1\" decoding=\"async\" src=\"https:\/\/i0.wp.com\/media.ambito.com\/p\/7292e419d3d674d97fa1c8f150829703\/adjuntos\/351\/imagenes\/041\/582\/0041582163\/1200x675\/smart\/presidente-luis-lacalle-pou.jpg?w=640&#038;ssl=1\" class=\"ff-og-image-inserted\"><\/div>\n<div id>\n<p>La imagen del <strong>presidente de la Rep\u00fablica<\/strong>, <strong>Luis Lacalle Pou<\/strong>, volvi\u00f3 a mejorar en la recta final de su gobierno, ya que seg\u00fan una reciente <strong>encuesta<\/strong> re\u00fane <a href=\"https:\/\/www.ambito.com\/uruguay\/el-49-los-os-aprueba-la-gestion-lacalle-pou-n6006920\" target=\"_blank\" rel=\"follow noopener\">la aprobaci\u00f3n<\/a> del 50% de los uruguayos, mientras que menos de un tercio desaprueba su labor.<\/p>\n<\/div>\n<div id>\n<p>El dato se desprende del \u00faltimo relevo de <a href=\"https:\/\/www.ambito.com\/uruguay\/lacalle-pou-mantiene-una-aprobacion-del-46-la-poblacion-n5998460\" target=\"_blank\" rel=\"follow noopener\">la imagen del mandatario<\/a> que elabor\u00f3 <strong>Opci\u00f3n Consultores <\/strong>para mayo y que se dio a conocer este mi\u00e9rcoles en Telenoche, a partir de una muestra de 800 casos con un margen de error del 3,5%.<\/p>\n<\/div>\n<div id>\n<p> De acuerdo al informe, el 17% de la poblaci\u00f3n asegura que <a href=\"https:\/\/www.ambito.com\/uruguay\/alvaro-delgado-defendio-la-labor-del-gobierno-es-el-y-no-los-blancos-n6008664\" target=\"_blank\" rel=\"follow noopener\">la gesti\u00f3n de <strong>Lacalle Pou<\/strong><\/a> es &#8220;muy buena&#8221;, mientras que el 33% contest\u00f3 que esta era &#8220;buena&#8221;, reuniendo as\u00ed las simpat\u00edas del 50% de los encuestados.<\/p>\n<\/div>\n<div id>\n<p>En el otro extremo, al 14% le parece que la administraci\u00f3n del mandatario ha sido &#8220;mala&#8221;, mientras que otro 14% fue m\u00e1s all\u00e1 y dijo que es &#8220;muy mala&#8221;, para un total del 28% de imagen negativa.<\/p>\n<\/div>\n<div id>\n<p>A su vez, el 21% de los relevados mostr\u00f3 neutralidad en su percepci\u00f3n del trabajo del jefe de Estado, afirmando que el mismo no es &#8220;ni bueno ni malo&#8221;. El 1% restante manifest\u00f3 &#8220;no saber&#8221; qu\u00e9 contestar.<\/p>\n<h2>Evoluci\u00f3n hist\u00f3rica de la imagen de Lacalle Pou a lo largo de su mandato<\/h2>\n<p><strong>Lacalle Pou<\/strong> comenz\u00f3 su mandato hace cinco a\u00f1os con una aprobaci\u00f3n del 62% y una desaprobaci\u00f3n de tan solo el 11% durante el segundo trimestre de 2020, en plena pandemia por Covid-19.<\/p>\n<p>El peor momento para <strong>Lacalle Pou<\/strong> en materia de aprobaci\u00f3n fue en el tercer trimestre de 2022, con el inicio del caso Astesiano, ya que su popularidad hab\u00eda ca\u00eddo 21 puntos, hasta el 41%. Por su parte, el punto m\u00e1s alto de desaprobaci\u00f3n se dio durante el cuarto trimestre de 2023, tras las renuncias de varios jerarcas del gobierno a ra\u00edz del esc\u00e1ndalo por el caso Marset.<\/p>\n<\/div>\n","protected":false},"excerpt":{"rendered":"<p>La imagen del presidente de la Rep\u00fablica, Luis Lacalle Pou, volvi\u00f3 a mejorar en la recta final de su gobierno, ya que seg\u00fan una reciente encuesta re\u00fane la aprobaci\u00f3n del 50% de los uruguayos, mientras que menos de un tercio desaprueba su labor. El dato se desprende del \u00faltimo relevo de la imagen del mandatario [&hellip;]<\/p>\n","protected":false},"author":2,"featured_media":7236,"comment_status":"closed","ping_status":"closed","sticky":false,"template":"","format":"standard","meta":{"jetpack_post_was_ever_published":false,"_jetpack_newsletter_access":"","_jetpack_dont_email_post_to_subs":false,"_jetpack_newsletter_tier_id":0,"_jetpack_memberships_contains_paywalled_content":false,"_jetpack_memberships_contains_paid_content":false,"footnotes":"","jetpack_publicize_message":"","jetpack_publicize_feature_enabled":true,"jetpack_social_post_already_shared":true,"jetpack_social_options":{"image_generator_settings":{"template":"highway","enabled":false},"version":2}},"categories":[20],"tags":[],"class_list":["post-7235","post","type-post","status-publish","format-standard","has-post-thumbnail","hentry","category-mundo"],"jetpack_publicize_connections":[],"jetpack_featured_media_url":"https:\/\/i0.wp.com\/infolanus.com\/wp-content\/uploads\/2024\/06\/la-imagen-de-lacalle-pou-volvio-a-mejorar-y-el-50-de-la-poblacion-aprueba-su-gestion.jpg?fit=1200%2C675&ssl=1","jetpack_sharing_enabled":true,"jetpack_shortlink":"https:\/\/wp.me\/p9QtMr-1SH","_links":{"self":[{"href":"https:\/\/infolanus.com\/index.php\/wp-json\/wp\/v2\/posts\/7235","targetHints":{"allow":["GET"]}}],"collection":[{"href":"https:\/\/infolanus.com\/index.php\/wp-json\/wp\/v2\/posts"}],"about":[{"href":"https:\/\/infolanus.com\/index.php\/wp-json\/wp\/v2\/types\/post"}],"author":[{"embeddable":true,"href":"https:\/\/infolanus.com\/index.php\/wp-json\/wp\/v2\/users\/2"}],"replies":[{"embeddable":true,"href":"https:\/\/infolanus.com\/index.php\/wp-json\/wp\/v2\/comments?post=7235"}],"version-history":[{"count":0,"href":"https:\/\/infolanus.com\/index.php\/wp-json\/wp\/v2\/posts\/7235\/revisions"}],"wp:featuredmedia":[{"embeddable":true,"href":"https:\/\/infolanus.com\/index.php\/wp-json\/wp\/v2\/media\/7236"}],"wp:attachment":[{"href":"https:\/\/infolanus.com\/index.php\/wp-json\/wp\/v2\/media?parent=7235"}],"wp:term":[{"taxonomy":"category","embeddable":true,"href":"https:\/\/infolanus.com\/index.php\/wp-json\/wp\/v2\/categories?post=7235"},{"taxonomy":"post_tag","embeddable":true,"href":"https:\/\/infolanus.com\/index.php\/wp-json\/wp\/v2\/tags?post=7235"}],"curies":[{"name":"wp","href":"https:\/\/api.w.org\/{rel}","templated":true}]}}