{"id":7258,"date":"2024-06-16T19:47:49","date_gmt":"2024-06-16T22:47:49","guid":{"rendered":"https:\/\/www.ambito.com\/uruguay\/el-partido-nacional-celebro-los-40-anos-del-retorno-wilson-ferreira-un-llamado-la-unidad-n6016331"},"modified":"2024-06-16T19:47:49","modified_gmt":"2024-06-16T22:47:49","slug":"el-partido-nacional-celebro-los-40-anos-del-retorno-de-wilson-ferreira-con-un-llamado-a-la-unidad","status":"publish","type":"post","link":"https:\/\/infolanus.com\/index.php\/2024\/06\/16\/el-partido-nacional-celebro-los-40-anos-del-retorno-de-wilson-ferreira-con-un-llamado-a-la-unidad\/","title":{"rendered":"El Partido Nacional celebr\u00f3 los 40 a\u00f1os del retorno de Wilson Ferreira con un llamado a la unidad"},"content":{"rendered":"<div><img data-recalc-dims=\"1\" decoding=\"async\" src=\"https:\/\/i0.wp.com\/media.ambito.com\/p\/c487c7fec355570def260e7a981494db\/adjuntos\/351\/imagenes\/041\/591\/0041591683\/1200x675\/smart\/precandidatos-presidenciales-partido-nacional.jpg?w=640&#038;ssl=1\" class=\"ff-og-image-inserted\"><\/div>\n<div id>\n<p>El <strong>Partido Nacional (PN)<\/strong> celebr\u00f3 los <a href=\"https:\/\/www.ambito.com\/uruguay\/laura-raffo-lanzo-un-gran-llamado-la-unidad-del-partido-nacional-n5985240\" target=\"_blank\" rel=\"follow noopener\">40 a\u00f1os del retorno al pa\u00eds<\/a> de <strong>Wilson Ferreira Aldunate<\/strong> tras su exilio durante la <strong>dictadura<\/strong>, en un acto frente al <strong>Puerto de Montevideo<\/strong> que congreg\u00f3 a los cinco precandidatos presidenciales nacionalistas quienes homenajearon conjuntamente al caudillo blanco.<\/p>\n<\/div>\n<div id>\n<p>Este domingo, los cinco <a href=\"https:\/\/www.ambito.com\/uruguay\/elecciones-2024-delgado-orsi-y-ojeda-se-consolidan-como-favoritos-las-internas-n6007307\" target=\"_blank\" rel=\"follow noopener\">precandidatos del PN<\/a>, <strong>\u00c1lvaro Delgado<\/strong>, <strong>Carlos Iafigliola<\/strong>, <strong>Jorge Gandini<\/strong>, <strong>Laura Raffo<\/strong> y <strong>Roxana Corbran<\/strong>, recordaron la figura de Ferreira y su trascendencia pol\u00edtica a nivel nacional.<\/p>\n<\/div>\n<div id>\n<p> Al hacer uso de la palabra, el senador Gandini &#8220;rompi\u00f3&#8221; el protocolo previsto en el acto e invit\u00f3 a todos los precandidatos a subir al escenario para tomarse una foto de unidad. &#8220;Ustedes est\u00e1n esperando que estemos todos juntos, quiero pedirle a Laura, a Roxana, a \u00c1lvaro y a Carlitos que estemos todos juntos ac\u00e1. De a uno no somos nada, juntos somos victoria&#8221;, expres\u00f3 el presidenciable de cara a los militantes.<\/p>\n<\/div>\n<div id>\n<p>La <strong>presidenta del Directorio del PN<\/strong>, <strong>Macarena Rubio<\/strong>, dijo que &#8220;hablar de Wilson es hablar de servicio&#8221; y &#8220;generosidad&#8221;, as\u00ed como tambi\u00e9n &#8220;poner el bien com\u00fan y el inter\u00e9s de la patria por sobre los intereses personales&#8221;.<\/p>\n<\/div>\n<div id>\n<h2>&#8220;El pluralismo de nuestro partido es lo que nos hace m\u00e1s fuertes&#8221;<\/h2>\n<p>Tras finalizar el acto, Raffo destac\u00f3 en rueda de prensa que, desde el primer momento, todos los precandidatos se mostraron dispuestos a asistir al homenaje a Ferreira. &#8220;Destaco que adem\u00e1s de la unidad, es la diversidad y el pluralismo de nuestro partido lo que nos hace m\u00e1s fuertes&#8221;, a\u00f1adi\u00f3.<\/p>\n<p>Por su parte, Gandini record\u00f3 que Ferreira era &#8220;un luchador&#8221;. &#8220;Es incre\u00edble como los blancos somos capaces de festejar lo que para otros son derrotas, y eso nos permite ser orgullosamente blancos. Este es nuestro moj\u00f3n de referencia en el camino a la libertad&#8221;, enfatiz\u00f3.<\/p>\n<p>Delgado reflot\u00f3 un mensaje que dio Ferreira tras ser liberado de la c\u00e1rcel, el de &#8220;poner el pa\u00eds por delante&#8221;. &#8220;Eso nos diferencia con <a href=\"https:\/\/www.ambito.com\/uruguay\/el-frente-amplio-le-apunta-al-gobierno-dejar-un-pais-bastante-mas-inseguro-y-desigual-n6016113\" target=\"_blank\" rel=\"follow noopener\">la dirigencia del <strong>Frente Amplio (FA)<\/strong><\/a>, sobre todo en los momentos m\u00e1s dif\u00edciles, apostar al pa\u00eds y ponerle el hombro al <strong> Uruguay<\/strong>, independientemente que no sea tu gobierno&#8221;, afirm\u00f3.<\/p>\n<p>La <strong>vicepresidenta de la Rep\u00fablica<\/strong>, <strong>Beatriz Argim\u00f3n<\/strong>, calific\u00f3 a Ferreira como un &#8220;referente de siempre&#8221; y rememor\u00f3 que el pol\u00edtico &#8220;siempre ced\u00eda un espacio para la gente joven y para las mujeres&#8221;.<\/p>\n<\/div>\n","protected":false},"excerpt":{"rendered":"<p>El Partido Nacional (PN) celebr\u00f3 los 40 a\u00f1os del retorno al pa\u00eds de Wilson Ferreira Aldunate tras su exilio durante la dictadura, en un acto frente al Puerto de Montevideo que congreg\u00f3 a los cinco precandidatos presidenciales nacionalistas quienes homenajearon conjuntamente al caudillo blanco. Este domingo, los cinco precandidatos del PN, \u00c1lvaro Delgado, Carlos Iafigliola, [&hellip;]<\/p>\n","protected":false},"author":2,"featured_media":7259,"comment_status":"closed","ping_status":"closed","sticky":false,"template":"","format":"standard","meta":{"jetpack_post_was_ever_published":false,"_jetpack_newsletter_access":"","_jetpack_dont_email_post_to_subs":false,"_jetpack_newsletter_tier_id":0,"_jetpack_memberships_contains_paywalled_content":false,"_jetpack_memberships_contains_paid_content":false,"footnotes":"","jetpack_publicize_message":"","jetpack_publicize_feature_enabled":true,"jetpack_social_post_already_shared":true,"jetpack_social_options":{"image_generator_settings":{"template":"highway","enabled":false},"version":2}},"categories":[20],"tags":[],"class_list":["post-7258","post","type-post","status-publish","format-standard","has-post-thumbnail","hentry","category-mundo"],"jetpack_publicize_connections":[],"jetpack_featured_media_url":"https:\/\/i0.wp.com\/infolanus.com\/wp-content\/uploads\/2024\/06\/el-partido-nacional-celebro-los-40-anos-del-retorno-de-wilson-ferreira-con-un-llamado-a-la-unidad.jpg?fit=1200%2C675&ssl=1","jetpack_sharing_enabled":true,"jetpack_shortlink":"https:\/\/wp.me\/p9QtMr-1T4","_links":{"self":[{"href":"https:\/\/infolanus.com\/index.php\/wp-json\/wp\/v2\/posts\/7258","targetHints":{"allow":["GET"]}}],"collection":[{"href":"https:\/\/infolanus.com\/index.php\/wp-json\/wp\/v2\/posts"}],"about":[{"href":"https:\/\/infolanus.com\/index.php\/wp-json\/wp\/v2\/types\/post"}],"author":[{"embeddable":true,"href":"https:\/\/infolanus.com\/index.php\/wp-json\/wp\/v2\/users\/2"}],"replies":[{"embeddable":true,"href":"https:\/\/infolanus.com\/index.php\/wp-json\/wp\/v2\/comments?post=7258"}],"version-history":[{"count":0,"href":"https:\/\/infolanus.com\/index.php\/wp-json\/wp\/v2\/posts\/7258\/revisions"}],"wp:featuredmedia":[{"embeddable":true,"href":"https:\/\/infolanus.com\/index.php\/wp-json\/wp\/v2\/media\/7259"}],"wp:attachment":[{"href":"https:\/\/infolanus.com\/index.php\/wp-json\/wp\/v2\/media?parent=7258"}],"wp:term":[{"taxonomy":"category","embeddable":true,"href":"https:\/\/infolanus.com\/index.php\/wp-json\/wp\/v2\/categories?post=7258"},{"taxonomy":"post_tag","embeddable":true,"href":"https:\/\/infolanus.com\/index.php\/wp-json\/wp\/v2\/tags?post=7258"}],"curies":[{"name":"wp","href":"https:\/\/api.w.org\/{rel}","templated":true}]}}