{"id":7269,"date":"2024-06-17T18:54:47","date_gmt":"2024-06-17T21:54:47","guid":{"rendered":"https:\/\/infolanus.com\/index.php\/2024\/06\/17\/segun-medios-franceses-mbappe-sufrio-una-fractura-en-su-nariz-y-corre-peligro-su-participacion-en-la-eurocopa\/"},"modified":"2024-06-17T18:54:47","modified_gmt":"2024-06-17T21:54:47","slug":"segun-medios-franceses-mbappe-sufrio-una-fractura-en-su-nariz-y-corre-peligro-su-participacion-en-la-eurocopa","status":"publish","type":"post","link":"https:\/\/infolanus.com\/index.php\/2024\/06\/17\/segun-medios-franceses-mbappe-sufrio-una-fractura-en-su-nariz-y-corre-peligro-su-participacion-en-la-eurocopa\/","title":{"rendered":"Seg\u00fan medios franceses, Mbapp\u00e9 sufri\u00f3 una fractura en su nariz y corre peligro su participaci\u00f3n en la Eurocopa"},"content":{"rendered":"<div class=\"media_block\"><\/div>\n<p>Un debut agridulce para <a target=\"_blank\" href=\"https:\/\/442.perfil.com\/noticias\/eurocopa-2024\/francia-le-gano-con-lo-justo-a-austria-en-su-debut-de-la-eurocopa-2024.phtml\" rel=\"noopener\"><strong>Francia <\/strong><\/a>en la Eurocopa.&nbsp;<em>Les Bleus&nbsp;<\/em>empezaron con el pie derecho tras derrotar 1 a 0 a Austria en su debut en la <strong><a target=\"_blank\" href=\"https:\/\/442.perfil.com\/noticias\/futbol\/inglaterra-comenzo-el-camino-en-la-eurocopa-2024-con-un-triunfo-ante-serbia-resumen-y-goles.phtml\" rel=\"noopener\">Eurocopa 2024<\/a> <\/strong>pero la nota del partido se la llev\u00f3 el dur\u00edsimo golpe en su nariz que sufri\u00f3&nbsp;<a target=\"_blank\" href=\"https:\/\/442.perfil.com\/noticias\/juegos-olimpicos-paris-2024\/la-irreversible-decision-de-kylian-mbappe-sobre-su-participacion-en-los-juegos-olimpicos-de-paris-2024.phtml\" rel=\"noopener\"><strong>Kylian Mbapp\u00e9<\/strong><\/a>&nbsp;contra&nbsp;<strong>Kevin Danso <\/strong>a tal punto que tuvo que ser reemplazado y hay preocupaci\u00f3n a ra\u00edz de que podr\u00eda perderse lo que resta del certamen.<\/p>\n<p>Corr\u00eda el minuto 85 cuando un tiro libre a favor de los franceses desde la izquierda fue ejecutado por <strong>Antoine Griezmann<\/strong>. La pelota se dirig\u00eda al \u00e1rea austr\u00edaca y en ese momento <strong>Kylian Mbapp\u00e9 <\/strong>salt\u00f3 para cabecear la pelota pero choc\u00f3 contra la humanidad de <strong>Danso.<\/strong><\/p>\n<p>Tras impactar contra el defensor central que se desempe\u00f1a en el Lens de Francia, el delantero del Real Madrid se empez\u00f3 a tomar la cara y los m\u00e9dicos ingresaron inmediatamente a asistir al jugador.&nbsp;<\/p>\n<p><strong>Mbapp\u00e9 <\/strong>trat\u00f3 de reincorporarse al partido sin autorizaci\u00f3n del \u00e1rbitro, ingres\u00f3 al campo de juego, interrumpi\u00f3 un ataque austr\u00edaco, se gan\u00f3 la amarilla y pidi\u00f3 el cambio tras el dur\u00edsimo golpe en su nariz.<\/p>\n<h2>Seg\u00fan los medios franceses, Mbapp\u00e9 tendr\u00eda la nariz fracturada<\/h2>\n<p>&#8220;<strong>La estrella de la selecci\u00f3n francesa Kylian Mbapp\u00e9 se fractur\u00f3 la nariz durante el primer partido de los &#8216;Bleus&#8217; en la Eurocopa-2024 contra Austria, este lunes en D\u00fcsseldorf (1-0), inform\u00f3 a la AFP una fuente pr\u00f3xima del jugado<\/strong>r&#8221;, consign\u00f3 la agencia francesa&nbsp;<em>AFP<\/em><\/p>\n<p>&#8220;Despu\u00e9s de haber impactado contra la espalda del defensor austriaco Kevin Danso al tratar de rematar un bal\u00f3n de cabeza, el capit\u00e1n de los <em>Bleus<\/em>&nbsp;tuvo que sentarse sobre el c\u00e9sped antes de tomar camino de los vestuarios con su nariz ensangrentada&#8221;, completaron.<\/p>\n<h2>La impactante foto del momento de la lesi\u00f3n de Mbapp\u00e9&nbsp;<\/h2>\n<p>Im\u00e1genes que se empezaron a viralizar mostraron el momento exacto tras el salto<strong> de Mbapp\u00e9 y su posterior golpazo contra Kevin Danso<\/strong>.<strong> En las fotos se observa su nariz completamente rota y las novedades que podr\u00edan darse a conocer no ser\u00edan las mejores para Francia<\/strong> ya que podr\u00eda tratarse de una fractura que lo margine del resto del certamen europeo.<\/p>\n<p><img data-recalc-dims=\"1\" decoding=\"async\" alt=\"Mbapp\u00e9 foto golpe nariz\" src=\"https:\/\/i0.wp.com\/fotos.perfil.com\/\/2024\/06\/17\/900\/0\/mbappe-foto-golpe-nariz-1820947.jpg?w=640&#038;ssl=1\" loading=\"lazy\"><\/p>\n<h2>Francia gan\u00f3 con lo justo en su debut en la Eurocopa<\/h2>\n<p><strong>Francia <\/strong>salv\u00f3 su debut en la Eurocopa con un sufrido triunfo 1-0 ante Austria, este lunes en D\u00fcsseldorf.<\/p>\n<p>Favorita n\u00famero 1, <strong>Francia <\/strong>evidenci\u00f3 falta de rodaje y salv\u00f3 la noche gracias a la cabeza del defensa austriaco <strong>Maximilian Wober<\/strong>, que desvi\u00f3 a gol en propia puerta el centro de <strong>Mbapp\u00e9<\/strong>&nbsp;a los 38 del primer tiempo.<\/p>\n<p>Con este resultado la selecci\u00f3n dirigida por <strong>Didier Deschamps <\/strong>manda en el grupo D junto con <strong>Pa\u00edses<\/strong> <strong>Bajos<\/strong>, que remont\u00f3 (2-1) a <strong>Polonia <\/strong>el domingo.<\/p>\n<p>SP<\/p>\n","protected":false},"excerpt":{"rendered":"<p>Un debut agridulce para Francia en la Eurocopa.&nbsp;Les Bleus&nbsp;empezaron con el pie derecho tras derrotar 1 a 0 a Austria en su debut en la Eurocopa 2024 pero la nota del partido se la llev\u00f3 el dur\u00edsimo golpe en su nariz que sufri\u00f3&nbsp;Kylian Mbapp\u00e9&nbsp;contra&nbsp;Kevin Danso a tal punto que tuvo que ser reemplazado y hay [&hellip;]<\/p>\n","protected":false},"author":2,"featured_media":7270,"comment_status":"closed","ping_status":"closed","sticky":false,"template":"","format":"standard","meta":{"jetpack_post_was_ever_published":false,"_jetpack_newsletter_access":"","_jetpack_dont_email_post_to_subs":false,"_jetpack_newsletter_tier_id":0,"_jetpack_memberships_contains_paywalled_content":false,"_jetpack_memberships_contains_paid_content":false,"footnotes":"","jetpack_publicize_message":"","jetpack_publicize_feature_enabled":true,"jetpack_social_post_already_shared":true,"jetpack_social_options":{"image_generator_settings":{"template":"highway","enabled":false},"version":2}},"categories":[17],"tags":[],"class_list":["post-7269","post","type-post","status-publish","format-standard","has-post-thumbnail","hentry","category-deportes"],"jetpack_publicize_connections":[],"jetpack_featured_media_url":"https:\/\/i0.wp.com\/infolanus.com\/wp-content\/uploads\/2024\/06\/segun-medios-franceses-mbappe-sufrio-una-fractura-en-su-nariz-y-corre-peligro-su-participacion-en-la-eurocopa.jpg?fit=900%2C505&ssl=1","jetpack_sharing_enabled":true,"jetpack_shortlink":"https:\/\/wp.me\/p9QtMr-1Tf","_links":{"self":[{"href":"https:\/\/infolanus.com\/index.php\/wp-json\/wp\/v2\/posts\/7269","targetHints":{"allow":["GET"]}}],"collection":[{"href":"https:\/\/infolanus.com\/index.php\/wp-json\/wp\/v2\/posts"}],"about":[{"href":"https:\/\/infolanus.com\/index.php\/wp-json\/wp\/v2\/types\/post"}],"author":[{"embeddable":true,"href":"https:\/\/infolanus.com\/index.php\/wp-json\/wp\/v2\/users\/2"}],"replies":[{"embeddable":true,"href":"https:\/\/infolanus.com\/index.php\/wp-json\/wp\/v2\/comments?post=7269"}],"version-history":[{"count":0,"href":"https:\/\/infolanus.com\/index.php\/wp-json\/wp\/v2\/posts\/7269\/revisions"}],"wp:featuredmedia":[{"embeddable":true,"href":"https:\/\/infolanus.com\/index.php\/wp-json\/wp\/v2\/media\/7270"}],"wp:attachment":[{"href":"https:\/\/infolanus.com\/index.php\/wp-json\/wp\/v2\/media?parent=7269"}],"wp:term":[{"taxonomy":"category","embeddable":true,"href":"https:\/\/infolanus.com\/index.php\/wp-json\/wp\/v2\/categories?post=7269"},{"taxonomy":"post_tag","embeddable":true,"href":"https:\/\/infolanus.com\/index.php\/wp-json\/wp\/v2\/tags?post=7269"}],"curies":[{"name":"wp","href":"https:\/\/api.w.org\/{rel}","templated":true}]}}