{"id":7275,"date":"2024-06-19T01:37:00","date_gmt":"2024-06-19T04:37:00","guid":{"rendered":"https:\/\/infolanus.com\/index.php\/2024\/06\/19\/mi-sueno-es-ser-campeon-del-mundo-la-emotiva-entrevista-de-lorenzo-somaschini\/"},"modified":"2024-06-19T01:37:00","modified_gmt":"2024-06-19T04:37:00","slug":"mi-sueno-es-ser-campeon-del-mundo-la-emotiva-entrevista-de-lorenzo-somaschini","status":"publish","type":"post","link":"https:\/\/infolanus.com\/index.php\/2024\/06\/19\/mi-sueno-es-ser-campeon-del-mundo-la-emotiva-entrevista-de-lorenzo-somaschini\/","title":{"rendered":"&#8220;Mi sue\u00f1o es ser campe\u00f3n del mundo&#8221;: la emotiva entrevista de Lorenzo Somaschini"},"content":{"rendered":"<div class=\"media_block\"><\/div>\n<p><strong>La inesperada y triste noticia del fallecimiento de <\/strong><a target=\"_blank\" href=\"https:\/\/www.perfil.com\/noticias\/actualidad\/murio-lorenzo-somaschini-el-motociclista-argentino-de-9-anos-que-se-accidento-en-un-entrenamiento-en-brasil.phtml\" rel=\"noopener\"><strong><strong>Lorenzo Somaschin<\/strong>i<\/strong><\/a> impact\u00f3 mucho m\u00e1s all\u00e1 del c\u00edrculo del deporte y de los amantes del <strong>motociclismo<\/strong>. El piloto de 9 a\u00f1os era todo un apasionado de su disciplina y en una entrevista realizada meses atr\u00e1s comparti\u00f3 sus <strong>aspiraciones de consagraci\u00f3n en el mayor certamen mundial de motociclismo, el <em>Moto GP<\/em><\/strong>.<\/p>\n<p><strong>&nbsp;&#8220;Mi sue\u00f1o es llegar a GP y ser campe\u00f3n del mundo\u201d<\/strong>, dec\u00eda meses atr\u00e1s Lorenzo, antes del fatal accidente que sufri\u00f3 en el marco de un entrenamiento de cara al <em>Supebike<\/em> de Brasil.<\/p>\n<p>En el contexto de un breve reportaje realizado por <em>Paseo Tuerca<\/em>, el peque\u00f1o deportista se present\u00f3 y con una sonrisa imborrable habl\u00f3 sobre su afici\u00f3n a las motos: \u201cTengo 9 a\u00f1os y vengo de Rosario. Desde los cuatro a\u00f1os que corro. Mi pap\u00e1 andaba en moto, me llev\u00f3 a conocer y ah\u00ed me gust\u00f3. Arranqu\u00e9 con un modelo&nbsp;50cc. <strong>Mi sue\u00f1o es llegar a GP y ser campe\u00f3n del mundo<\/strong>\u201d.<\/p>\n<div class=\"subscription\" readability=\"6.683257918552\">\n<p>\nEsto no les gusta a los autoritarios\n<\/p>\n<div class=\"subscription__container\" readability=\"6.1467391304348\">\n<div class=\"subscription__text-wrapper\" readability=\"31.20652173913\">\n<p>\nEl ejercicio del periodismo profesional y cr\u00edtico es un pilar fundamental de la democracia. Por eso molesta a quienes creen ser los due\u00f1os de la verdad.\n<\/p>\n<\/p><\/div>\n<\/div><\/div>\n<p>Nacido el 17 de julio de 2014, Lorenzo Somaschini mostr\u00f3 desde peque\u00f1o una inclinaci\u00f3n hacia el motociclismo. Su pap\u00e1 le regal\u00f3 una minimoto a los 3 a\u00f1os, lo que marc\u00f3 el inicio de su pasi\u00f3n por la velocidad.<\/p>\n<p>Con posterioridad, el joven comenz\u00f3 su entrenamiento en la escuela de Diego Pierluigi y gracias a su destacado desempe\u00f1o result\u00f3 seleccionado para sumarse al equipo de Fernando Gregorio en Honda Racing.<\/p>\n<p>El 14 de abril debut\u00f3 en el contexto de la Junior Cup del Superbike Argentino. Apenas unos d\u00edas atr\u00e1s, el 6 de abril, <em>Paseo Tuerca <\/em>revel\u00f3&nbsp;este sint\u00e9tico reportaje donde el joven <strong>relat\u00f3 en pocas palabras su apasionante experiencia en el motociclismo<\/strong>.<\/p>\n<p class=\"destacadoNota\"><a target=\"_blank\" href=\"https:\/\/www.perfil.com\/noticias\/actualidad\/necesito-terminar-con-esto-hablo-el-instructor-de-lorenzo-somaschini-y-cuestiono-a-los-que-lo-acusan-de-ponerlo-en-riesgo.phtml\" rel=\"noopener\">&#8220;Necesito terminar con esto&#8221;: habl\u00f3 el instructor de Lorenzo Somaschini y cuestion\u00f3 a quienes lo acusan de ponerlo en riesgo<\/a><\/p>\n<h2><strong>C\u00f3mo fue el accidente de&nbsp;Lorenzo&nbsp;Somaschini<\/strong><\/h2>\n<p>El motociclista argentino de 9 a\u00f1os se accident\u00f3 durante los entrenamientos correspondientes a la <strong>cuarta fecha de la Copa Honda Junior del Campeonato de SuperBike<\/strong> que se disputa en Brasil.<\/p>\n<p>Al cabo de tres d\u00edas internado en cuidados intensivos, informaron el fallecimiento de Lorenzo \u201cLolo\u201d Somaschini.<\/p>\n<p>El joven se preparaba para debutar en el \u00e1mbito internacional, en el marco de la competencia que se desarrolla en el <strong>Aut\u00f3dromo de Interlagos<\/strong> de la ciudad de San Pablo, Brasil.<\/p>\n<p>Lorenzo Somaschini compet\u00eda en una categor\u00eda que reun\u00eda a pilotos de distintas edades, desde 8 a 16 a\u00f1os.<\/p>\n<p>Las motos utilizadas poseen una cilindrada de 160 cc adaptadas para este certamen, con pedales y manillares calibrados seg\u00fan la talla espec\u00edfica de cada piloto.<\/p>\n<div>\n<figure class=\"image\"><img data-recalc-dims=\"1\" decoding=\"async\" alt=\"Lorenzo Somaschini\" src=\"https:\/\/i0.wp.com\/fotos.perfil.com\/\/2024\/06\/16\/900\/0\/lorenzo-somaschini-1820639.jpg?w=640&#038;ssl=1\" loading=\"lazy\"><figcaption>Lorenzo Somaschini. Foto: Instagram<\/figcaption><\/figure>\n<\/p><\/div>\n<p>El \u00faltimo viernes &#8220;Lolo&#8221; <strong>sufri\u00f3 una ca\u00edda en un entrenamiento<\/strong>, lo que le produjo un fuerte impacto en la cabeza. Ocurri\u00f3 en la curva Pinheirinho del Aut\u00f3dromo de Interlagos, aparentemente <strong>tras una maniobra conocida como <em>&#8220;highside&#8221;<\/em><\/strong>. De acuerdo con su entrenador, Diego Pierluigi, este tipo de ca\u00eddas &nbsp;&#8220;se produce cuando la rueda trasera derrapa y el cuerpo del piloto sale despedido por efecto de la inercia&#8221;. Debido al exceso de velocidad y al escaso margen de maniobra, los neum\u00e1ticos pierden agarre y con ello el veh\u00edculo resbala.<\/p>\n<p>Luego de esta grave ca\u00edda, el piloto argentino de 9 a\u00f1os fue recibi\u00f3 atenci\u00f3n m\u00e9dica inmediata y lo trasladaron a la Unidad de Cuidados Intensivos (UCI) del Hospital General de Pedreira. Un d\u00eda m\u00e1s tarde, el s\u00e1bado, fue derivado&nbsp;al Hospital Albert Einstein, donde <strong>permaneci\u00f3 en terapia intensiva hasta el lunes, cuando confirmaron el triste deceso del ni\u00f1o<\/strong>.<\/p>\n<p>Las autoridades del certamen SuperBike Brasil difundieron un comunicado con los detalles del tr\u00e1gico accidente: \u201cTan pronto como cay\u00f3 a la salida de Pinheirinho, el piloto fue atendido inmediatamente en el lugar por el equipo m\u00e9dico en una ambulancia UTI. Posteriormente, fue enviado a la sala de emergencias del circuito, donde se estabiliz\u00f3 su tablero cl\u00ednico. Despu\u00e9s de este procedimiento, se realiz\u00f3 el traspaso m\u00e9dico, en una unidad de apoyo avanzada (UTI m\u00f3vil) al Hospital General de Pedreira, donde permaneci\u00f3 hasta el amanecer del s\u00e1bado (15\/6), siguiendo todos los protocolos m\u00e9dicos hasta que se realiz\u00f3 la transferencia al Hospital Albert Einstein\u201d.<\/p>\n<p><em>CA\/ED<\/em><\/p>\n<div class=\"article__tags\">\n<p>En esta Nota<\/p>\n<\/p><\/div>\n","protected":false},"excerpt":{"rendered":"<p>La inesperada y triste noticia del fallecimiento de Lorenzo Somaschini impact\u00f3 mucho m\u00e1s all\u00e1 del c\u00edrculo del deporte y de los amantes del motociclismo. El piloto de 9 a\u00f1os era todo un apasionado de su disciplina y en una entrevista realizada meses atr\u00e1s comparti\u00f3 sus aspiraciones de consagraci\u00f3n en el mayor certamen mundial de motociclismo, [&hellip;]<\/p>\n","protected":false},"author":2,"featured_media":7276,"comment_status":"closed","ping_status":"closed","sticky":false,"template":"","format":"standard","meta":{"jetpack_post_was_ever_published":false,"_jetpack_newsletter_access":"","_jetpack_dont_email_post_to_subs":false,"_jetpack_newsletter_tier_id":0,"_jetpack_memberships_contains_paywalled_content":false,"_jetpack_memberships_contains_paid_content":false,"footnotes":"","jetpack_publicize_message":"","jetpack_publicize_feature_enabled":true,"jetpack_social_post_already_shared":true,"jetpack_social_options":{"image_generator_settings":{"template":"highway","enabled":false},"version":2}},"categories":[17],"tags":[],"class_list":["post-7275","post","type-post","status-publish","format-standard","has-post-thumbnail","hentry","category-deportes"],"jetpack_publicize_connections":[],"jetpack_featured_media_url":"https:\/\/i0.wp.com\/infolanus.com\/wp-content\/uploads\/2024\/06\/mi-sueno-es-ser-campeon-del-mundo-la-emotiva-entrevista-de-lorenzo-somaschini.jpg?fit=900%2C505&ssl=1","jetpack_sharing_enabled":true,"jetpack_shortlink":"https:\/\/wp.me\/p9QtMr-1Tl","_links":{"self":[{"href":"https:\/\/infolanus.com\/index.php\/wp-json\/wp\/v2\/posts\/7275","targetHints":{"allow":["GET"]}}],"collection":[{"href":"https:\/\/infolanus.com\/index.php\/wp-json\/wp\/v2\/posts"}],"about":[{"href":"https:\/\/infolanus.com\/index.php\/wp-json\/wp\/v2\/types\/post"}],"author":[{"embeddable":true,"href":"https:\/\/infolanus.com\/index.php\/wp-json\/wp\/v2\/users\/2"}],"replies":[{"embeddable":true,"href":"https:\/\/infolanus.com\/index.php\/wp-json\/wp\/v2\/comments?post=7275"}],"version-history":[{"count":0,"href":"https:\/\/infolanus.com\/index.php\/wp-json\/wp\/v2\/posts\/7275\/revisions"}],"wp:featuredmedia":[{"embeddable":true,"href":"https:\/\/infolanus.com\/index.php\/wp-json\/wp\/v2\/media\/7276"}],"wp:attachment":[{"href":"https:\/\/infolanus.com\/index.php\/wp-json\/wp\/v2\/media?parent=7275"}],"wp:term":[{"taxonomy":"category","embeddable":true,"href":"https:\/\/infolanus.com\/index.php\/wp-json\/wp\/v2\/categories?post=7275"},{"taxonomy":"post_tag","embeddable":true,"href":"https:\/\/infolanus.com\/index.php\/wp-json\/wp\/v2\/tags?post=7275"}],"curies":[{"name":"wp","href":"https:\/\/api.w.org\/{rel}","templated":true}]}}