{"id":7297,"date":"2024-06-22T16:59:31","date_gmt":"2024-06-22T19:59:31","guid":{"rendered":"https:\/\/infolanus.com\/index.php\/2024\/06\/22\/se-encienden-las-alarmas-en-boca-por-la-lesion-de-luis-advincula\/"},"modified":"2024-06-22T16:59:31","modified_gmt":"2024-06-22T19:59:31","slug":"se-encienden-las-alarmas-en-boca-por-la-lesion-de-luis-advincula","status":"publish","type":"post","link":"https:\/\/infolanus.com\/index.php\/2024\/06\/22\/se-encienden-las-alarmas-en-boca-por-la-lesion-de-luis-advincula\/","title":{"rendered":"Se encienden las alarmas en Boca por la lesi\u00f3n de Luis Adv\u00edncula"},"content":{"rendered":"<div class=\"media_block\"><\/div>\n<div><img data-recalc-dims=\"1\" decoding=\"async\" src=\"https:\/\/i0.wp.com\/fotos.perfil.com\/2024\/06\/22\/trim\/1140\/641\/advincula-1823322.jpg?w=640&#038;ssl=1\" class=\"ff-og-image-inserted\"><\/div>\n<p>El defensor peruano,<strong><a target=\"_blank\" href=\"https:\/\/442.perfil.com\/noticias\/futbol\/buenas-noticias-para-martinez-luis-advincula-podria-retornar-al-equipo-antes-de-lo-estipulado.phtml\" rel=\"noopener\">Luis Adv\u00edncula<\/a> <\/strong>sufri\u00f3 una lesi\u00f3n en el tend\u00f3n de Aquiles durante el partido por la<a target=\"_blank\" href=\"https:\/\/442.perfil.com\/noticias\/seleccion-argentina\/asi-fue-el-gol-de-lautaro-martinez-contra-canada-en-la-copa-america-2024.phtml\" rel=\"noopener\"> <strong>Copa Am\u00e9rica 2024<\/strong><\/a>&nbsp;ante su similar de<strong> Chile<\/strong> y de este modo se someter\u00e1 a estudios m\u00e9dicos con la intenci\u00f3n de definir la gravedad de la dolencia.<\/p>\n<p>Seg\u00fan informaci\u00f3n suministrada a <em><strong>Reuters<\/strong><\/em> por parte de un vocero del equipo <em><strong>Bicolor, <\/strong><\/em>al futbolista de <a target=\"_blank\" href=\"https:\/\/442.perfil.com\/noticias\/futbol\/boca-se-mide-con-almirante-brown-por-copa-argentina-en-el-ultimo-partido-del-semestre-horrario-tv-y-formaciones.phtml\" rel=\"noopener\"><strong>Boca Juniors<\/strong> <\/a>se le realizar\u00e1n rigurosos ex\u00e1menes para saber su estado de salud.<\/p>\n<p>Lo cierto es que<strong> Adv\u00edncula <\/strong>sali\u00f3 del campo bastante complicado y con dificultades para caminar cuando transcurr\u00edan los 33 minutos del cruce por la primera fecha del campeonato continental.<\/p>\n<p>Sobre el final del compromiso<strong>, Jorge Fossatti<\/strong>, entrenador del equipo confirm\u00f3 que las alarmas en su delegaci\u00f3n est\u00e1n encendidas.<\/p>\n<p><strong>&#8220;Lamentablemente, fue un dolor que esperemos que no sea m\u00e1s que eso, en una zona que es inaguantable el dolor, que es el tend\u00f3n de Aquiles, y le vino de la nada&#8221;<\/strong>, dijo.<\/p>\n<p>En esta misma l\u00ednea indico que el mal estado de los campos de juego en los que se est\u00e1n disputando los partidos de este importante torneo podr\u00edan haber sido una de las razones por las cuales le ocurri\u00f3 esta situaci\u00f3n al defensor del equipo argentino.<\/p>\n<h2>\u00bfCu\u00e1ndo es el pr\u00f3ximo partido de Per\u00fa en la Copa Am\u00e9rica?<\/h2>\n<p>Luego del debut, el conjunto peruano se tendr\u00e1 que medir ante Canad\u00e1 el pr\u00f3ximo martes 25 de junio en juego que comenzar\u00e1 a partir de las 19.<\/p>\n<p>GM<\/p>\n","protected":false},"excerpt":{"rendered":"<p>El defensor peruano,Luis Adv\u00edncula sufri\u00f3 una lesi\u00f3n en el tend\u00f3n de Aquiles durante el partido por la Copa Am\u00e9rica 2024&nbsp;ante su similar de Chile y de este modo se someter\u00e1 a estudios m\u00e9dicos con la intenci\u00f3n de definir la gravedad de la dolencia. Seg\u00fan informaci\u00f3n suministrada a Reuters por parte de un vocero del equipo [&hellip;]<\/p>\n","protected":false},"author":2,"featured_media":7298,"comment_status":"closed","ping_status":"closed","sticky":false,"template":"","format":"standard","meta":{"jetpack_post_was_ever_published":false,"_jetpack_newsletter_access":"","_jetpack_dont_email_post_to_subs":false,"_jetpack_newsletter_tier_id":0,"_jetpack_memberships_contains_paywalled_content":false,"_jetpack_memberships_contains_paid_content":false,"footnotes":"","jetpack_publicize_message":"","jetpack_publicize_feature_enabled":true,"jetpack_social_post_already_shared":true,"jetpack_social_options":{"image_generator_settings":{"template":"highway","enabled":false},"version":2}},"categories":[17],"tags":[],"class_list":["post-7297","post","type-post","status-publish","format-standard","has-post-thumbnail","hentry","category-deportes"],"jetpack_publicize_connections":[],"jetpack_featured_media_url":"https:\/\/i0.wp.com\/infolanus.com\/wp-content\/uploads\/2024\/06\/se-encienden-las-alarmas-en-boca-por-la-lesion-de-luis-advincula.jpg?fit=1140%2C641&ssl=1","jetpack_sharing_enabled":true,"jetpack_shortlink":"https:\/\/wp.me\/p9QtMr-1TH","_links":{"self":[{"href":"https:\/\/infolanus.com\/index.php\/wp-json\/wp\/v2\/posts\/7297","targetHints":{"allow":["GET"]}}],"collection":[{"href":"https:\/\/infolanus.com\/index.php\/wp-json\/wp\/v2\/posts"}],"about":[{"href":"https:\/\/infolanus.com\/index.php\/wp-json\/wp\/v2\/types\/post"}],"author":[{"embeddable":true,"href":"https:\/\/infolanus.com\/index.php\/wp-json\/wp\/v2\/users\/2"}],"replies":[{"embeddable":true,"href":"https:\/\/infolanus.com\/index.php\/wp-json\/wp\/v2\/comments?post=7297"}],"version-history":[{"count":0,"href":"https:\/\/infolanus.com\/index.php\/wp-json\/wp\/v2\/posts\/7297\/revisions"}],"wp:featuredmedia":[{"embeddable":true,"href":"https:\/\/infolanus.com\/index.php\/wp-json\/wp\/v2\/media\/7298"}],"wp:attachment":[{"href":"https:\/\/infolanus.com\/index.php\/wp-json\/wp\/v2\/media?parent=7297"}],"wp:term":[{"taxonomy":"category","embeddable":true,"href":"https:\/\/infolanus.com\/index.php\/wp-json\/wp\/v2\/categories?post=7297"},{"taxonomy":"post_tag","embeddable":true,"href":"https:\/\/infolanus.com\/index.php\/wp-json\/wp\/v2\/tags?post=7297"}],"curies":[{"name":"wp","href":"https:\/\/api.w.org\/{rel}","templated":true}]}}