{"id":7299,"date":"2024-06-22T14:13:29","date_gmt":"2024-06-22T17:13:29","guid":{"rendered":"https:\/\/www.inforegion.com.ar\/?p=306928"},"modified":"2024-06-22T14:13:29","modified_gmt":"2024-06-22T17:13:29","slug":"defensa-civil-de-lanus-rescato-un-perro-que-estaba-atrapado-en-una-reja","status":"publish","type":"post","link":"https:\/\/infolanus.com\/index.php\/2024\/06\/22\/defensa-civil-de-lanus-rescato-un-perro-que-estaba-atrapado-en-una-reja\/","title":{"rendered":"Defensa Civil de Lan\u00fas rescat\u00f3 un perro que estaba atrapado en una reja"},"content":{"rendered":"<div><img data-recalc-dims=\"1\" decoding=\"async\" src=\"https:\/\/i0.wp.com\/www.inforegion.com.ar\/wp-content\/uploads\/2024\/06\/perro.jpg?w=640&#038;ssl=1\" class=\"ff-og-image-inserted\"><\/div>\n<p>Personal de <strong>Defensa Civil de Lan\u00fas protagoniz\u00f3 el rescate de un perro<\/strong>, que hab\u00eda quedado atrapado en la reja de una vivienda.<\/p>\n<p>\u201cNuestro personal de primera respuesta acudi\u00f3 a un domicilio de la calle <strong>Pringles al 1900<\/strong> para rescatar a un perro que <strong>se encontraba atorado en una reja<\/strong>\u201c, informaron.<\/p>\n<p>Los trabajos se realizaron con \u201cmucho cuidado\u201d para evitar que el animal sufriera heridas en el rescate. Finalmente, <strong>lograron liberarlo sano y salvo<\/strong>.<\/p>\n","protected":false},"excerpt":{"rendered":"<p>Personal de Defensa Civil de Lan\u00fas protagoniz\u00f3 el rescate de un perro, que hab\u00eda quedado atrapado en la reja de una vivienda. \u201cNuestro personal de primera respuesta acudi\u00f3 a un domicilio de la calle Pringles al 1900 para rescatar a un perro que se encontraba atorado en una reja\u201c, informaron. Los trabajos se realizaron con [&hellip;]<\/p>\n","protected":false},"author":2,"featured_media":7300,"comment_status":"closed","ping_status":"closed","sticky":false,"template":"","format":"standard","meta":{"jetpack_post_was_ever_published":false,"_jetpack_newsletter_access":"","_jetpack_dont_email_post_to_subs":false,"_jetpack_newsletter_tier_id":0,"_jetpack_memberships_contains_paywalled_content":false,"_jetpack_memberships_contains_paid_content":false,"footnotes":"","jetpack_publicize_message":"","jetpack_publicize_feature_enabled":true,"jetpack_social_post_already_shared":true,"jetpack_social_options":{"image_generator_settings":{"template":"highway","enabled":false},"version":2}},"categories":[19],"tags":[774,23,1063,1024,788],"class_list":["post-7299","post","type-post","status-publish","format-standard","has-post-thumbnail","hentry","category-municipio","tag-destacadas","tag-lanus","tag-perro","tag-rescate","tag-sociedad"],"jetpack_publicize_connections":[],"jetpack_featured_media_url":"https:\/\/i0.wp.com\/infolanus.com\/wp-content\/uploads\/2024\/06\/defensa-civil-de-lanus-rescato-un-perro-que-estaba-atrapado-en-una-reja.jpg?fit=1200%2C675&ssl=1","jetpack_sharing_enabled":true,"jetpack_shortlink":"https:\/\/wp.me\/p9QtMr-1TJ","_links":{"self":[{"href":"https:\/\/infolanus.com\/index.php\/wp-json\/wp\/v2\/posts\/7299","targetHints":{"allow":["GET"]}}],"collection":[{"href":"https:\/\/infolanus.com\/index.php\/wp-json\/wp\/v2\/posts"}],"about":[{"href":"https:\/\/infolanus.com\/index.php\/wp-json\/wp\/v2\/types\/post"}],"author":[{"embeddable":true,"href":"https:\/\/infolanus.com\/index.php\/wp-json\/wp\/v2\/users\/2"}],"replies":[{"embeddable":true,"href":"https:\/\/infolanus.com\/index.php\/wp-json\/wp\/v2\/comments?post=7299"}],"version-history":[{"count":0,"href":"https:\/\/infolanus.com\/index.php\/wp-json\/wp\/v2\/posts\/7299\/revisions"}],"wp:featuredmedia":[{"embeddable":true,"href":"https:\/\/infolanus.com\/index.php\/wp-json\/wp\/v2\/media\/7300"}],"wp:attachment":[{"href":"https:\/\/infolanus.com\/index.php\/wp-json\/wp\/v2\/media?parent=7299"}],"wp:term":[{"taxonomy":"category","embeddable":true,"href":"https:\/\/infolanus.com\/index.php\/wp-json\/wp\/v2\/categories?post=7299"},{"taxonomy":"post_tag","embeddable":true,"href":"https:\/\/infolanus.com\/index.php\/wp-json\/wp\/v2\/tags?post=7299"}],"curies":[{"name":"wp","href":"https:\/\/api.w.org\/{rel}","templated":true}]}}