{"id":7301,"date":"2024-06-23T11:33:21","date_gmt":"2024-06-23T14:33:21","guid":{"rendered":"https:\/\/www.ambito.com\/mundo\/donald-trump-confirmo-que-ya-decidio-su-candidato-la-vicepresidencia-las-elecciones-noviembre-n6019478"},"modified":"2024-06-23T11:33:21","modified_gmt":"2024-06-23T14:33:21","slug":"donald-trump-confirmo-que-ya-decidio-su-candidato-a-la-vicepresidencia-para-las-elecciones-de-noviembre","status":"publish","type":"post","link":"https:\/\/infolanus.com\/index.php\/2024\/06\/23\/donald-trump-confirmo-que-ya-decidio-su-candidato-a-la-vicepresidencia-para-las-elecciones-de-noviembre\/","title":{"rendered":"Donald Trump confirm\u00f3 que ya decidi\u00f3 su candidato a la vicepresidencia para las elecciones de noviembre"},"content":{"rendered":"<div><img data-recalc-dims=\"1\" decoding=\"async\" src=\"https:\/\/i0.wp.com\/media.ambito.com\/p\/a10a68a1f6088c1bc215554b44c23921\/adjuntos\/239\/imagenes\/041\/606\/0041606414\/1200x675\/smart\/donald-trumpjpg.jpg?w=640&#038;ssl=1\" class=\"ff-og-image-inserted\"><\/div>\n<div id>\n<p>El ex presidente de Estados Unidos <strong><a href=\"https:\/\/www.ambito.com\/mundo\/donald-trump-pidio-el-apoyo-los-evangelicos-las-elecciones-eeuu-n6019395\" target=\"_blank\" rel=\"follow noopener\">Donald Trump<\/a><\/strong> confirm\u00f3 que ya decidi\u00f3 qui\u00e9n ser\u00e1 su <strong>candidato a la vicepresidencia<\/strong> de cara a las <a href=\"https:\/\/www.ambito.com\/mundo\/elecciones-eeuu-joe-biden-y-donald-trump-se-preparan-un-debate-donde-se-pondra-juego-la-aptitud-mental-n6018989\" target=\"_blank\" rel=\"follow noopener\">elecciones presidenciales<\/a> del pr\u00f3ximo noviembre, aunque \u201cnadie sabe\u201d todav\u00eda su elecci\u00f3n.<\/p>\n<\/div>\n<div id>\n<p class data-mrf-recirculation=\"Links inline\">En declaraciones a la cadena estadounidense <em>NBC News<\/em>, el l\u00edder republicano asegur\u00f3 que tiene el nombre de su vicepresidente \u201cen mente\u201d, aunque a\u00fan no lo ha comunicado a los candidatos que compiten por el puesto.<\/p>\n<\/div>\n<div id>\n<p class data-mrf-recirculation=\"Links inline\">Trump dijo, adem\u00e1s, que <strong>\u201clo m\u00e1s probable\u201d es que esta persona est\u00e9 presente en el debate del pr\u00f3ximo jueves<\/strong> en Atlanta contra el actual presidente y candidato a la reelecci\u00f3n por el Partido Dem\u00f3crata,<strong> Joe Biden<\/strong>.<\/p>\n<\/div>\n<div id>\n<p class data-mrf-recirculation=\"Links inline\">Seg\u00fan recogi\u00f3 el mencionado canal de televisi\u00f3n, el l\u00edder republicano se estar\u00eda decidiendo entre el gobernador de Dakota del Norte, <strong>Doug Burgum<\/strong>, el senador por <strong>Ohio JD Vance<\/strong> y el senador por Florida <strong>Marco Rubio<\/strong>, como posibles principales contendientes para el puesto.<\/p>\n<\/div>\n<div id>\n<p class data-mrf-recirculation=\"Links inline\">Se espera que el candidato republicano anuncie la elecci\u00f3n de su potencial vicepresidente durante la<strong> Convenci\u00f3n Nacional Republicana<\/strong>, que comienza el 15 de julio en Milwaukee, en el estado de Wisconsin.<\/p>\n<p class data-mrf-recirculation=\"Links inline\">Trump inst\u00f3 este s\u00e1bado a los evang\u00e9licos de su pa\u00eds a votar masivamente en las elecciones presidenciales de noviembre para ayudarlo a recobrar la <strong>Casa Blanca<\/strong>, y prometi\u00f3 proteger \u201cferozmente\u201d la<strong> libertad religiosa<\/strong> si es elegido.<\/p>\n<p class data-mrf-recirculation=\"Links inline\">\u201c<strong>Los evang\u00e9licos y cristianos no votan tanto como deber\u00edan<\/strong>\u201d, dijo el candidato republicano en un hotel de Washington ante cientos de asistentes a la conferencia de la coalici\u00f3n Faith and Freedom (Fe y Libertad, en espa\u00f1ol).<\/p>\n<p class data-mrf-recirculation=\"Links inline\">\u201c<strong>Van a la iglesia cada domingo pero no votan. Y tenemos que asegurarnos de que voten esta vez, porque solo tienen que hacerlo esta vez<\/strong>\u201d, pidi\u00f3. \u201cDentro de cuatro a\u00f1os no tienen que votar, \u00bfvale? En cuatro a\u00f1os no voten, no me importa\u201d, remat\u00f3 provocando las risas del p\u00fablico.<\/p>\n<p class data-mrf-recirculation=\"Links inline\">El magnate les asegur\u00f3 a los evang\u00e9licos, que cumplieron un papel importante en su ascenso al poder en 2016, que defender\u00eda su fe.<\/p>\n<p class data-mrf-recirculation=\"Links inline\">Trump ya les ha permitido obtener una victoria hist\u00f3rica al nombrar a tres jueces conservadores en la<strong> Corte Suprema<\/strong>, que en 2022 anul\u00f3 el derecho al aborto en todo el territorio de Estados Unidos.<\/p>\n<p class data-mrf-recirculation=\"Links inline\">\u201c<strong>Protegeremos a los cristianos en nuestras escuelas, en nuestro ej\u00e9rcito, nuestra administraci\u00f3n, nuestros lugares de trabajo, en nuestros hospitales<\/strong>\u201d, se comprometi\u00f3.<\/p>\n<\/div>\n","protected":false},"excerpt":{"rendered":"<p>El ex presidente de Estados Unidos Donald Trump confirm\u00f3 que ya decidi\u00f3 qui\u00e9n ser\u00e1 su candidato a la vicepresidencia de cara a las elecciones presidenciales del pr\u00f3ximo noviembre, aunque \u201cnadie sabe\u201d todav\u00eda su elecci\u00f3n. En declaraciones a la cadena estadounidense NBC News, el l\u00edder republicano asegur\u00f3 que tiene el nombre de su vicepresidente \u201cen mente\u201d, [&hellip;]<\/p>\n","protected":false},"author":2,"featured_media":7302,"comment_status":"closed","ping_status":"closed","sticky":false,"template":"","format":"standard","meta":{"jetpack_post_was_ever_published":false,"_jetpack_newsletter_access":"","_jetpack_dont_email_post_to_subs":false,"_jetpack_newsletter_tier_id":0,"_jetpack_memberships_contains_paywalled_content":false,"_jetpack_memberships_contains_paid_content":false,"footnotes":"","jetpack_publicize_message":"","jetpack_publicize_feature_enabled":true,"jetpack_social_post_already_shared":true,"jetpack_social_options":{"image_generator_settings":{"template":"highway","enabled":false},"version":2}},"categories":[20],"tags":[],"class_list":["post-7301","post","type-post","status-publish","format-standard","has-post-thumbnail","hentry","category-mundo"],"jetpack_publicize_connections":[],"jetpack_featured_media_url":"https:\/\/i0.wp.com\/infolanus.com\/wp-content\/uploads\/2024\/06\/donald-trump-confirmo-que-ya-decidio-su-candidato-a-la-vicepresidencia-para-las-elecciones-de-noviembre.jpg?fit=1200%2C675&ssl=1","jetpack_sharing_enabled":true,"jetpack_shortlink":"https:\/\/wp.me\/p9QtMr-1TL","_links":{"self":[{"href":"https:\/\/infolanus.com\/index.php\/wp-json\/wp\/v2\/posts\/7301","targetHints":{"allow":["GET"]}}],"collection":[{"href":"https:\/\/infolanus.com\/index.php\/wp-json\/wp\/v2\/posts"}],"about":[{"href":"https:\/\/infolanus.com\/index.php\/wp-json\/wp\/v2\/types\/post"}],"author":[{"embeddable":true,"href":"https:\/\/infolanus.com\/index.php\/wp-json\/wp\/v2\/users\/2"}],"replies":[{"embeddable":true,"href":"https:\/\/infolanus.com\/index.php\/wp-json\/wp\/v2\/comments?post=7301"}],"version-history":[{"count":0,"href":"https:\/\/infolanus.com\/index.php\/wp-json\/wp\/v2\/posts\/7301\/revisions"}],"wp:featuredmedia":[{"embeddable":true,"href":"https:\/\/infolanus.com\/index.php\/wp-json\/wp\/v2\/media\/7302"}],"wp:attachment":[{"href":"https:\/\/infolanus.com\/index.php\/wp-json\/wp\/v2\/media?parent=7301"}],"wp:term":[{"taxonomy":"category","embeddable":true,"href":"https:\/\/infolanus.com\/index.php\/wp-json\/wp\/v2\/categories?post=7301"},{"taxonomy":"post_tag","embeddable":true,"href":"https:\/\/infolanus.com\/index.php\/wp-json\/wp\/v2\/tags?post=7301"}],"curies":[{"name":"wp","href":"https:\/\/api.w.org\/{rel}","templated":true}]}}