{"id":7311,"date":"2024-06-25T08:33:39","date_gmt":"2024-06-25T11:33:39","guid":{"rendered":"https:\/\/www.ambito.com\/uruguay\/masa-salarial-sube-6-y-llega-maximo-historico-n6020354"},"modified":"2024-06-25T08:33:39","modified_gmt":"2024-06-25T11:33:39","slug":"masa-salarial-sube-6-y-llega-a-maximo-historico","status":"publish","type":"post","link":"https:\/\/infolanus.com\/index.php\/2024\/06\/25\/masa-salarial-sube-6-y-llega-a-maximo-historico\/","title":{"rendered":"Masa salarial sube 6% y llega a m\u00e1ximo hist\u00f3rico"},"content":{"rendered":"<p><!-- { REGION4 --> <\/p>\n<header class=\"news-headline\" readability=\"1.7426470588235\">\n<div class=\"news-headline__topics-and-date-wrapper\"> <span class=\"news-headline__publication-date\"> 25 de junio 2024 &#8211; 08:33 <\/span><\/div>\n<h2 class=\"news-headline__article-summary\" readability=\"24\">\n<p class=\"ignore-parser\"> A partir del aumento simult\u00e1neo de empleo y salario, este indicador est\u00e1 5 puntos por encima del nivel prepandemia y en su m\u00e1ximo de varias d\u00e9cadas.<\/p>\n<\/h2>\n<\/header>\n<div class=\"detail-highlighted-multimedia content-protected-false\">\n<figure class=\"detail-highlighted-multimedia__figure\"> <img data-recalc-dims=\"1\" loading=\"lazy\" decoding=\"async\" src=\"https:\/\/i0.wp.com\/media.ambito.com\/p\/a0effdbe718066a934e4e6369192758d\/adjuntos\/351\/imagenes\/040\/615\/0040615549\/655x368\/smart\/salario-minimojpg.jpg?resize=640%2C426&#038;ssl=1\" class=\"detail-highlighted-multimedia__figure-img img-fluid\" alt=\"La masa salarial est\u00e1 en su m\u00e1ximo de varias d\u00e9cadas en Uruguay.\" width=\"640\" height=\"426\"><figcaption class=\"detail-highlighted-multimedia__figcaption\" readability=\"-24\"> <\/figcaption><\/figure>\n<\/p><\/div>\n<article class=\"article-body article-body--first-paragraph content-protected-false\" data-td-script-src=\"https:\/\/www.ambito.com\/td\/modulos\/encuestas\/js\/function-embeds-min-version-1718683636.js\" readability=\"39.290780141844\">\n<p>En el primer trimestre del a\u00f1o los <a href=\"https:\/\/www.google.com\/url?client=internal-element-cse&amp;cx=008892114045256532459:e63xqbr3i5i&amp;q=https:\/\/www.ambito.com\/uruguay\/el-salario-real-volvio-crecer-y-sigue-encima-la-prepandemia-n6008143&amp;sa=U&amp;ved=2ahUKEwjEpdz20_aGAxXuBLkGHaYTDngQFnoECAcQAg&amp;usg=AOvVaw2VV19tdCz3dj52Q54dF9nr&amp;arm=e&amp;fexp=72519171,72519168\" target=\"_blank\" rel=\"follow noopener\"><strong>salarios reales<\/strong><\/a> tuvieron un aumento del 4%, producto de ajustes nominales que se ubicaron en torno al 8%, mientras la <strong>inflaci\u00f3n<\/strong> se ubic\u00f3 en torno al 4%. Al mismo tiempo la<strong> tasa de empleo<\/strong> avanz\u00f3 de 57,5 al 58,7% en el promedio del primer trimestre 2023 y 2024, respectivamente. Empleo y salario constituye las bases de la denominada <strong>masa salarial,<\/strong> es decir el agregado de todo lo que se paga en la econom\u00eda en concepto de salarios, que obviamente es el principal ingreso de los hogares. Al multiplicar ambas variables se obtiene una estimaci\u00f3n de la masa salarial, la cual subi\u00f3 6% interanual en el primer trimestre, precisamente por el aumento simult\u00e1neo del empleo y los salarios. De esta manera la masa salarial se ubica 5% por encima de su nivel prepandemia, y est\u00e1 en su m\u00e1ximo de varias d\u00e9cadas.<\/p>\n<\/article>\n<article class=\"article-body article-body--second-paragraph content-protected-false\" readability=\"32.519262981575\">\n<p>Esta estimaci\u00f3n de la masa salarial se hace en base a los datos oficiales del <strong>Instituto Nacional de Estad\u00edstica (INE)<\/strong>. En el caso del empleo el dato surge de la encuesta de hogares y efectivamente -si bien en los \u00faltimos meses ha tendido a cierta estabilizaci\u00f3n- la comparaci\u00f3n interanual da un aumento apreciable, tal cual se describ\u00eda l\u00edneas arriba. El<strong> \u00cdndice Medio de Salarios (IMS) <\/strong>por su parte, tambi\u00e9n lo elabora el INE, a partir de la <a href=\"https:\/\/www.google.com\/url?client=internal-element-cse&amp;cx=008892114045256532459:e63xqbr3i5i&amp;q=https:\/\/www.ambito.com\/uruguay\/el-salario-minimo-o-es-el-unico-sudamerica-que-permite-vivir-comodamente-segun-una-ia-n5951431&amp;sa=U&amp;ved=2ahUKEwjEpdz20_aGAxXuBLkGHaYTDngQFnoECAkQAg&amp;usg=AOvVaw0r0qUjLhwM8CK4qY6D6iBY&amp;arm=e&amp;fexp=72519171,72519168\" target=\"_blank\" rel=\"follow noopener\">evoluci\u00f3n de los salarios<\/a> en todos los sectores, incluyendo el Estado. El \u00edndice incorpora exclusivamente los <strong>salarios formales<\/strong> de la econom\u00eda.<\/p>\n<\/article>\n<section class=\"related-news\"> <span class=\"related-news__title\">Informate m\u00e1s<\/span> <\/p>\n<div class=\"row row--eq-height\">\n<div class=\"col-12 col-md-6\">\n<article class=\"news-article news-article--landscape-news news-article--landscape-news\">\n<figure class=\"news-article__figure figure\"> <a href=\"https:\/\/www.ambito.com\/uruguay\/los-salarios-le-empataron-la-inflacion-marzo-n5990824\" target title=\"\u00e1mbito.com | Los salarios le empataron a la inflaci\u00f3n en marzo\" alt=\"\u00e1mbito.com | Los salarios le empataron a la inflaci\u00f3n en marzo\" rel=\"noindex nofollow noreferrer\"> <img loading=\"lazy\" decoding=\"async\" src=\"https:\/\/www.ambito.com\/css-custom\/351\/lazy.svg\" data-td-src-property=\"https:\/\/media.ambito.com\/p\/c712dc4c1b8116cd0cba9fe3f10d28cf\/adjuntos\/351\/imagenes\/040\/978\/0040978001\/93x52\/smart\/pesos-uruguayos-moneda-nacional.jpg\" alt=\"El \u00cdndice Medio de Salarios acumula una variaci\u00f3n anual del 4,73%.\" title=\"El \u00cdndice Medio de Salarios acumula una variaci\u00f3n anual del 4,73%.\" width=\"93\" height=\"52\" class=\"news-article__figure-img figure-img img-fluid\"> <\/a><\/figure>\n<\/article><\/div>\n<div class=\"col-12 col-md-6\">\n<article class=\"news-article news-article--landscape-news news-article--landscape-news\">\n<figure class=\"news-article__figure figure\"> <a href=\"https:\/\/www.ambito.com\/uruguay\/empleo-salario-real-e-inversion-extranjera-lacalle-pou-resalto-los-logros-economicos-n5958580\" target title=\"\u00e1mbito.com | Empleo, salario real e inversi\u00f3n extranjera: Lacalle Pou resalt\u00f3 los logros econ\u00f3micos\" alt=\"\u00e1mbito.com | Empleo, salario real e inversi\u00f3n extranjera: Lacalle Pou resalt\u00f3 los logros econ\u00f3micos\" rel=\"noindex nofollow noreferrer\"> <img loading=\"lazy\" decoding=\"async\" src=\"https:\/\/www.ambito.com\/css-custom\/351\/lazy.svg\" data-td-src-property=\"https:\/\/media.ambito.com\/p\/098fc2318783b05d7f8f740f3e20cb89\/adjuntos\/351\/imagenes\/041\/357\/0041357533\/93x52\/smart\/ministros-asamblea-generaljpg.jpg\" alt=\"El presidente centr\u00f3 los logros econ\u00f3micos en tres pilares: empleo, recuperaci\u00f3n del salario y aumento de la inversi\u00f3n extranjera.\" title=\"El presidente centr\u00f3 los logros econ\u00f3micos en tres pilares: empleo, recuperaci\u00f3n del salario y aumento de la inversi\u00f3n extranjera.\" width=\"93\" height=\"52\" class=\"news-article__figure-img figure-img img-fluid\"> <\/a><\/figure>\n<\/article><\/div>\n<\/div>\n<\/section>\n<article class=\"article-body article-body--third-paragraph content-protected-false\" readability=\"35\">\n<p> El c\u00e1lculo que acompa\u00f1a este an\u00e1lisis no incluye el aumento poblacional, que en <strong>Uruguay<\/strong> es muy modesto a\u00f1o a a\u00f1o, algo que se ha sido comprobado por las recientes cifras preliminares del censo. De incorporarse este factor, el c\u00e1lculo ser\u00eda m\u00e1s exacto, aunque seguramente sin grandes diferencias, con una evoluci\u00f3n de la masa salarial que ser\u00eda levemente mayor.<\/p>\n<\/article>\n<article class=\"article-body article-body--fourth-paragraph content-protected-false\" readability=\"34\">\n<div contenteditable=\"false\" class=\"embed_cont type_imagen\" id=\"7948944-Libre-2087765769_wrap\" readability=\"6\">\n<p> Masa salarial.jpg <span onclick=\"parent.parent.TinyMCETdcuerpo.preview_embed('7948944-Libre-2087765769')\" class=\"embed_colapse less\" id=\"7948944-Libre-2087765769_colapse\"><\/span> <span onclick=\"parent.parent.TinyMCETdcuerpo.delete_embed('7948944-Libre-2087765769')\" class=\"embed_delete less\" id=\"7948944-Libre-2087765769_delete\"><\/span><\/p>\n<div id=\"7948944-Libre-2087765769_content\" class=\"embed_content\"><img decoding=\"async\" src=\"https:\/\/www.ambito.com\/css-custom\/351\/lazy.svg\" data-td-src-property=\"https:\/\/media.ambito.com\/p\/6dc38d24aa0e4adebbefd57fb0412f52\/adjuntos\/351\/imagenes\/041\/611\/0041611077\/730x0\/smart\/masa-salarialjpg.jpg\" alt=\"La masa salarial creci&amp;oacute; 6% en el primer trimestre.\" title=\"La masa salarial creci&amp;oacute; 6% en el primer trimestre.\" width=\"730\" height=\"undefined\" id=\"7948944-Libre-2087765769_embed\"><\/div>\n<div id=\"7948944-Libre-2087765769_epigrafe\" class=\"embed_epigrafe\" readability=\"7\">\n<p> La masa salarial creci\u00f3 6% en el primer trimestre.<\/p>\n<\/div><\/div>\n<h2><strong> Salarios y PIB<\/strong><\/h2>\n<p>Con la llegada de la pandemia hubo una fuerte ca\u00edda en el empleo y con \u00e9l obviamente de la masa salarial, si bien no todos los sectores fueron afectados de la misma manera. Los trabajadores estatales -obviamente- mantuvieron b\u00e1sicamente sus empleos y tambi\u00e9n se logr\u00f3 sortear con bastante \u00e9xito el trance a nivel de la construcci\u00f3n y del sector Industrial, en general. Superada la pandemia -que demor\u00f3 hasta bien entrado el a\u00f1o 2021- el empleo empieza a mejorar pero el salario se vio topeado en t\u00e9rminos reales por el empuje de inflaci\u00f3n que ocurri\u00f3 en los meses posteriores. En efecto, la inflaci\u00f3n anual paso de alrededor de 7% a mediados de 2021 a 9% hacia mediados de 2022. Hubo que esperar hasta el 2023 para tener <strong>aumentos salariales nominales<\/strong> por arriba de la inflaci\u00f3n (aumento real) mientras el empleo segu\u00eda fortaleci\u00e9ndose. All\u00ed s\u00ed la masa salarial empez\u00f3 a mostrar un avance, pero fue reci\u00e9n hacia fines de 2023 que equipara sus niveles de 2018- 2019. Ya entrado este a\u00f1o 2024 el fuerte aumento de salario real en simult\u00e1neo con un empleo que crece en t\u00e9rminos interanuales lleva la masa salarial al mencionado r\u00e9cord hist\u00f3rico.<\/p>\n<\/article>\n<article class=\"article-body article-body--remaining-paragraph content-protected-false\" readability=\"44.896284829721\">\n<p>En todo ese periodo que hemos recorrido de manera muy general, el <strong>PIB<\/strong> recupera los niveles prepandemia en el a\u00f1o 2022 e incluso queda algo por encima, de manera que superaba en aquel momento la evoluci\u00f3n de la masa salarial. Esto cambia en los \u00faltimos meses; por un lado, <a href=\"https:\/\/www.google.com\/url?client=internal-element-cse&amp;cx=008892114045256532459:e63xqbr3i5i&amp;q=https:\/\/www.ambito.com\/uruguay\/el-crecimiento-futuro-la-economia-a-n6016898&amp;sa=U&amp;ved=2ahUKEwjX_8yS1PaGAxXqGrkGHZ9zDsEQFnoECAIQAg&amp;usg=AOvVaw1KsJLfZvr-d2_z3tYfT9ds&amp;arm=e&amp;fexp=72519171,72519168\" target=\"_blank\" rel=\"follow noopener\">el PIB creci\u00f3 muy modestamente<\/a> en el a\u00f1o 2023, por los conocidos efectos de la <strong>sequ\u00eda<\/strong> y tambi\u00e9n del<strong> impacto de la crisis argentina<\/strong>. Mientras, salarios y empleo siguieron su avance y ya en el arranque de este a\u00f1o 2024 la relaci\u00f3n entre la masa salarial y el PIB est\u00e1 dos puntos por encima de su nivel pre pandemia. Dicho de otra forma, respecto a la situaci\u00f3n de 2019 la masa salarial aumenta m\u00e1s que el PIB.<\/p>\n<p>El desaf\u00edo de aqu\u00ed en m\u00e1s -entre otros- es que la econom\u00eda pueda sostener este avance, mientras se retoma la reducci\u00f3n en los niveles de <strong>informalidad,<\/strong> una de las tendencias positivas del escenario post pandemia. Se estima que el PIB crecer\u00e1 este a\u00f1o por arriba del 3%, aunque algunas estimaciones recientes son m\u00e1s cautelosas. <strong>Uruguay<\/strong> est\u00e1 con <strong>problemas de competitividad<\/strong> (el costo salarial general es uno de los factores), el <strong>d\u00e9ficit fiscal<\/strong> es alto y el escenario regional y global no es tan halag\u00fce\u00f1o. El avance en la masa salarial es objetivo, pero su permanencia no est\u00e1 garantizada.<\/p>\n<\/article>\n<p> <!-- REGION4 } --> <\/p>\n","protected":false},"excerpt":{"rendered":"<p>25 de junio 2024 &#8211; 08:33 A partir del aumento simult\u00e1neo de empleo y salario, este indicador est\u00e1 5 puntos por encima del nivel prepandemia y en su m\u00e1ximo de varias d\u00e9cadas. En el primer trimestre del a\u00f1o los salarios reales tuvieron un aumento del 4%, producto de ajustes nominales que se ubicaron en torno [&hellip;]<\/p>\n","protected":false},"author":2,"featured_media":7312,"comment_status":"closed","ping_status":"closed","sticky":false,"template":"","format":"standard","meta":{"jetpack_post_was_ever_published":false,"_jetpack_newsletter_access":"","_jetpack_dont_email_post_to_subs":false,"_jetpack_newsletter_tier_id":0,"_jetpack_memberships_contains_paywalled_content":false,"_jetpack_memberships_contains_paid_content":false,"footnotes":"","jetpack_publicize_message":"","jetpack_publicize_feature_enabled":true,"jetpack_social_post_already_shared":true,"jetpack_social_options":{"image_generator_settings":{"template":"highway","enabled":false},"version":2}},"categories":[20],"tags":[],"class_list":["post-7311","post","type-post","status-publish","format-standard","has-post-thumbnail","hentry","category-mundo"],"jetpack_publicize_connections":[],"jetpack_featured_media_url":"https:\/\/i0.wp.com\/infolanus.com\/wp-content\/uploads\/2024\/06\/masa-salarial-sube-6-y-llega-a-maximo-historico.jpg?fit=655%2C368&ssl=1","jetpack_sharing_enabled":true,"jetpack_shortlink":"https:\/\/wp.me\/p9QtMr-1TV","_links":{"self":[{"href":"https:\/\/infolanus.com\/index.php\/wp-json\/wp\/v2\/posts\/7311","targetHints":{"allow":["GET"]}}],"collection":[{"href":"https:\/\/infolanus.com\/index.php\/wp-json\/wp\/v2\/posts"}],"about":[{"href":"https:\/\/infolanus.com\/index.php\/wp-json\/wp\/v2\/types\/post"}],"author":[{"embeddable":true,"href":"https:\/\/infolanus.com\/index.php\/wp-json\/wp\/v2\/users\/2"}],"replies":[{"embeddable":true,"href":"https:\/\/infolanus.com\/index.php\/wp-json\/wp\/v2\/comments?post=7311"}],"version-history":[{"count":0,"href":"https:\/\/infolanus.com\/index.php\/wp-json\/wp\/v2\/posts\/7311\/revisions"}],"wp:featuredmedia":[{"embeddable":true,"href":"https:\/\/infolanus.com\/index.php\/wp-json\/wp\/v2\/media\/7312"}],"wp:attachment":[{"href":"https:\/\/infolanus.com\/index.php\/wp-json\/wp\/v2\/media?parent=7311"}],"wp:term":[{"taxonomy":"category","embeddable":true,"href":"https:\/\/infolanus.com\/index.php\/wp-json\/wp\/v2\/categories?post=7311"},{"taxonomy":"post_tag","embeddable":true,"href":"https:\/\/infolanus.com\/index.php\/wp-json\/wp\/v2\/tags?post=7311"}],"curies":[{"name":"wp","href":"https:\/\/api.w.org\/{rel}","templated":true}]}}