{"id":7319,"date":"2024-06-25T21:08:00","date_gmt":"2024-06-26T00:08:00","guid":{"rendered":"https:\/\/www.ambito.com\/uruguay\/las-exportaciones-servicios-logisticos-totalizaron-us-842m-y-podrian-quintuplicarse-n6020892"},"modified":"2024-06-25T21:08:00","modified_gmt":"2024-06-26T00:08:00","slug":"las-exportaciones-de-servicios-logisticos-totalizaron-us-842m-y-podrian-quintuplicarse","status":"publish","type":"post","link":"https:\/\/infolanus.com\/index.php\/2024\/06\/25\/las-exportaciones-de-servicios-logisticos-totalizaron-us-842m-y-podrian-quintuplicarse\/","title":{"rendered":"Las exportaciones de servicios log\u00edsticos totalizaron u$s 842M y podr\u00edan quintuplicarse"},"content":{"rendered":"<p><!-- { REGION4 --> <\/p>\n<header class=\"news-headline\" readability=\"1.8527131782946\">\n<div class=\"news-headline__topics-and-date-wrapper\"> <span class=\"news-headline__publication-date\"> 25 de junio 2024 &#8211; 21:08 <\/span><\/div>\n<h2 class=\"news-headline__article-summary\" readability=\"24\">\n<p class=\"ignore-parser\">El pa\u00eds puede convertirse en un hub de distribuci\u00f3n regional si se le da prioridad, aseguran representantes del sector.<\/p>\n<\/h2>\n<\/header>\n<div class=\"detail-highlighted-multimedia content-protected-false\">\n<figure class=\"detail-highlighted-multimedia__figure\"> <img data-recalc-dims=\"1\" loading=\"lazy\" decoding=\"async\" src=\"https:\/\/i0.wp.com\/media.ambito.com\/p\/8c30fd1edc5448492097c9e383a8d583\/adjuntos\/351\/imagenes\/041\/328\/0041328454\/655x368\/smart\/contenedores-exportaciones-puertojpg.jpg?resize=640%2C426&#038;ssl=1\" class=\"detail-highlighted-multimedia__figure-img img-fluid\" alt=\"Las exportaciones de servicios log\u00edsticos totalizaron 842 millones de d\u00f3lares en 2023.\" width=\"640\" height=\"426\"><figcaption class=\"detail-highlighted-multimedia__figcaption\" readability=\"-24\"> <span class=\"detail-highlighted-multimedia__copyright\">Foto: Freepik<\/span><\/figcaption><\/figure>\n<\/div>\n<article class=\"article-body article-body--first-paragraph content-protected-false\" data-td-script-src=\"https:\/\/www.ambito.com\/td\/modulos\/encuestas\/js\/function-embeds-min-version-1718856497.js\" readability=\"26.182186234818\">\n<p>Las <strong>exportaciones de servicios log\u00edsticos <\/strong>entre residentes y no residentes alcanzaron los 842 millones de d\u00f3lares durante 2023 y desde el sector aseguran que <a href=\"https:\/\/www.ambito.com\/uruguay\/las-exportaciones-aumentaron-8-interanual-mayo-n6009272\" target=\"_blank\" rel=\"follow noopener\">el nivel de colocaciones<\/a> se podr\u00eda quintuplicar con decisiones que impulsen al sector.<\/p>\n<\/article>\n<article class=\"article-body article-body--second-paragraph content-protected-false\" readability=\"31.064748201439\">\n<p>El presidente de la <strong>Administraci\u00f3n Nacional de Puertos <\/strong>(ANP), <strong>Juan Curbelo, <\/strong>destac\u00f3 en di\u00e1logo con Telemundo que el objetivo es \u201cgenerar una cadena de desarrollo de servicios log\u00edsticos que apunten a la regi\u00f3n y que el <strong>Uruguay <\/strong>se transforme en <a href=\"https:\/\/www.ambito.com\/uruguay\/expertos-valoran-el-camino-del-puerto-montevideo-posicionarse-como-hub-regional-n5985286\" target=\"_blank\" rel=\"follow noopener\">un hub de distribuci\u00f3n regional\u201d,<\/a> al destacar que cuenta con \u201cnormas aduaneras, portuarias o tributarias m\u00e1s atractivas\u201d que otros pa\u00edses de <strong>Am\u00e9rica Latina.<\/strong><\/p>\n<\/article>\n<section class=\"related-news\"><span class=\"related-news__title\"> Informate m\u00e1s<\/span> <\/p>\n<div class=\"row row--eq-height\">\n<div class=\"col-12 col-md-6\">\n<article class=\"news-article news-article--landscape-news news-article--landscape-news\">\n<figure class=\"news-article__figure figure\"> <a href=\"https:\/\/www.ambito.com\/uruguay\/el-567-las-exportaciones-proceden-montevideo-colonia-y-canelones-n6018726\" target title=\"\u00e1mbito.com | El 56,7% de las exportaciones proceden de Montevideo, Colonia y Canelones\" alt=\"\u00e1mbito.com | El 56,7% de las exportaciones proceden de Montevideo, Colonia y Canelones\" rel=\"noindex nofollow noreferrer\"> <img loading=\"lazy\" decoding=\"async\" src=\"https:\/\/www.ambito.com\/css-custom\/351\/lazy.svg\" data-td-src-property=\"https:\/\/media.ambito.com\/p\/ffc2965710a105ba71c7c45f84de7b26\/adjuntos\/351\/imagenes\/041\/261\/0041261804\/93x52\/smart\/puerto-montevideo-contenedor-barco.jpg\" alt=\"M\u00e1s de la mitad de las colocaciones uruguayas proceden del sector sur-oeste del pa\u00eds.\" title=\"M\u00e1s de la mitad de las colocaciones uruguayas proceden del sector sur-oeste del pa\u00eds.\" width=\"93\" height=\"52\" class=\"news-article__figure-img figure-img img-fluid\"> <\/a><\/figure>\n<\/article><\/div>\n<div class=\"col-12 col-md-6\">\n<article class=\"news-article news-article--landscape-news news-article--landscape-news\">\n<figure class=\"news-article__figure figure\"> <a href=\"https:\/\/www.ambito.com\/uruguay\/la-rentabilidad-los-exportadores-cayo-un-14-2022-y-podria-empeorar-fin-ano-n6015285\" target title=\"\u00e1mbito.com | La rentabilidad de los exportadores cay\u00f3 un 14% desde 2022 y podr\u00eda empeorar hacia fin de a\u00f1o\" alt=\"\u00e1mbito.com | La rentabilidad de los exportadores cay\u00f3 un 14% desde 2022 y podr\u00eda empeorar hacia fin de a\u00f1o\" rel=\"noindex nofollow noreferrer\"> <img loading=\"lazy\" decoding=\"async\" src=\"https:\/\/www.ambito.com\/css-custom\/351\/lazy.svg\" data-td-src-property=\"https:\/\/media.ambito.com\/p\/d180af1eb4b823235f4aed27fc8e470b\/adjuntos\/351\/imagenes\/041\/421\/0041421536\/93x52\/smart\/exportaciones-contenedoresjpg.jpg\" alt=\"La rentabilidad de los exportadores mostr\u00f3 una ca\u00edda sostenida desde 2022.\" title=\"La rentabilidad de los exportadores mostr\u00f3 una ca\u00edda sostenida desde 2022.\" width=\"93\" height=\"52\" class=\"news-article__figure-img figure-img img-fluid\"> <\/a><\/figure>\n<\/article><\/div>\n<\/div>\n<\/section>\n<article class=\"article-body article-body--third-paragraph content-protected-false\" readability=\"32\">\n<p> Curbelo se expres\u00f3 as\u00ed durante la presentaci\u00f3n del monitor de la <strong>Fundaci\u00f3n Tecnolog <\/strong>sobre las colocaciones del sector. En ese marco, el subsecretario de Relaciones Exteriores, <strong>Nicol\u00e1s Albertoni, <\/strong>destac\u00f3 la posici\u00f3n de <strong>Uruguay <\/strong>como prestador de servicios para la regi\u00f3n.<\/p>\n<\/article>\n<article class=\"article-body article-body--fourth-paragraph content-protected-false\" readability=\"33\">\n<p>En tanto, el Presidente de Tecnolog, <strong>Rub\u00e9n Azar, <\/strong>valor\u00f3 \u201cel potencial de crecimiento significativo\u201d de las exportaciones de servicios log\u00edsticos y pidi\u00f3 que el monitor sirva \u201cno solo como un insumo estad\u00edstico, sino tambi\u00e9n para la toma de decisiones sobre c\u00f3mo mejorar el negocio&#8221;.<\/p>\n<\/article>\n<article class=\"article-body article-body--remaining-paragraph content-protected-false\" readability=\"44.195067264574\">\n<h2>Uruguay se posiciona como hub de servicios log\u00edsticos<\/h2>\n<p>La discusi\u00f3n sobre convertirse en un centro regional de <strong>servicios log\u00edsticos <\/strong>se da a poco m\u00e1s de un mes de que el pa\u00eds fuera <a href=\"https:\/\/www.ambito.com\/uruguay\/expertos-valoran-el-camino-del-puerto-montevideo-posicionarse-como-hub-regional-n5985286\" target=\"_blank\" rel=\"follow noopener\">destacado como \u201chub log\u00edstico\u201d<\/a> para la <strong>industria farmac\u00e9utica.<\/strong><\/p>\n<p>En aquella ocasi\u00f3n se destac\u00f3 el liderazgo en supply chain, la <strong>seguridad y trazabilidad <\/strong>en la cadena log\u00edstica, el control de la cadena de fr\u00edo y la sustentabilidad en la cadena de distribuci\u00f3n, as\u00ed como las oportunidades de implementaci\u00f3n de <strong>inteligencia artificial <\/strong>y soluciones innovadoras para lograr acceso y sustentabilidad.<\/p>\n<p>\u201cEntre todos podemos hacer visible a <strong>Uruguay <\/strong>como un hub log\u00edstico y como un pa\u00eds con estabilidad jur\u00eddica, pol\u00edtica, econ\u00f3mica y social, aspectos que los inversores valoran cuando les preguntamos por qu\u00e9 est\u00e1n ac\u00e1\u201d, sostuvo a <strong>\u00c1mbito <\/strong>el director ejecutivo de Uruguay XXI, <strong>Sebasti\u00e1n Risso.<\/strong><\/p>\n<\/article>\n<p> <!-- REGION4 } --> <\/p>\n","protected":false},"excerpt":{"rendered":"<p>25 de junio 2024 &#8211; 21:08 El pa\u00eds puede convertirse en un hub de distribuci\u00f3n regional si se le da prioridad, aseguran representantes del sector. Foto: Freepik Las exportaciones de servicios log\u00edsticos entre residentes y no residentes alcanzaron los 842 millones de d\u00f3lares durante 2023 y desde el sector aseguran que el nivel de colocaciones [&hellip;]<\/p>\n","protected":false},"author":2,"featured_media":7320,"comment_status":"closed","ping_status":"closed","sticky":false,"template":"","format":"standard","meta":{"jetpack_post_was_ever_published":false,"_jetpack_newsletter_access":"","_jetpack_dont_email_post_to_subs":false,"_jetpack_newsletter_tier_id":0,"_jetpack_memberships_contains_paywalled_content":false,"_jetpack_memberships_contains_paid_content":false,"footnotes":"","jetpack_publicize_message":"","jetpack_publicize_feature_enabled":true,"jetpack_social_post_already_shared":true,"jetpack_social_options":{"image_generator_settings":{"template":"highway","enabled":false},"version":2}},"categories":[20],"tags":[],"class_list":["post-7319","post","type-post","status-publish","format-standard","has-post-thumbnail","hentry","category-mundo"],"jetpack_publicize_connections":[],"jetpack_featured_media_url":"https:\/\/i0.wp.com\/infolanus.com\/wp-content\/uploads\/2024\/06\/las-exportaciones-de-servicios-logisticos-totalizaron-us-842m-y-podrian-quintuplicarse.jpg?fit=655%2C368&ssl=1","jetpack_sharing_enabled":true,"jetpack_shortlink":"https:\/\/wp.me\/p9QtMr-1U3","_links":{"self":[{"href":"https:\/\/infolanus.com\/index.php\/wp-json\/wp\/v2\/posts\/7319","targetHints":{"allow":["GET"]}}],"collection":[{"href":"https:\/\/infolanus.com\/index.php\/wp-json\/wp\/v2\/posts"}],"about":[{"href":"https:\/\/infolanus.com\/index.php\/wp-json\/wp\/v2\/types\/post"}],"author":[{"embeddable":true,"href":"https:\/\/infolanus.com\/index.php\/wp-json\/wp\/v2\/users\/2"}],"replies":[{"embeddable":true,"href":"https:\/\/infolanus.com\/index.php\/wp-json\/wp\/v2\/comments?post=7319"}],"version-history":[{"count":0,"href":"https:\/\/infolanus.com\/index.php\/wp-json\/wp\/v2\/posts\/7319\/revisions"}],"wp:featuredmedia":[{"embeddable":true,"href":"https:\/\/infolanus.com\/index.php\/wp-json\/wp\/v2\/media\/7320"}],"wp:attachment":[{"href":"https:\/\/infolanus.com\/index.php\/wp-json\/wp\/v2\/media?parent=7319"}],"wp:term":[{"taxonomy":"category","embeddable":true,"href":"https:\/\/infolanus.com\/index.php\/wp-json\/wp\/v2\/categories?post=7319"},{"taxonomy":"post_tag","embeddable":true,"href":"https:\/\/infolanus.com\/index.php\/wp-json\/wp\/v2\/tags?post=7319"}],"curies":[{"name":"wp","href":"https:\/\/api.w.org\/{rel}","templated":true}]}}