{"id":7323,"date":"2024-06-26T21:24:00","date_gmt":"2024-06-27T00:24:00","guid":{"rendered":"https:\/\/www.ambito.com\/mundo\/bolivia-el-momento-su-detencion-zuniga-acuso-luis-arce-ordenarle-sacar-los-blindados-n6021650"},"modified":"2024-06-26T21:24:00","modified_gmt":"2024-06-27T00:24:00","slug":"bolivia-en-el-momento-de-su-detencion-zuniga-acuso-a-luis-arce-de-ordenarle-sacar-los-blindados","status":"publish","type":"post","link":"https:\/\/infolanus.com\/index.php\/2024\/06\/26\/bolivia-en-el-momento-de-su-detencion-zuniga-acuso-a-luis-arce-de-ordenarle-sacar-los-blindados\/","title":{"rendered":"Bolivia: en el momento de su detenci\u00f3n, Z\u00fa\u00f1iga acus\u00f3 a Luis Arce de ordenarle sacar &#8221;los blindados&#8221;"},"content":{"rendered":"<div><img data-recalc-dims=\"1\" decoding=\"async\" src=\"https:\/\/i0.wp.com\/media.ambito.com\/p\/2bbfe4ba064c6a955c3d6c21ca5460cc\/adjuntos\/239\/imagenes\/041\/617\/0041617302\/1200x675\/smart\/bolivia11-1jpg.jpg?w=640&#038;ssl=1\" class=\"ff-og-image-inserted\"><\/div>\n<div id>\n<p>&#8221;El presidente (Arce) me dijo: &#8216;la situaci\u00f3n est\u00e1 muy jodida esta semana. Va a ser cr\u00edtica esta semana. <strong>Entonces es necesario preparar algo para levantar mi popularidad<\/strong>&#8221;&#8217;. relat\u00f3 en declaraciones a la prensa.<\/p>\n<\/div>\n<div id>\n<p>&#8221;Me dice: &#8216;sacamos los blindados, sac\u00e1&#8217;. Entonces, <strong>el domingo a la noche ya los blindados empiezan a bajar<\/strong>, seis cascabeles, seis urut\u00fas, m\u00e1s 14 z del Regimiento de Achacachi&#8217;, finaliz\u00f3, luego del fracaso.<\/p>\n<\/div>\n<div id>\n<div contenteditable=\"false\" class=\"embed_cont type_video\" id=\"7949836-1440377652_wrap\">\n<p> Zu\u00f1iga.mp4 <span onclick=\"parent.parent.TinyMCETdcuerpo.preview_embed('7949836-1440377652')\" class=\"embed_colapse less\" id=\"7949836-1440377652_colapse\"><\/span> <span onclick=\"parent.parent.TinyMCETdcuerpo.delete_embed('7949836-1440377652')\" class=\"embed_delete less\" id=\"7949836-1440377652_delete\"><\/span><\/p>\n<\/p><\/div>\n<p>La Fiscal\u00eda General de Bolivia adelant\u00f3 que iniciar\u00e1 una <strong>investigaci\u00f3n penal en contra de Z\u00fa\u00f1iga<\/strong> y contra quienes lo acompa\u00f1aron en la<strong> movilizaci\u00f3n militar en los alrededores del palacio presidencial.<\/strong><\/p>\n<\/p><\/div>\n<div id>\n<h2> Qui\u00e9n es Juan Jos\u00e9 Z\u00fa\u00f1iga<\/h2>\n<p>El comandante del Ej\u00e9rcito de Bolivia, <strong>Juan Jos\u00e9 Z\u00fa\u00f1iga<\/strong>, perdi\u00f3 su cargo el martes tras una serie de <strong>amenazas contra el exmandatario Evo Morales.<\/strong><\/p>\n<p>En declaraciones televisivas esta semana, el militar hab\u00eda dicho que <strong>Morales<\/strong> &#8220;no puede ser m\u00e1s presidente de este pa\u00eds&#8221;.<\/p>\n<p>&#8220;Soy un militar de honor que <strong>est\u00e1 dispuesto a ofrendar su vida por la defensa y la unidad de la patria<\/strong>. Nuestra patria, una vez m\u00e1s esta baj\u00f3 el <strong>acecho de los enemigos internos<\/strong> y externos que buscan la divisi\u00f3n, la desestabilizaci\u00f3n y el odio entre bolivianos, para apoderarse de los recursos naturales en <strong>beneficio de intereses mezquinos y de grupos de poder que responden al caudillismo<\/strong>&#8220;<strong>,<\/strong> argument\u00f3.<\/p>\n<p>Luego del intento de golpe, el presidente<strong> Luis Arce<\/strong> destituy\u00f3 a la c\u00fapula de las Fuerzas Armadas y tomar\u00e1 juramento a nuevos<strong> l\u00edderes militares.<\/strong><\/p>\n<p>En este contexto, el mandatario llam\u00f3 al &#8220;pueblo boliviano a movilizarse en contra del golpe de Estado&#8221;, dijo rodeado de su equipo de gesti\u00f3n.<\/p>\n<\/p><\/div>\n","protected":false},"excerpt":{"rendered":"<p>&#8221;El presidente (Arce) me dijo: &#8216;la situaci\u00f3n est\u00e1 muy jodida esta semana. Va a ser cr\u00edtica esta semana. Entonces es necesario preparar algo para levantar mi popularidad&#8221;&#8217;. relat\u00f3 en declaraciones a la prensa. &#8221;Me dice: &#8216;sacamos los blindados, sac\u00e1&#8217;. Entonces, el domingo a la noche ya los blindados empiezan a bajar, seis cascabeles, seis urut\u00fas, [&hellip;]<\/p>\n","protected":false},"author":2,"featured_media":7324,"comment_status":"closed","ping_status":"closed","sticky":false,"template":"","format":"standard","meta":{"jetpack_post_was_ever_published":false,"_jetpack_newsletter_access":"","_jetpack_dont_email_post_to_subs":false,"_jetpack_newsletter_tier_id":0,"_jetpack_memberships_contains_paywalled_content":false,"_jetpack_memberships_contains_paid_content":false,"footnotes":"","jetpack_publicize_message":"","jetpack_publicize_feature_enabled":true,"jetpack_social_post_already_shared":true,"jetpack_social_options":{"image_generator_settings":{"template":"highway","enabled":false},"version":2}},"categories":[20],"tags":[],"class_list":["post-7323","post","type-post","status-publish","format-standard","has-post-thumbnail","hentry","category-mundo"],"jetpack_publicize_connections":[],"jetpack_featured_media_url":"https:\/\/i0.wp.com\/infolanus.com\/wp-content\/uploads\/2024\/06\/bolivia-en-el-momento-de-su-detencion-zuniga-acuso-a-luis-arce-de-ordenarle-sacar-los-blindados.jpg?fit=1200%2C675&ssl=1","jetpack_sharing_enabled":true,"jetpack_shortlink":"https:\/\/wp.me\/p9QtMr-1U7","_links":{"self":[{"href":"https:\/\/infolanus.com\/index.php\/wp-json\/wp\/v2\/posts\/7323","targetHints":{"allow":["GET"]}}],"collection":[{"href":"https:\/\/infolanus.com\/index.php\/wp-json\/wp\/v2\/posts"}],"about":[{"href":"https:\/\/infolanus.com\/index.php\/wp-json\/wp\/v2\/types\/post"}],"author":[{"embeddable":true,"href":"https:\/\/infolanus.com\/index.php\/wp-json\/wp\/v2\/users\/2"}],"replies":[{"embeddable":true,"href":"https:\/\/infolanus.com\/index.php\/wp-json\/wp\/v2\/comments?post=7323"}],"version-history":[{"count":0,"href":"https:\/\/infolanus.com\/index.php\/wp-json\/wp\/v2\/posts\/7323\/revisions"}],"wp:featuredmedia":[{"embeddable":true,"href":"https:\/\/infolanus.com\/index.php\/wp-json\/wp\/v2\/media\/7324"}],"wp:attachment":[{"href":"https:\/\/infolanus.com\/index.php\/wp-json\/wp\/v2\/media?parent=7323"}],"wp:term":[{"taxonomy":"category","embeddable":true,"href":"https:\/\/infolanus.com\/index.php\/wp-json\/wp\/v2\/categories?post=7323"},{"taxonomy":"post_tag","embeddable":true,"href":"https:\/\/infolanus.com\/index.php\/wp-json\/wp\/v2\/tags?post=7323"}],"curies":[{"name":"wp","href":"https:\/\/api.w.org\/{rel}","templated":true}]}}