{"id":7333,"date":"2024-06-28T21:35:00","date_gmt":"2024-06-29T00:35:00","guid":{"rendered":"https:\/\/www.ambito.com\/uruguay\/ultima-rendicion-cuentas-arbeleche-destaco-menos-impuestos-y-baja-inflacion-n6023066"},"modified":"2024-06-28T21:35:00","modified_gmt":"2024-06-29T00:35:00","slug":"ultima-rendicion-de-cuentas-arbeleche-destaco-menos-impuestos-y-baja-inflacion","status":"publish","type":"post","link":"https:\/\/infolanus.com\/index.php\/2024\/06\/28\/ultima-rendicion-de-cuentas-arbeleche-destaco-menos-impuestos-y-baja-inflacion\/","title":{"rendered":"\u00daltima Rendici\u00f3n de Cuentas: Arbeleche destac\u00f3 &#8220;menos impuestos y baja inflaci\u00f3n&#8221;"},"content":{"rendered":"<div><img data-recalc-dims=\"1\" decoding=\"async\" src=\"https:\/\/i0.wp.com\/media.ambito.com\/p\/912a05cb30df6762aa1bb456e07f3624\/adjuntos\/351\/imagenes\/041\/622\/0041622316\/1200x675\/smart\/azucena-arbeleche-rendicionjpg.jpg?w=640&#038;ssl=1\" class=\"ff-og-image-inserted\"><\/div>\n<div id>\n<p>La <strong>ministra de Econom\u00eda y Finanzas, Azucena Arbeleche,<\/strong> present\u00f3 ante el <strong>Parlamento <\/strong>la \u00faltima <strong>Rendici\u00f3n de Cuentas <\/strong>del gobierno que encabeza el presidente <strong>Luis Lacalle Pou, <\/strong>donde destac\u00f3 la gesti\u00f3n para lograr <a href=\"https:\/\/www.ambito.com\/uruguay\/un-ano-inflacion-dentro-del-rango-meta-que-se-espera-lo-que-queda-del-2024-n6012102\" target=\"_blank\" rel=\"follow noopener\">&#8220;la <strong>inflaci\u00f3n <\/strong>m\u00e1s baja<\/a> de los \u00faltimos 19 a\u00f1os\u201d.<\/p>\n<\/div>\n<div id>\n<p>Arbeleche destac\u00f3 adem\u00e1s <a href=\"https:\/\/www.ambito.com\/uruguay\/posee-una-las-mayores-cargas-tributarias-la-region-n5951155\" target=\"_blank\" rel=\"follow noopener\">la <strong>pol\u00edtica tributaria<\/strong><\/a> al se\u00f1alar que \u201chay 80 mil personas pagando menos <strong>impuestos <\/strong>de lo que era hace un a\u00f1o\u201d, mientras destac\u00f3 que \u201cunas 500 mil personas, entre trabajadores y jubilados, pagan menos impuestos&#8221;, al hacer un balance de los m\u00e1s de cuatro a\u00f1os de gesti\u00f3n, tras lo cual agreg\u00f3: &#8220;A esto hay que sumar las empresas m\u00e1s peque\u00f1as, que est\u00e1n pagando menos impuestos\u201d.<\/p>\n<\/div>\n<div id>\n<p> La ministra destac\u00f3 en rueda de prensa que el documento contiene \u201clos resultados de una pol\u00edtica econ\u00f3mica diferente que llev\u00f3 adelante esta administraci\u00f3n\u201d, tras entregar el proyecto de ley que primero tratar\u00e1 el <strong>Senado y<\/strong>, en un m\u00e1ximo de 45 d\u00edas, deber\u00e1 enviar a <strong>Diputados.<\/strong><\/p>\n<\/p><\/div>\n<div id>\n<p> Por otra parte, al referirse a los bajos niveles de <strong>inflaci\u00f3n, <\/strong>destac\u00f3 que &#8220;el dinero que tenemos en el bolsillo rinde m\u00e1s&#8221;, como parte de la pol\u00edtica que apunta a &#8220;un cuidado diferente del dinero de los <strong>uruguayos&#8221;.<\/strong><\/p>\n<\/p><\/div>\n<div id>\n<div contenteditable=\"false\" class=\"embed_cont type_freetext\" rel=\"freetext\" id=\"embed334_wrap\" data-provider=\"YouTube\" readability=\"33\">\n<p>Embed &#8211; Declaraciones de la ministra de Econom\u00eda y Finanzas, Azucena Arbeleche<span onclick=\"parent.parent.TinyMCETdcuerpo.preview_embed('embed334')\" class=\"embed_colapse less\" id=\"embed334_colapse\"><\/span><span onclick=\"parent.parent.TinyMCETdcuerpo.delete_embed('embed334')\" class=\"embed_delete less\" id=\"embed334_delete\"><\/span><\/p>\n<\/p><\/div>\n<h2><strong> &#8220;Los recursos no faltaron&#8221;, destac\u00f3 Arbeleche sobre las crisis<\/strong><\/h2>\n<p>En ese aspecto, Arbeleche se\u00f1al\u00f3 que el gobierno tuvo que soportar crisis vinculadas a la <strong>pandemia <\/strong>de Covid-19, la <strong>guerra <\/strong>entre <strong>Rusia y Ucrania <\/strong>e incluso <a href=\"https:\/\/www.ambito.com\/uruguay\/que-aprendio-la-ultima-crisis-hidrica-n6011711\" target=\"_blank\" rel=\"follow noopener\">la hist\u00f3rica <strong>sequ\u00eda<\/strong><\/a> que afect\u00f3 a <strong>Uruguay, <\/strong>tras lo cual sac\u00f3 pecho y se\u00f1al\u00f3 que \u201cen todos esos momentos los recursos estuvieron\u201d, valorando que lograron &#8220;mantener las <strong>pol\u00edticas sociales <\/strong>a lo largo del tiempo, m\u00e1s all\u00e1 de si a la econom\u00eda le va mejor o si enfrentamos estas situaciones extraordinarias&#8221;.<\/p>\n<p>La jerarca valor\u00f3 tambi\u00e9n el impacto de las pol\u00edticas del gobierno en lo relacionado al <strong>empleo.<\/strong> \u201cEn este per\u00edodo aument\u00f3 la cantidad de personas trabajando\u201d, con 76.100 personas m\u00e1s integradas al <strong>mercado laboral<\/strong>, si se comparan en promedio los a\u00f1os 2019 y 2023.<\/p>\n<p>Al entregar los documentos, junto a Arbeleche estuvieron el subsecretario de Econom\u00eda y Finanzas, <strong>Alejandro Irastorza; <\/strong>los directores generales de Secretar\u00eda, <strong>Mauricio di Lorenzo; <\/strong>de Pol\u00edtica Econ\u00f3mica, <strong>Marcela Bensi\u00f3n; <\/strong>de Asesor\u00eda Macroecon\u00f3mica, <strong>Gabriela Miraballes; <\/strong>la contadora general de la Naci\u00f3n, <strong>Magela Manfredi; <\/strong>y el director de la Oficina de Planeamiento y Presupuesto (OPP), <strong>Fernando Blanco.<\/strong><\/p>\n<\/p><\/div>\n","protected":false},"excerpt":{"rendered":"<p>La ministra de Econom\u00eda y Finanzas, Azucena Arbeleche, present\u00f3 ante el Parlamento la \u00faltima Rendici\u00f3n de Cuentas del gobierno que encabeza el presidente Luis Lacalle Pou, donde destac\u00f3 la gesti\u00f3n para lograr &#8220;la inflaci\u00f3n m\u00e1s baja de los \u00faltimos 19 a\u00f1os\u201d. Arbeleche destac\u00f3 adem\u00e1s la pol\u00edtica tributaria al se\u00f1alar que \u201chay 80 mil personas pagando [&hellip;]<\/p>\n","protected":false},"author":2,"featured_media":7334,"comment_status":"closed","ping_status":"closed","sticky":false,"template":"","format":"standard","meta":{"jetpack_post_was_ever_published":false,"_jetpack_newsletter_access":"","_jetpack_dont_email_post_to_subs":false,"_jetpack_newsletter_tier_id":0,"_jetpack_memberships_contains_paywalled_content":false,"_jetpack_memberships_contains_paid_content":false,"footnotes":"","jetpack_publicize_message":"","jetpack_publicize_feature_enabled":true,"jetpack_social_post_already_shared":true,"jetpack_social_options":{"image_generator_settings":{"template":"highway","enabled":false},"version":2}},"categories":[20],"tags":[],"class_list":["post-7333","post","type-post","status-publish","format-standard","has-post-thumbnail","hentry","category-mundo"],"jetpack_publicize_connections":[],"jetpack_featured_media_url":"https:\/\/i0.wp.com\/infolanus.com\/wp-content\/uploads\/2024\/06\/ultima-rendicion-de-cuentas-arbeleche-destaco-menos-impuestos-y-baja-inflacion.jpg?fit=1200%2C675&ssl=1","jetpack_sharing_enabled":true,"jetpack_shortlink":"https:\/\/wp.me\/p9QtMr-1Uh","_links":{"self":[{"href":"https:\/\/infolanus.com\/index.php\/wp-json\/wp\/v2\/posts\/7333","targetHints":{"allow":["GET"]}}],"collection":[{"href":"https:\/\/infolanus.com\/index.php\/wp-json\/wp\/v2\/posts"}],"about":[{"href":"https:\/\/infolanus.com\/index.php\/wp-json\/wp\/v2\/types\/post"}],"author":[{"embeddable":true,"href":"https:\/\/infolanus.com\/index.php\/wp-json\/wp\/v2\/users\/2"}],"replies":[{"embeddable":true,"href":"https:\/\/infolanus.com\/index.php\/wp-json\/wp\/v2\/comments?post=7333"}],"version-history":[{"count":0,"href":"https:\/\/infolanus.com\/index.php\/wp-json\/wp\/v2\/posts\/7333\/revisions"}],"wp:featuredmedia":[{"embeddable":true,"href":"https:\/\/infolanus.com\/index.php\/wp-json\/wp\/v2\/media\/7334"}],"wp:attachment":[{"href":"https:\/\/infolanus.com\/index.php\/wp-json\/wp\/v2\/media?parent=7333"}],"wp:term":[{"taxonomy":"category","embeddable":true,"href":"https:\/\/infolanus.com\/index.php\/wp-json\/wp\/v2\/categories?post=7333"},{"taxonomy":"post_tag","embeddable":true,"href":"https:\/\/infolanus.com\/index.php\/wp-json\/wp\/v2\/tags?post=7333"}],"curies":[{"name":"wp","href":"https:\/\/api.w.org\/{rel}","templated":true}]}}