{"id":7339,"date":"2024-06-29T20:42:00","date_gmt":"2024-06-29T23:42:00","guid":{"rendered":"https:\/\/www.ambito.com\/uruguay\/el-intenso-frio-amenaza-afectar-el-ya-complejo-escenario-del-agro-n6023277"},"modified":"2024-06-29T20:42:00","modified_gmt":"2024-06-29T23:42:00","slug":"el-intenso-frio-amenaza-con-afectar-el-ya-complejo-escenario-del-agro","status":"publish","type":"post","link":"https:\/\/infolanus.com\/index.php\/2024\/06\/29\/el-intenso-frio-amenaza-con-afectar-el-ya-complejo-escenario-del-agro\/","title":{"rendered":"El intenso fr\u00edo amenaza con afectar el ya complejo escenario del agro"},"content":{"rendered":"<div><img data-recalc-dims=\"1\" decoding=\"async\" src=\"https:\/\/i0.wp.com\/media.ambito.com\/p\/f2c3e303a75e5c6bad5dc429ad3acc2c\/adjuntos\/351\/imagenes\/041\/623\/0041623480\/1200x675\/smart\/agro-friojpg.jpg?w=640&#038;ssl=1\" class=\"ff-og-image-inserted\"><\/div>\n<div id>\n<p>Los fen\u00f3menos clim\u00e1ticos no le dan tregua al <strong>agro, <\/strong>que a pocas semanas de verse afectado por las <strong>inundaciones <\/strong>ahora afronta la amenaza que supone <a href=\"https:\/\/www.ambito.com\/uruguay\/el-frio-que-afecta-los-cultivos-puede-generar-un-impacto-el-nivel-inflacion-n6004625\" target=\"_blank\" rel=\"follow noopener\">el intenso <strong>fr\u00edo<\/strong><\/a> para los <strong>cultivos <\/strong>y la <strong>producci\u00f3n ganadera.<\/strong><\/p>\n<\/p><\/div>\n<div id>\n<p>Luego de un 2023 marcado por <a href=\"https:\/\/www.ambito.com\/uruguay\/se-prepara-una-nueva-sequia-n6018043\" target=\"_blank\" rel=\"follow noopener\">la <strong>sequ\u00eda <\/strong>y sus consecuencias,<\/a> las se\u00f1ales de alarma se encendieron una vez m\u00e1s entre los productores, que empiezan a preocuparse por las <strong>bajas temperaturas <\/strong>registradas en todo el pa\u00eds.<\/p>\n<\/div>\n<div id>\n<p> Productores rurales le manifestaron a Telenoche que las intensas lluvias de hace algunas semanas \u201cnos complicaron la <strong>siembra <\/strong>de verdeos, ya que la semilla no naci\u00f3 con tanto tiempo bajo agua\u201d.<\/p>\n<\/div>\n<div id>\n<p>A ese panorama le sumaron la actual escasez de <strong>forraje, <\/strong>ya que esto \u201ccomplica la ganader\u00eda\u201d. El escenario se completa con \u201cun alto consumo de <strong>gas <\/strong>para calefaccionar\u201d para mantener confortables a los animales.<\/p>\n<\/div>\n<div id>\n<h2>El agro ya hab\u00eda manifestado su tensi\u00f3n por otros factores<\/h2>\n<p>Los referentes del <strong>agro<\/strong> tienen entre sus principales reclamos al <strong>atraso cambiario, <\/strong>que comenz\u00f3 en 2022 y todav\u00eda se mantiene, con un desfasaje que el <strong>Banco Central del Uruguay <\/strong>(BCU) estima en el orden del 15%, pese a <a href=\"https:\/\/www.ambito.com\/uruguay\/el-dolar-pego-un-fuerte-salto-y-cerro-el-mes-al-borde-los-40-n6022903\" target=\"_blank\" rel=\"follow noopener\">la reciente suba del <strong>d\u00f3lar,<\/strong><\/a> que lleg\u00f3 a casi 40 pesos.<\/p>\n<p>De hecho, desde la <strong>Federaci\u00f3n Rural <\/strong>pidieron que el billete verde llegue a 58 pesos o, en todo caso, un <strong>alivio fiscal <\/strong>para compensar el retraso en el <strong>tipo de cambio.<\/strong><\/p>\n<p>Otro cuestionamiento surge por la falta de <strong>apertura de mercados,<\/strong> uno de los debes del gobierno en materia internacional, con la imposibilidad de materializar el acuerdo del <strong>Mercosur <\/strong>y la <strong>Uni\u00f3n Europea, <\/strong>o el del <strong>Acuerdo Transpac\u00edfico.<\/strong><\/p>\n<p>Finalmente, desde el sector agroexportador todav\u00eda lamentan la deuda comercial con <strong>Argentina, <\/strong>que no logr\u00f3 resolverse a pesar de la llegada del presidente <strong>Javier Milei <\/strong>al pa\u00eds vecino y los gestos en esa materia.<\/p>\n<\/div>\n","protected":false},"excerpt":{"rendered":"<p>Los fen\u00f3menos clim\u00e1ticos no le dan tregua al agro, que a pocas semanas de verse afectado por las inundaciones ahora afronta la amenaza que supone el intenso fr\u00edo para los cultivos y la producci\u00f3n ganadera. Luego de un 2023 marcado por la sequ\u00eda y sus consecuencias, las se\u00f1ales de alarma se encendieron una vez m\u00e1s [&hellip;]<\/p>\n","protected":false},"author":2,"featured_media":7340,"comment_status":"closed","ping_status":"closed","sticky":false,"template":"","format":"standard","meta":{"jetpack_post_was_ever_published":false,"_jetpack_newsletter_access":"","_jetpack_dont_email_post_to_subs":false,"_jetpack_newsletter_tier_id":0,"_jetpack_memberships_contains_paywalled_content":false,"_jetpack_memberships_contains_paid_content":false,"footnotes":"","jetpack_publicize_message":"","jetpack_publicize_feature_enabled":true,"jetpack_social_post_already_shared":true,"jetpack_social_options":{"image_generator_settings":{"template":"highway","enabled":false},"version":2}},"categories":[20],"tags":[],"class_list":["post-7339","post","type-post","status-publish","format-standard","has-post-thumbnail","hentry","category-mundo"],"jetpack_publicize_connections":[],"jetpack_featured_media_url":"https:\/\/i0.wp.com\/infolanus.com\/wp-content\/uploads\/2024\/06\/el-intenso-frio-amenaza-con-afectar-el-ya-complejo-escenario-del-agro.jpg?fit=1200%2C675&ssl=1","jetpack_sharing_enabled":true,"jetpack_shortlink":"https:\/\/wp.me\/p9QtMr-1Un","_links":{"self":[{"href":"https:\/\/infolanus.com\/index.php\/wp-json\/wp\/v2\/posts\/7339","targetHints":{"allow":["GET"]}}],"collection":[{"href":"https:\/\/infolanus.com\/index.php\/wp-json\/wp\/v2\/posts"}],"about":[{"href":"https:\/\/infolanus.com\/index.php\/wp-json\/wp\/v2\/types\/post"}],"author":[{"embeddable":true,"href":"https:\/\/infolanus.com\/index.php\/wp-json\/wp\/v2\/users\/2"}],"replies":[{"embeddable":true,"href":"https:\/\/infolanus.com\/index.php\/wp-json\/wp\/v2\/comments?post=7339"}],"version-history":[{"count":0,"href":"https:\/\/infolanus.com\/index.php\/wp-json\/wp\/v2\/posts\/7339\/revisions"}],"wp:featuredmedia":[{"embeddable":true,"href":"https:\/\/infolanus.com\/index.php\/wp-json\/wp\/v2\/media\/7340"}],"wp:attachment":[{"href":"https:\/\/infolanus.com\/index.php\/wp-json\/wp\/v2\/media?parent=7339"}],"wp:term":[{"taxonomy":"category","embeddable":true,"href":"https:\/\/infolanus.com\/index.php\/wp-json\/wp\/v2\/categories?post=7339"},{"taxonomy":"post_tag","embeddable":true,"href":"https:\/\/infolanus.com\/index.php\/wp-json\/wp\/v2\/tags?post=7339"}],"curies":[{"name":"wp","href":"https:\/\/api.w.org\/{rel}","templated":true}]}}