{"id":7344,"date":"2024-07-01T00:36:00","date_gmt":"2024-07-01T03:36:00","guid":{"rendered":"https:\/\/www.ambito.com\/uruguay\/el-partido-colorado-anunciara-su-formula-presidencial-este-lunes-n6023650"},"modified":"2024-07-01T00:36:00","modified_gmt":"2024-07-01T03:36:00","slug":"el-partido-colorado-anunciara-su-formula-presidencial-este-lunes","status":"publish","type":"post","link":"https:\/\/infolanus.com\/index.php\/2024\/07\/01\/el-partido-colorado-anunciara-su-formula-presidencial-este-lunes\/","title":{"rendered":"El Partido Colorado anunciar\u00e1 su f\u00f3rmula presidencial este lunes"},"content":{"rendered":"<div><img data-recalc-dims=\"1\" decoding=\"async\" src=\"https:\/\/i0.wp.com\/media.ambito.com\/p\/96e1b6f70435afe26a53d9b90c5b6ed7\/adjuntos\/351\/imagenes\/041\/098\/0041098624\/1200x675\/smart\/bandera-partido-colorado-divisa.jpg?w=640&#038;ssl=1\" class=\"ff-og-image-inserted\"><\/div>\n<div id>\n<p>El <strong><a href=\"https:\/\/www.ambito.com\/uruguay\/delgado-orsi-y-ojeda-se-impusieron-las-elecciones-internas-n6023593\" target=\"_blank\" rel=\"follow noopener\">candidato presidencial del Partido Colorado (PC)<\/a><\/strong>, <strong> Andr\u00e9s Ojeda<\/strong>, confirm\u00f3 que la fuerza pol\u00edtica anunciar\u00e1 la f\u00f3rmula presidencial este lunes a la tarde, echando por tierra las especulaciones de que el partido tradicional dilatar\u00eda la presentaci\u00f3n de su binomio electoral de cara a las <strong>elecciones <\/strong>de octubre.<\/p>\n<\/div>\n<div id>\n<p>En la madrugada de este lunes, en un acto conjunto que tuvo lugar en la <strong>Casa del Partido Colorado<\/strong> junto a los dem\u00e1s dirigentes del partido, Ojeda asegur\u00f3 que las novedades acerca de <a href=\"https:\/\/www.ambito.com\/uruguay\/el-partido-no-debe-equivocarse-demorar-la-definicion-la-formula-senalo-tabare-viera-n6023414\" target=\"_blank\" rel=\"follow noopener\">su compa\u00f1ero a vicepresidente de la Rep\u00fablica<\/a> se conocer\u00e1n pronto.<\/p>\n<\/div>\n<div id>\n<p> &#8220;Este <strong>Partido Colorado<\/strong> unido le va a ganar al <strong>Frente Amplio<\/strong> en octubre y noviembre&#8221;, enfatiz\u00f3 Ojeda, enviando un mensaje de unidad tanto puertas adentro de la fuerza pol\u00edtica, como a los partidos socios de la actual alianza de gobierno.<\/p>\n<\/div>\n<div id>\n<p>&#8220;Nosotros crecemos en clave renovaci\u00f3n y de unidad&#8221;, insisti\u00f3 el candidato presidencial, que no descart\u00f3 una f\u00f3rmula paritaria. Adem\u00e1s de los precandidatos que perdieron, incluida <strong>Carolina Ache<\/strong>, tambi\u00e9n se maneja el nombre de la senadora <strong>Carmen Sanguinetti<\/strong>.<\/p>\n<\/div>\n<div id>\n<h2>&#8220;Fernando Pereira sum\u00f3 mal&#8221;<\/h2>\n<p>Por su parte, Ojeda valor\u00f3 positivamente la cosecha electoral colorada, y apunt\u00f3 contra el <strong>presidente del <a href=\"https:\/\/www.ambito.com\/uruguay\/hay-que-desterrar-la-idea-que-el-que-gana-aplasta-al-otro-afirmo-yamandu-orsi-n6023590\" target=\"_blank\" rel=\"follow noopener\">Frente Amplio (FA)<\/a><\/strong>, <strong> Fernando Pereira<\/strong>, quien asegur\u00f3 que el FA sobrepasa en votos a la suma de los partidos de la <strong>Coalici\u00f3n Republicana<\/strong>.<\/p>\n<p>&#8220;Sum\u00f3 mal, capaz que le pasaron mal la calculadora. \u00c9l dice que el Frente (Amplio) le gana al <strong>Partido Nacional<\/strong>, eso es completamente irrelevante, porque ac\u00e1 lo importante es si gana la coalici\u00f3n o gana el Frente Amplio&#8221;.<\/p>\n<p>&#8220;Si t\u00fa miras los n\u00fameros de hoy, la coalici\u00f3n supera ampliamente al Frente Amplio, ese es el mensaje electoral. Esto no es el Frente contra el Partido Nacional, este es el Frente contra la Coalici\u00f3n de gobierno. Ahora empieza la segunda interna, la interna de la coalici\u00f3n de gobierno&#8221;, dispar\u00f3 el colorado.<\/p>\n<\/div>\n","protected":false},"excerpt":{"rendered":"<p>El candidato presidencial del Partido Colorado (PC), Andr\u00e9s Ojeda, confirm\u00f3 que la fuerza pol\u00edtica anunciar\u00e1 la f\u00f3rmula presidencial este lunes a la tarde, echando por tierra las especulaciones de que el partido tradicional dilatar\u00eda la presentaci\u00f3n de su binomio electoral de cara a las elecciones de octubre. En la madrugada de este lunes, en un [&hellip;]<\/p>\n","protected":false},"author":2,"featured_media":7345,"comment_status":"closed","ping_status":"closed","sticky":false,"template":"","format":"standard","meta":{"jetpack_post_was_ever_published":false,"_jetpack_newsletter_access":"","_jetpack_dont_email_post_to_subs":false,"_jetpack_newsletter_tier_id":0,"_jetpack_memberships_contains_paywalled_content":false,"_jetpack_memberships_contains_paid_content":false,"footnotes":"","jetpack_publicize_message":"","jetpack_publicize_feature_enabled":true,"jetpack_social_post_already_shared":true,"jetpack_social_options":{"image_generator_settings":{"template":"highway","enabled":false},"version":2}},"categories":[20],"tags":[],"class_list":["post-7344","post","type-post","status-publish","format-standard","has-post-thumbnail","hentry","category-mundo"],"jetpack_publicize_connections":[],"jetpack_featured_media_url":"https:\/\/i0.wp.com\/infolanus.com\/wp-content\/uploads\/2024\/07\/el-partido-colorado-anunciara-su-formula-presidencial-este-lunes.jpg?fit=1200%2C675&ssl=1","jetpack_sharing_enabled":true,"jetpack_shortlink":"https:\/\/wp.me\/p9QtMr-1Us","_links":{"self":[{"href":"https:\/\/infolanus.com\/index.php\/wp-json\/wp\/v2\/posts\/7344","targetHints":{"allow":["GET"]}}],"collection":[{"href":"https:\/\/infolanus.com\/index.php\/wp-json\/wp\/v2\/posts"}],"about":[{"href":"https:\/\/infolanus.com\/index.php\/wp-json\/wp\/v2\/types\/post"}],"author":[{"embeddable":true,"href":"https:\/\/infolanus.com\/index.php\/wp-json\/wp\/v2\/users\/2"}],"replies":[{"embeddable":true,"href":"https:\/\/infolanus.com\/index.php\/wp-json\/wp\/v2\/comments?post=7344"}],"version-history":[{"count":0,"href":"https:\/\/infolanus.com\/index.php\/wp-json\/wp\/v2\/posts\/7344\/revisions"}],"wp:featuredmedia":[{"embeddable":true,"href":"https:\/\/infolanus.com\/index.php\/wp-json\/wp\/v2\/media\/7345"}],"wp:attachment":[{"href":"https:\/\/infolanus.com\/index.php\/wp-json\/wp\/v2\/media?parent=7344"}],"wp:term":[{"taxonomy":"category","embeddable":true,"href":"https:\/\/infolanus.com\/index.php\/wp-json\/wp\/v2\/categories?post=7344"},{"taxonomy":"post_tag","embeddable":true,"href":"https:\/\/infolanus.com\/index.php\/wp-json\/wp\/v2\/tags?post=7344"}],"curies":[{"name":"wp","href":"https:\/\/api.w.org\/{rel}","templated":true}]}}