{"id":7357,"date":"2024-07-02T21:12:00","date_gmt":"2024-07-03T00:12:00","guid":{"rendered":"https:\/\/www.ambito.com\/uruguay\/pablo-mieres-anunciara-la-formula-del-partido-independiente-el-proximo-lunes-n6025049"},"modified":"2024-07-02T21:12:00","modified_gmt":"2024-07-03T00:12:00","slug":"pablo-mieres-anunciara-la-formula-del-partido-independiente-el-proximo-lunes","status":"publish","type":"post","link":"https:\/\/infolanus.com\/index.php\/2024\/07\/02\/pablo-mieres-anunciara-la-formula-del-partido-independiente-el-proximo-lunes\/","title":{"rendered":"Pablo Mieres anunciar\u00e1 la f\u00f3rmula del Partido Independiente el pr\u00f3ximo lunes"},"content":{"rendered":"<div><img data-recalc-dims=\"1\" decoding=\"async\" src=\"https:\/\/i0.wp.com\/media.ambito.com\/p\/cfa70a75ce44f8b889349d665db6b540\/adjuntos\/351\/imagenes\/041\/631\/0041631340\/1200x675\/smart\/candidato-pablo-mieres.jpg?w=640&#038;ssl=1\" class=\"ff-og-image-inserted\"><\/div>\n<div id>\n<p>El exministro de Trabajo y Seguridad Social (<strong>MTSS<\/strong>) y <strong><a href=\"https:\/\/www.ambito.com\/uruguay\/los-partidos-son-clave-el-fortalecimiento-la-democracia-apunto-pablo-mieres-n6023489\" target=\"_blank\" rel=\"follow noopener\">candidato del Partido Independiente (PI)<\/a><\/strong>, <strong> Pablo Mieres<\/strong>, anunciar\u00e1 la f\u00f3rmula presidencial de su fuerza pol\u00edtica el pr\u00f3ximo lunes, a partir del nombre que surja en la pr\u00f3xima reuni\u00f3n de la <strong>Mesa Ejecutiva Nacional.<\/strong><\/p>\n<\/p><\/div>\n<div id>\n<p>Este martes, en rueda de prensa, <a href=\"https:\/\/www.ambito.com\/uruguay\/pablo-mieres-propuso-un-acuerdo-multipartidario-contra-el-plebiscito-del-pit-cnt-n6018666\" target=\"_blank\" rel=\"follow noopener\">el l\u00edder del PI<\/a> remarc\u00f3 que la Mesa Ejecutiva Nacional resolver\u00e1 la designaci\u00f3n del candidato a vicepresidente de la Rep\u00fablica, y que tras esto, tendr\u00e1 lugar el anuncio oficial.<\/p>\n<\/div>\n<div id>\n<p> Consultado acerca de si la f\u00f3rmula presidencial del PI podr\u00eda llegar a ser <strong>paritaria<\/strong>, Mieres expres\u00f3: &#8220;Vamos a ver, es una posibilidad, pero no voy a avanzar m\u00e1s que eso&#8221;.<\/p>\n<\/div>\n<div id>\n<h2>&#8220;Votamos bastante m\u00e1s&#8221;<\/h2>\n<p>Por otro lado, Mieres celebr\u00f3 que el PI vot\u00f3 &#8220;bastante m\u00e1s&#8221; que en las <strong>elecciones internas<\/strong> de 2019, luego de alcanzar unos 2.802 votos, cuando en los comicios pasados cosech\u00f3 2.073 sufragios.<\/p>\n<\/div>\n<div id>\n<p>En ese sentido, el pol\u00edtico reconoci\u00f3 que las internas son &#8220;cuesta arriba&#8221; para el PI al no tener competencia por la candidatura presidencial. &#8220;Crecimos en t\u00e9rminos absolutos y porcentuales&#8221;, valor\u00f3.<\/p>\n<p>&#8220;En la <strong>coalici\u00f3n<\/strong>, si bien cada uno de los dem\u00e1s partidos baj\u00f3 en cantidad de votos, la suma sigue siendo mayor que los votos que tuvo el <strong>Frente Amplio&#8221;,<\/strong> manifest\u00f3 con respecto a la elecci\u00f3n en general.<\/p>\n<h2>Mieres busca sellar el acuerdo interpartidario contra el plebiscito del PIT-CNT<\/h2>\n<p>En otro orden, Mieres cont\u00f3 que envi\u00f3 &#8220;un borrador&#8221; para un acuerdo interpartidario contra del plebiscito del <strong>PIT-CNT<\/strong> a los candidatos de los partidos de la coalici\u00f3n, as\u00ed como tambi\u00e9n a <strong>Yamand\u00fa Orsi<\/strong>, del <strong>Frente Amplio (FA)<\/strong>, a quien &#8220;no quer\u00eda dejarlo afuera&#8221;, <a href=\"https:\/\/www.ambito.com\/uruguay\/el-fa-aprobo-unanimidad-la-libertad-accion-el-plebiscito-del-pit-cnt-n5846440\" target=\"_blank\" rel=\"follow noopener\">m\u00e1s all\u00e1 de la postura del FA<\/a> sobre el tema.<\/p>\n<p>&#8220;Me parec\u00eda importante que todos di\u00e9ramos esta se\u00f1al porque la verdad el contenido del <strong>plebiscito <\/strong>lleva al pa\u00eds a una situaci\u00f3n dram\u00e1tica, de cat\u00e1strofe en materia de <strong>seguridad social<\/strong> y ahora vamos a esperar la respuesta de los candidatos&#8221;, concluy\u00f3.<\/p>\n<\/div>\n","protected":false},"excerpt":{"rendered":"<p>El exministro de Trabajo y Seguridad Social (MTSS) y candidato del Partido Independiente (PI), Pablo Mieres, anunciar\u00e1 la f\u00f3rmula presidencial de su fuerza pol\u00edtica el pr\u00f3ximo lunes, a partir del nombre que surja en la pr\u00f3xima reuni\u00f3n de la Mesa Ejecutiva Nacional. Este martes, en rueda de prensa, el l\u00edder del PI remarc\u00f3 que la [&hellip;]<\/p>\n","protected":false},"author":2,"featured_media":7358,"comment_status":"closed","ping_status":"closed","sticky":false,"template":"","format":"standard","meta":{"jetpack_post_was_ever_published":false,"_jetpack_newsletter_access":"","_jetpack_dont_email_post_to_subs":false,"_jetpack_newsletter_tier_id":0,"_jetpack_memberships_contains_paywalled_content":false,"_jetpack_memberships_contains_paid_content":false,"footnotes":"","jetpack_publicize_message":"","jetpack_publicize_feature_enabled":true,"jetpack_social_post_already_shared":true,"jetpack_social_options":{"image_generator_settings":{"template":"highway","enabled":false},"version":2}},"categories":[20],"tags":[],"class_list":["post-7357","post","type-post","status-publish","format-standard","has-post-thumbnail","hentry","category-mundo"],"jetpack_publicize_connections":[],"jetpack_featured_media_url":"https:\/\/i0.wp.com\/infolanus.com\/wp-content\/uploads\/2024\/07\/pablo-mieres-anunciara-la-formula-del-partido-independiente-el-proximo-lunes.jpg?fit=1200%2C675&ssl=1","jetpack_sharing_enabled":true,"jetpack_shortlink":"https:\/\/wp.me\/p9QtMr-1UF","_links":{"self":[{"href":"https:\/\/infolanus.com\/index.php\/wp-json\/wp\/v2\/posts\/7357","targetHints":{"allow":["GET"]}}],"collection":[{"href":"https:\/\/infolanus.com\/index.php\/wp-json\/wp\/v2\/posts"}],"about":[{"href":"https:\/\/infolanus.com\/index.php\/wp-json\/wp\/v2\/types\/post"}],"author":[{"embeddable":true,"href":"https:\/\/infolanus.com\/index.php\/wp-json\/wp\/v2\/users\/2"}],"replies":[{"embeddable":true,"href":"https:\/\/infolanus.com\/index.php\/wp-json\/wp\/v2\/comments?post=7357"}],"version-history":[{"count":0,"href":"https:\/\/infolanus.com\/index.php\/wp-json\/wp\/v2\/posts\/7357\/revisions"}],"wp:featuredmedia":[{"embeddable":true,"href":"https:\/\/infolanus.com\/index.php\/wp-json\/wp\/v2\/media\/7358"}],"wp:attachment":[{"href":"https:\/\/infolanus.com\/index.php\/wp-json\/wp\/v2\/media?parent=7357"}],"wp:term":[{"taxonomy":"category","embeddable":true,"href":"https:\/\/infolanus.com\/index.php\/wp-json\/wp\/v2\/categories?post=7357"},{"taxonomy":"post_tag","embeddable":true,"href":"https:\/\/infolanus.com\/index.php\/wp-json\/wp\/v2\/tags?post=7357"}],"curies":[{"name":"wp","href":"https:\/\/api.w.org\/{rel}","templated":true}]}}