{"id":739,"date":"2018-09-02T22:22:50","date_gmt":"2018-09-03T01:22:50","guid":{"rendered":"http:\/\/infolanus.com\/?p=739"},"modified":"2018-09-02T22:22:50","modified_gmt":"2018-09-03T01:22:50","slug":"agustin-rossi-visito-lanus-y-renovo-criticas-al-gobierno","status":"publish","type":"post","link":"https:\/\/infolanus.com\/index.php\/2018\/09\/02\/agustin-rossi-visito-lanus-y-renovo-criticas-al-gobierno\/","title":{"rendered":"Agust\u00edn Rossi visit\u00f3 Lan\u00fas y renov\u00f3 cr\u00edticas al Gobierno"},"content":{"rendered":"<p>El diputado nacional por el Frente para la Victoria-PJ Agust\u00edn Rossi volvi\u00f3 a recorrer este viernes la Regi\u00f3n. En esta ocasi\u00f3n, visit\u00f3 Lan\u00fas donde se reuni\u00f3 con representantes de pymes y renov\u00f3 cr\u00edticas al Gobierno de Mauricio Macri por la situaci\u00f3n econ\u00f3mica.<\/p>\n<p>\u201cEl programa econ\u00f3mico de Cambiemos es insustentable, socialmente excluyente y productivamente devastador\u201d, sostuvo el legislador durante la reuni\u00f3n que comparti\u00f3 con dirigentes locales y empresarios en la f\u00e1brica textil Tecmatex.<\/p>\n<p>\u201cLa f\u00e1brica vivi\u00f3 cada decisi\u00f3n de Macri como un nuevo obst\u00e1culo: ajuste y ca\u00edda de consumo, inflaci\u00f3n, importaciones, incertidumbre con el d\u00f3lar. Necesitamos volver a crecer con una econom\u00eda basada en el trabajo argentino y la producci\u00f3n nacional\u201d, enfatiz\u00f3 Rossi.<\/p>\n<p>Acompa\u00f1ado por el titular del Frente Productivo Lan\u00fas, Daniel Moreira, Rossi asever\u00f3 que la f\u00e1brica, ubicada en Warnes al 3000 de Villa Diamante, \u201cest\u00e1 conformada por personas de carne y hueso\u201d y que \u201cno es una offshore o un fondo buitre\u201d, en alusi\u00f3n a Macri.<\/p>\n<p>No es la primera vez en el a\u00f1o que el legislador, que ya expres\u00f3 en reiteradas oportunidades su intenci\u00f3n de ser candidato a presidente, visita la Regi\u00f3n. En abril estuvo en Lomas de Zamora, en julio en Avellaneda y en agosto en Esteban Echeverr\u00eda.<\/p>\n","protected":false},"excerpt":{"rendered":"<p>El diputado nacional por el Frente para la Victoria-PJ Agust\u00edn Rossi volvi\u00f3 a recorrer este viernes la Regi\u00f3n. En esta ocasi\u00f3n, visit\u00f3 Lan\u00fas donde se reuni\u00f3 con representantes de pymes y renov\u00f3 cr\u00edticas al Gobierno de Mauricio Macri por la situaci\u00f3n econ\u00f3mica. \u201cEl programa econ\u00f3mico de Cambiemos es insustentable, socialmente excluyente y productivamente devastador\u201d, sostuvo [&hellip;]<\/p>\n","protected":false},"author":2,"featured_media":741,"comment_status":"open","ping_status":"open","sticky":false,"template":"","format":"standard","meta":{"jetpack_post_was_ever_published":false,"_jetpack_newsletter_access":"","_jetpack_dont_email_post_to_subs":false,"_jetpack_newsletter_tier_id":0,"_jetpack_memberships_contains_paywalled_content":false,"_jetpack_memberships_contains_paid_content":false,"footnotes":"","jetpack_publicize_message":"","jetpack_publicize_feature_enabled":true,"jetpack_social_post_already_shared":true,"jetpack_social_options":{"image_generator_settings":{"template":"highway","enabled":false},"version":2}},"categories":[16],"tags":[299,151,23,200],"class_list":["post-739","post","type-post","status-publish","format-standard","has-post-thumbnail","hentry","category-politica","tag-agustin-rossi","tag-gobierno","tag-lanus","tag-macri"],"jetpack_publicize_connections":[],"jetpack_featured_media_url":"https:\/\/i0.wp.com\/infolanus.com\/wp-content\/uploads\/2018\/09\/agustin-rossi-lanus.jpg?fit=720%2C470&ssl=1","jetpack_sharing_enabled":false,"jetpack_shortlink":"https:\/\/wp.me\/p9QtMr-bV","_links":{"self":[{"href":"https:\/\/infolanus.com\/index.php\/wp-json\/wp\/v2\/posts\/739","targetHints":{"allow":["GET"]}}],"collection":[{"href":"https:\/\/infolanus.com\/index.php\/wp-json\/wp\/v2\/posts"}],"about":[{"href":"https:\/\/infolanus.com\/index.php\/wp-json\/wp\/v2\/types\/post"}],"author":[{"embeddable":true,"href":"https:\/\/infolanus.com\/index.php\/wp-json\/wp\/v2\/users\/2"}],"replies":[{"embeddable":true,"href":"https:\/\/infolanus.com\/index.php\/wp-json\/wp\/v2\/comments?post=739"}],"version-history":[{"count":1,"href":"https:\/\/infolanus.com\/index.php\/wp-json\/wp\/v2\/posts\/739\/revisions"}],"predecessor-version":[{"id":742,"href":"https:\/\/infolanus.com\/index.php\/wp-json\/wp\/v2\/posts\/739\/revisions\/742"}],"wp:featuredmedia":[{"embeddable":true,"href":"https:\/\/infolanus.com\/index.php\/wp-json\/wp\/v2\/media\/741"}],"wp:attachment":[{"href":"https:\/\/infolanus.com\/index.php\/wp-json\/wp\/v2\/media?parent=739"}],"wp:term":[{"taxonomy":"category","embeddable":true,"href":"https:\/\/infolanus.com\/index.php\/wp-json\/wp\/v2\/categories?post=739"},{"taxonomy":"post_tag","embeddable":true,"href":"https:\/\/infolanus.com\/index.php\/wp-json\/wp\/v2\/tags?post=739"}],"curies":[{"name":"wp","href":"https:\/\/api.w.org\/{rel}","templated":true}]}}