{"id":7415,"date":"2024-07-11T14:44:55","date_gmt":"2024-07-11T17:44:55","guid":{"rendered":"https:\/\/www.inforegion.com.ar\/?p=308492"},"modified":"2024-07-11T14:44:55","modified_gmt":"2024-07-11T17:44:55","slug":"la-agenda-de-vacaciones-de-invierno-en-lanus","status":"publish","type":"post","link":"https:\/\/infolanus.com\/index.php\/2024\/07\/11\/la-agenda-de-vacaciones-de-invierno-en-lanus\/","title":{"rendered":"La agenda de vacaciones de invierno en Lan\u00fas"},"content":{"rendered":"<div><img data-recalc-dims=\"1\" decoding=\"async\" src=\"https:\/\/i0.wp.com\/www.inforegion.com.ar\/wp-content\/uploads\/2023\/07\/Vacacones-de-invierno-lanus.jpg?w=640&#038;ssl=1\" class=\"ff-og-image-inserted\"><\/div>\n<p>El Municipio de Lan\u00fas dio a conocer las <strong>propuestas que, con entrada libre y gratuita<\/strong>, prepara para las vacaciones de invierno con una agenda que ir\u00e1 del s\u00e1bado 13 hasta el domingo 28 de julio en diferentes locaciones de la comuna.<\/p>\n<p>Las propuestas incluyen <strong>obras de teatro, talleres, juegotecas, kermeses, cine, circo<\/strong>, espect\u00e1culos y postas culturales en nidos, plazas y centros comerciales, adem\u00e1s de m\u00fasica, ciencia y tecnolog\u00eda.<\/p>\n<p>Seg\u00fan la tem\u00e1tica de la actividad las sedes podr\u00e1n ser los <strong>parques municipales <\/strong>Eva Per\u00f3n, San Mart\u00edn, Juan Pi\u00f1eiro, El Cicl\u00f3n, Manuel Belgrano y Malvinas Argentinas.<\/p>\n<p>Tambi\u00e9n est\u00e1n previstas actividades en los <strong>centros comerciales <\/strong>como Distrito Lanusita, Villa de los Industriales, Monte Chingolo y la Avenida San Mart\u00edn y en los <strong>teatros municipales <\/strong>Carlos Gardel y 9 de Julio.<\/p>\n<p>Otras propuestas estar\u00e1n en los <strong>nidos <\/strong>de Monte Chingolo y Villa Jard\u00edn; en el <strong>auditorio y museo <\/strong>del Centro Cultural Leonardo Favio; en las <strong>plazas <\/strong>25 de Mayo, 26 de Abril, 20 de Junio, Villa Obrera, San Mart\u00edn, Leandro N. Alem, San Jos\u00e9 Obrero, Parque del Ceibo, Giardino y Ricardo Rojas; en la sede <strong>Abremate <\/strong>de la UNLa; y en el Centro Cultural Villa Diamante.<\/p>\n<p>Para conocer cada uno de los eventos que se desarrollar\u00e1n durante el receso invernal deber\u00e1n ingresar a <a href=\"https:\/\/www.lanus.gob.ar\/agenda\">este enlace<\/a> y tener en cuenta que, aunque la mayor\u00eda de ellas son gratuitas, muchas <strong>requieren inscripci\u00f3n previa que se puede gestionar a trav\u00e9s de ese mismo sitio.<\/strong><\/p>\n","protected":false},"excerpt":{"rendered":"<p>El Municipio de Lan\u00fas dio a conocer las propuestas que, con entrada libre y gratuita, prepara para las vacaciones de invierno con una agenda que ir\u00e1 del s\u00e1bado 13 hasta el domingo 28 de julio en diferentes locaciones de la comuna. Las propuestas incluyen obras de teatro, talleres, juegotecas, kermeses, cine, circo, espect\u00e1culos y postas [&hellip;]<\/p>\n","protected":false},"author":2,"featured_media":7416,"comment_status":"closed","ping_status":"closed","sticky":false,"template":"","format":"standard","meta":{"jetpack_post_was_ever_published":false,"_jetpack_newsletter_access":"","_jetpack_dont_email_post_to_subs":false,"_jetpack_newsletter_tier_id":0,"_jetpack_memberships_contains_paywalled_content":false,"_jetpack_memberships_contains_paid_content":false,"footnotes":"","jetpack_publicize_message":"","jetpack_publicize_feature_enabled":true,"jetpack_social_post_already_shared":true,"jetpack_social_options":{"image_generator_settings":{"template":"highway","enabled":false},"version":2}},"categories":[19],"tags":[1329,773,774,23,969],"class_list":["post-7415","post","type-post","status-publish","format-standard","has-post-thumbnail","hentry","category-municipio","tag-actividades","tag-centrales","tag-destacadas","tag-lanus","tag-vacaciones-de-invierno"],"jetpack_publicize_connections":[],"jetpack_featured_media_url":"https:\/\/i0.wp.com\/infolanus.com\/wp-content\/uploads\/2024\/07\/la-agenda-de-vacaciones-de-invierno-en-lanus.jpg?fit=1079%2C607&ssl=1","jetpack_sharing_enabled":true,"jetpack_shortlink":"https:\/\/wp.me\/p9QtMr-1VB","_links":{"self":[{"href":"https:\/\/infolanus.com\/index.php\/wp-json\/wp\/v2\/posts\/7415","targetHints":{"allow":["GET"]}}],"collection":[{"href":"https:\/\/infolanus.com\/index.php\/wp-json\/wp\/v2\/posts"}],"about":[{"href":"https:\/\/infolanus.com\/index.php\/wp-json\/wp\/v2\/types\/post"}],"author":[{"embeddable":true,"href":"https:\/\/infolanus.com\/index.php\/wp-json\/wp\/v2\/users\/2"}],"replies":[{"embeddable":true,"href":"https:\/\/infolanus.com\/index.php\/wp-json\/wp\/v2\/comments?post=7415"}],"version-history":[{"count":0,"href":"https:\/\/infolanus.com\/index.php\/wp-json\/wp\/v2\/posts\/7415\/revisions"}],"wp:featuredmedia":[{"embeddable":true,"href":"https:\/\/infolanus.com\/index.php\/wp-json\/wp\/v2\/media\/7416"}],"wp:attachment":[{"href":"https:\/\/infolanus.com\/index.php\/wp-json\/wp\/v2\/media?parent=7415"}],"wp:term":[{"taxonomy":"category","embeddable":true,"href":"https:\/\/infolanus.com\/index.php\/wp-json\/wp\/v2\/categories?post=7415"},{"taxonomy":"post_tag","embeddable":true,"href":"https:\/\/infolanus.com\/index.php\/wp-json\/wp\/v2\/tags?post=7415"}],"curies":[{"name":"wp","href":"https:\/\/api.w.org\/{rel}","templated":true}]}}