{"id":7527,"date":"2024-07-26T21:23:00","date_gmt":"2024-07-27T00:23:00","guid":{"rendered":"https:\/\/www.ambito.com\/uruguay\/yamandu-orsi-visito-artigas-y-cuestiono-lo-alevoso-del-escandalo-caram-y-dos-santos-n6039522"},"modified":"2024-07-26T21:23:00","modified_gmt":"2024-07-27T00:23:00","slug":"yamandu-orsi-visito-artigas-y-cuestiono-lo-alevoso-del-escandalo-con-caram-y-dos-santos","status":"publish","type":"post","link":"https:\/\/infolanus.com\/index.php\/2024\/07\/26\/yamandu-orsi-visito-artigas-y-cuestiono-lo-alevoso-del-escandalo-con-caram-y-dos-santos\/","title":{"rendered":"Yamand\u00fa Orsi visit\u00f3 Artigas y cuestion\u00f3 lo &#8220;alevoso&#8221; del esc\u00e1ndalo con Caram y Dos Santos"},"content":{"rendered":"<div><img data-recalc-dims=\"1\" decoding=\"async\" src=\"https:\/\/i0.wp.com\/media.ambito.com\/p\/c2fe655a0c52f0902d44ed5494ff6e5c\/adjuntos\/351\/imagenes\/041\/591\/0041591645\/1200x675\/smart\/precandidato-yamandu-orsi-elecciones-2024.jpg?w=640&#038;ssl=1\" class=\"ff-og-image-inserted\"><\/div>\n<div id>\n<p>El candidato presidencial del <strong>Frente Amplio, Yamand\u00fa Orsi, <\/strong>visit\u00f3 <strong>Artigas <\/strong>y se refiri\u00f3 al <a href=\"https:\/\/www.ambito.com\/uruguay\/escandalo-artigas-la-justicia-investiga-la-sucesora-caram-y-se-reactiva-el-plebiscito-ingreso-las-intendencias-n6036594\" target=\"_blank\" rel=\"follow noopener\">esc\u00e1ndalo del <strong>Partido Nacional<\/strong><\/a> por las horas extras que deriv\u00f3 en la eyecci\u00f3n del intendente <strong>Pablo Caram, <\/strong>al considerar que fue un hecho \u201calevoso\u201d.<\/p>\n<\/div>\n<div id>\n<p>Orsi admiti\u00f3 que otros dirigentes del FA le hab\u00edan advertido acerca de \u201csituaciones raras\u201d, por lo que asegur\u00f3 que \u201ctarde o temprano, por alg\u00fan lado, ten\u00eda que explotar\u201d y acus\u00f3 al PN de \u201cactuar tarde\u201d, en el marco de la salida de Caram y <a href=\"https:\/\/www.ambito.com\/uruguay\/elita-volpi-comienza-su-gestion-artigas-buscando-aclarar-las-polemicas-n6038301\" target=\"_blank\" rel=\"follow noopener\">la llegada de <strong>Elita Volpi,<\/strong><\/a> sobre quien pesa una causa judicial.<\/p>\n<\/div>\n<div id>\n<p> &#8220;Algo tan alevoso como que una instituci\u00f3n estaba siendo manejada por una exdiputada me sorprendi\u00f3&#8221;, manifest\u00f3 en rueda de prensa el <strong>exintendente de Canelones <\/strong>al referirse al rol de <strong>Valentina Dos Santos <\/strong>en el departamento.<\/p>\n<\/div>\n<div id>\n<p>Con respecto a Caram, manifest\u00f3 que \u201ccuando uno tiene relaciones personales uno se preocupa\u201d, aunque admiti\u00f3: \u201cLo que quiz\u00e1s no nos sorprende es que ya nos hab\u00edan advertido nuestros compa\u00f1eros de situaciones raras&#8221;.<\/p>\n<\/div>\n<div id>\n<div contenteditable=\"false\" class=\"embed_cont type_freetext\" rel=\"freetext\" id=\"embed2930_wrap\" data-provider=\"Twitter\" readability=\"30.307531380753\">\n<p>Embed &#8211; https:\/\/publish.twitter.com\/oembed?url=https:\/\/x.com\/OrsiYamandu\/status\/1816964994635825648&amp;partner=&amp;hide_thread=false<span onclick=\"parent.parent.TinyMCETdcuerpo.preview_embed('embed2930')\" class=\"embed_colapse less\" id=\"embed2930_colapse\"><\/span><span onclick=\"parent.parent.TinyMCETdcuerpo.delete_embed('embed2930')\" class=\"embed_delete less\" id=\"embed2930_delete\"><\/span><\/p>\n<div id=\"embed2930_content\" class=\"embed_content\">\n<div id=\"embed2930_embed\" readability=\"7.5555555555556\">\n<blockquote data-td-script-src=\"https:\/\/platform.twitter.com\/widgets.js\" class=\"twitter-tweet\" readability=\"8.8888888888889\">\n<p dir=\"ltr\" lang=\"es\"> Gracias a la Asociaci\u00f3n Agropecuaria de Artigas por recibirme. Escuchar las demandas del sector, compartirles las ideas que venimos manejando, tener un ida y vuelta necesario para poner nuevamente en marcha este gran pa\u00eds productivo que tan diferente es en cada departamento. <a href=\"https:\/\/t.co\/31WV5U14l1\">pic.twitter.com\/31WV5U14l1<\/a><\/p>\n<p> \u2014 Yamand\u00fa Orsi (@OrsiYamandu) <a href=\"https:\/\/twitter.com\/OrsiYamandu\/status\/1816964994635825648?ref_src=twsrc%5Etfw\">July 26, 2024<\/a><\/p><\/blockquote>\n<\/div><\/div>\n<\/p><\/div>\n<h2>La campa\u00f1a de Yamand\u00fa Orsi en Artigas<\/h2>\n<p>Tras su visita a Artigas, Orsi se refiri\u00f3 a la campa\u00f1a, que lo encuentra en <a href=\"https:\/\/www.ambito.com\/uruguay\/charlas-quincho-yamandu-orsi-andres-ojeda-y-la-campana-mediatica-debate-n6039084\" target=\"_blank\" rel=\"follow noopener\">franca polarizaci\u00f3n con <strong>Andr\u00e9s Ojeda,<\/strong><\/a> del <strong>Partido Colorado:<\/strong> &#8220;Nos arrimamos para tener una conversaci\u00f3n m\u00e1s profunda y ver c\u00f3mo nos paramos como fuerza pol\u00edtica en clave de propuestas para la gente y campa\u00f1a electoral de cara a octubre&#8221;.<\/p>\n<p>Posteriormente, mantuvo un encuentro con referentes de la <strong>Asociaci\u00f3n Agropecuaria<\/strong> de Artigas. \u201cEscuchar las demandas del sector, compartirles las ideas que venimos manejando, tener un ida y vuelta es necesario para poner nuevamente en marcha este gran pa\u00eds productivo que tan diferente es en cada departamento\u201d, resalt\u00f3 el candidato frenteamplista.<\/p>\n<p>Orsi fue noticia en las \u00faltimas horas de la campa\u00f1a por su decisi\u00f3n de no asistir a eventos en los que participen los cuatro candidatos del <strong>oficialismo. <\/strong>&#8220;Si ellos ya definieron que van a ir en coalici\u00f3n y el problema es tratar de que el Frente Amplio no llegue, creo que es cantado que si son cuatro y uno del otro lado, no tiene mucho sentido, o por lo menos queda bastante desequilibrado&#8221;, plante\u00f3.<\/p>\n<p>En ese sentido, consider\u00f3 que en el oficialismo &#8220;tienen una segunda interna&#8221; en las <strong>elecciones 2024<\/strong> y plante\u00f3: &#8220;Despu\u00e9s que resuelvan la segunda interna, en pie de igualdad, entiendo que se preocupen por mi agenda&#8221;.<\/p>\n<\/div>\n","protected":false},"excerpt":{"rendered":"<p>El candidato presidencial del Frente Amplio, Yamand\u00fa Orsi, visit\u00f3 Artigas y se refiri\u00f3 al esc\u00e1ndalo del Partido Nacional por las horas extras que deriv\u00f3 en la eyecci\u00f3n del intendente Pablo Caram, al considerar que fue un hecho \u201calevoso\u201d. Orsi admiti\u00f3 que otros dirigentes del FA le hab\u00edan advertido acerca de \u201csituaciones raras\u201d, por lo que [&hellip;]<\/p>\n","protected":false},"author":2,"featured_media":7528,"comment_status":"closed","ping_status":"closed","sticky":false,"template":"","format":"standard","meta":{"jetpack_post_was_ever_published":false,"_jetpack_newsletter_access":"","_jetpack_dont_email_post_to_subs":false,"_jetpack_newsletter_tier_id":0,"_jetpack_memberships_contains_paywalled_content":false,"_jetpack_memberships_contains_paid_content":false,"footnotes":"","jetpack_publicize_message":"","jetpack_publicize_feature_enabled":true,"jetpack_social_post_already_shared":true,"jetpack_social_options":{"image_generator_settings":{"template":"highway","enabled":false},"version":2}},"categories":[20],"tags":[],"class_list":["post-7527","post","type-post","status-publish","format-standard","has-post-thumbnail","hentry","category-mundo"],"jetpack_publicize_connections":[],"jetpack_featured_media_url":"https:\/\/i0.wp.com\/infolanus.com\/wp-content\/uploads\/2024\/07\/yamandu-orsi-visito-artigas-y-cuestiono-lo-alevoso-del-escandalo-con-caram-y-dos-santos.jpg?fit=1200%2C675&ssl=1","jetpack_sharing_enabled":true,"jetpack_shortlink":"https:\/\/wp.me\/p9QtMr-1Xp","_links":{"self":[{"href":"https:\/\/infolanus.com\/index.php\/wp-json\/wp\/v2\/posts\/7527","targetHints":{"allow":["GET"]}}],"collection":[{"href":"https:\/\/infolanus.com\/index.php\/wp-json\/wp\/v2\/posts"}],"about":[{"href":"https:\/\/infolanus.com\/index.php\/wp-json\/wp\/v2\/types\/post"}],"author":[{"embeddable":true,"href":"https:\/\/infolanus.com\/index.php\/wp-json\/wp\/v2\/users\/2"}],"replies":[{"embeddable":true,"href":"https:\/\/infolanus.com\/index.php\/wp-json\/wp\/v2\/comments?post=7527"}],"version-history":[{"count":0,"href":"https:\/\/infolanus.com\/index.php\/wp-json\/wp\/v2\/posts\/7527\/revisions"}],"wp:featuredmedia":[{"embeddable":true,"href":"https:\/\/infolanus.com\/index.php\/wp-json\/wp\/v2\/media\/7528"}],"wp:attachment":[{"href":"https:\/\/infolanus.com\/index.php\/wp-json\/wp\/v2\/media?parent=7527"}],"wp:term":[{"taxonomy":"category","embeddable":true,"href":"https:\/\/infolanus.com\/index.php\/wp-json\/wp\/v2\/categories?post=7527"},{"taxonomy":"post_tag","embeddable":true,"href":"https:\/\/infolanus.com\/index.php\/wp-json\/wp\/v2\/tags?post=7527"}],"curies":[{"name":"wp","href":"https:\/\/api.w.org\/{rel}","templated":true}]}}