{"id":7531,"date":"2024-07-27T21:09:00","date_gmt":"2024-07-28T00:09:00","guid":{"rendered":"https:\/\/www.ambito.com\/uruguay\/venezuela-deporto-al-diputado-del-partido-nacional-invitado-la-oposicion-las-elecciones-n6024695"},"modified":"2024-07-27T21:09:00","modified_gmt":"2024-07-28T00:09:00","slug":"venezuela-deporto-al-diputado-del-partido-nacional-invitado-por-la-oposicion-para-las-elecciones","status":"publish","type":"post","link":"https:\/\/infolanus.com\/index.php\/2024\/07\/27\/venezuela-deporto-al-diputado-del-partido-nacional-invitado-por-la-oposicion-para-las-elecciones\/","title":{"rendered":"Venezuela deport\u00f3 al diputado del Partido Nacional invitado por la oposici\u00f3n para las elecciones"},"content":{"rendered":"<div><img data-recalc-dims=\"1\" decoding=\"async\" src=\"https:\/\/i0.wp.com\/media.ambito.com\/p\/9290c8c5704f550e03dc1523083d7666\/adjuntos\/351\/imagenes\/041\/327\/0041327811\/1200x675\/smart\/nicolas-madurojpg.jpg?w=640&#038;ssl=1\" class=\"ff-og-image-inserted\"><\/div>\n<div id>\n<p>El diputado del <strong>Partido Nacional, Pablo Viana, <\/strong>fue deportado de <strong>Venezuela <\/strong>por decisi\u00f3n de <strong>Nicol\u00e1s Maduro, <\/strong><a href=\"https:\/\/www.ambito.com\/uruguay\/los-candidatos-del-oficialismo-pidieron-elecciones-pacificas-y-interferencias-venezuela-n6038705\" target=\"_blank\" rel=\"follow noopener\">a horas de las <strong>elecciones<\/strong><\/a> en ese pa\u00eds, en las que el <strong>legislador uruguayo <\/strong>acudi\u00f3 a respaldar a los dirigentes de la oposici\u00f3n.<\/p>\n<\/div>\n<div id>\n<p>En medio de <a href=\"https:\/\/www.ambito.com\/uruguay\/elecciones-venezuela-solo-el-1-los-residentes-estan-habilitados-votar-n6039186\" target=\"_blank\" rel=\"follow noopener\">numerosas observaciones por irregularidades<\/a> en el pa\u00eds caribe\u00f1o, <strong>Viana <\/strong>manifest\u00f3 su \u201cbronca\u201d tras la expulsi\u00f3n y augur\u00f3 que este domingo \u201cla tiran\u00eda y sus c\u00f3mplices no se saldr\u00e1n con la suya\u201d.<\/p>\n<\/div>\n<div id>\n<p> \u201cHe sido deportado, hace algunos instantes, junto a un sacerdote cat\u00f3lico espa\u00f1ol y tres mujeres colombianas\u201d, narr\u00f3 el diputado mediante una publicaci\u00f3n en su cuenta de X.<\/p>\n<\/div>\n<div id>\n<p><strong>Viana <\/strong>cont\u00f3 que intent\u00f3 acompa\u00f1ar \u201ccon mucha discreci\u00f3n y respeto\u201d a la referente opositora <strong>Mar\u00eda Corina Machado, <\/strong>pero lament\u00f3 que \u201cdespu\u00e9s de 4 horas incomunicados y de consultas con sus mandos superiores, y dir\u00eda que hasta con un dejo de resignaci\u00f3n, los funcionarios aeroportuarios nos escoltaron al avi\u00f3n para devolvernos a <strong>Bogot\u00e1\u201d.<\/strong><\/p>\n<\/p><\/div>\n<div id>\n<div contenteditable=\"false\" class=\"embed_cont type_freetext\" rel=\"freetext\" id=\"embed2322_wrap\" data-provider=\"Twitter\" readability=\"31.071428571429\">\n<p>Embed &#8211; https:\/\/publish.twitter.com\/oembed?url=https:\/\/x.com\/pabloviana_ok\/status\/1817248329820160402&amp;partner=&amp;hide_thread=false<span onclick=\"parent.parent.TinyMCETdcuerpo.preview_embed('embed2322')\" class=\"embed_colapse less\" id=\"embed2322_colapse\"><\/span><span onclick=\"parent.parent.TinyMCETdcuerpo.delete_embed('embed2322')\" class=\"embed_delete less\" id=\"embed2322_delete\"><\/span><\/p>\n<div id=\"embed2322_content\" class=\"embed_content\">\n<div id=\"embed2322_embed\" readability=\"8.7297297297297\">\n<blockquote data-td-script-src=\"https:\/\/platform.twitter.com\/widgets.js\" class=\"twitter-tweet\" readability=\"11.027027027027\">\n<p dir=\"ltr\" lang=\"es\"> He sido deportado, hace algunos instantes, junto a un sacerdote cat\u00f3lico espa\u00f1ol y tres mujeres colombianas. <\/p>\n<p>Intentamos con mucha discreci\u00f3n y respeto acompa\u00f1ar a <a href=\"https:\/\/twitter.com\/MariaCorinaYA?ref_src=twsrc%5Etfw\">@MariaCorinaYA<\/a> y todo el pueblo venezolano, pero los funcionarios aeroportuarios despu\u00e9s de 4 horas incomunicados y\u2026<\/p>\n<p> \u2014 Pablo Viana (@pabloviana_ok) <a href=\"https:\/\/twitter.com\/pabloviana_ok\/status\/1817248329820160402?ref_src=twsrc%5Etfw\">July 27, 2024<\/a><\/p><\/blockquote>\n<\/div><\/div>\n<\/p><\/div>\n<p>De todos modos, el legislador blanco agradeci\u00f3 \u201ca todas las personas que nos acompa\u00f1aron y trabajaron para intentar que nuestra visita fuera posible y en especial a los pasajeros del vuelo 143 de <strong>Avianca, <\/strong>muchos perdiendo sus conexiones o llegando tarde a sus destinos\u201d, mientras destac\u00f3 que \u201cel aplauso con el que nos recibieron ha sido por dem\u00e1s emotivo.\u201d<\/p>\n<p>\u201cEstamos seguros que a partir de ma\u00f1ana un nuevo panorama renovar\u00e1 la esperanza de todo un pueblo y un continente\u201d, sostuvo con respecto a las <strong>elecciones <\/strong>de este domingo y, al augurar una derrota de <strong>Maduro, <\/strong>sentenci\u00f3: \u201cMe voy no con poca bronca pero con la convicci\u00f3n de poder compartir juntos la alegr\u00eda de la libertad. La <strong>tiran\u00eda <\/strong>y sus c\u00f3mplices no se saldr\u00e1n con la suya\u201d.<\/p>\n<h2>Las recurrentes advertencias de Uruguay sobre las elecciones en Venezuela<\/h2>\n<p>Los cruces entre el gobierno venezolano y el de <strong>Luis Lacalle Pou <\/strong>fueron asiduos durante toda la gesti\u00f3n y a eso se sum\u00f3 en los \u00faltimos tiempos los constantes reclamos de Canciller\u00eda sobre la regularidad del proceso electoral.<\/p>\n<p>En ese sentido, el gobierno se sum\u00f3 a otros pa\u00edses de la regi\u00f3n para manifestar su \u201cpreocupaci\u00f3n el hostigamiento y persecuci\u00f3n contra dirigentes y partidarios de la oposici\u00f3n venezolana\u201d y <a href=\"https:\/\/www.ambito.com\/uruguay\/le-exige-transparencia-venezuela-menos-diez-dias-las-elecciones-n6035185\" target=\"_blank\" rel=\"follow noopener\">exigirle \u201ctransparencia\u201d al gobierno<\/a> de <strong>Maduro.<\/strong><\/p>\n<p>Incluso, los <strong>candidatos presidenciales uruguayos <\/strong>del oficialismo plantearon la necesidad de que se registren comicios \u201ctransparentes y sin interferencias\u201d.<\/p>\n<p>Vale resaltar que en el pa\u00eds est\u00e1n habilitados para votar apenas 400 de los 40.000 venezolanos residentes, lo que equivale a un 1%.<\/p>\n<\/div>\n","protected":false},"excerpt":{"rendered":"<p>El diputado del Partido Nacional, Pablo Viana, fue deportado de Venezuela por decisi\u00f3n de Nicol\u00e1s Maduro, a horas de las elecciones en ese pa\u00eds, en las que el legislador uruguayo acudi\u00f3 a respaldar a los dirigentes de la oposici\u00f3n. En medio de numerosas observaciones por irregularidades en el pa\u00eds caribe\u00f1o, Viana manifest\u00f3 su \u201cbronca\u201d tras [&hellip;]<\/p>\n","protected":false},"author":2,"featured_media":7532,"comment_status":"closed","ping_status":"closed","sticky":false,"template":"","format":"standard","meta":{"jetpack_post_was_ever_published":false,"_jetpack_newsletter_access":"","_jetpack_dont_email_post_to_subs":false,"_jetpack_newsletter_tier_id":0,"_jetpack_memberships_contains_paywalled_content":false,"_jetpack_memberships_contains_paid_content":false,"footnotes":"","jetpack_publicize_message":"","jetpack_publicize_feature_enabled":true,"jetpack_social_post_already_shared":true,"jetpack_social_options":{"image_generator_settings":{"template":"highway","enabled":false},"version":2}},"categories":[20],"tags":[],"class_list":["post-7531","post","type-post","status-publish","format-standard","has-post-thumbnail","hentry","category-mundo"],"jetpack_publicize_connections":[],"jetpack_featured_media_url":"https:\/\/i0.wp.com\/infolanus.com\/wp-content\/uploads\/2024\/07\/venezuela-deporto-al-diputado-del-partido-nacional-invitado-por-la-oposicion-para-las-elecciones.jpg?fit=1200%2C675&ssl=1","jetpack_sharing_enabled":true,"jetpack_shortlink":"https:\/\/wp.me\/p9QtMr-1Xt","_links":{"self":[{"href":"https:\/\/infolanus.com\/index.php\/wp-json\/wp\/v2\/posts\/7531","targetHints":{"allow":["GET"]}}],"collection":[{"href":"https:\/\/infolanus.com\/index.php\/wp-json\/wp\/v2\/posts"}],"about":[{"href":"https:\/\/infolanus.com\/index.php\/wp-json\/wp\/v2\/types\/post"}],"author":[{"embeddable":true,"href":"https:\/\/infolanus.com\/index.php\/wp-json\/wp\/v2\/users\/2"}],"replies":[{"embeddable":true,"href":"https:\/\/infolanus.com\/index.php\/wp-json\/wp\/v2\/comments?post=7531"}],"version-history":[{"count":0,"href":"https:\/\/infolanus.com\/index.php\/wp-json\/wp\/v2\/posts\/7531\/revisions"}],"wp:featuredmedia":[{"embeddable":true,"href":"https:\/\/infolanus.com\/index.php\/wp-json\/wp\/v2\/media\/7532"}],"wp:attachment":[{"href":"https:\/\/infolanus.com\/index.php\/wp-json\/wp\/v2\/media?parent=7531"}],"wp:term":[{"taxonomy":"category","embeddable":true,"href":"https:\/\/infolanus.com\/index.php\/wp-json\/wp\/v2\/categories?post=7531"},{"taxonomy":"post_tag","embeddable":true,"href":"https:\/\/infolanus.com\/index.php\/wp-json\/wp\/v2\/tags?post=7531"}],"curies":[{"name":"wp","href":"https:\/\/api.w.org\/{rel}","templated":true}]}}