{"id":7583,"date":"2024-08-05T18:58:41","date_gmt":"2024-08-05T21:58:41","guid":{"rendered":"https:\/\/www.inforegion.com.ar\/?p=310365"},"modified":"2024-08-05T18:58:41","modified_gmt":"2024-08-05T21:58:41","slug":"la-agenda-de-celebraciones-por-el-dia-de-san-cayetano-en-avellaneda-lanus","status":"publish","type":"post","link":"https:\/\/infolanus.com\/index.php\/2024\/08\/05\/la-agenda-de-celebraciones-por-el-dia-de-san-cayetano-en-avellaneda-lanus\/","title":{"rendered":"La agenda de celebraciones por el d\u00eda de San Cayetano en Avellaneda \u2013 Lan\u00fas"},"content":{"rendered":"<div><img data-recalc-dims=\"1\" decoding=\"async\" src=\"https:\/\/i0.wp.com\/www.inforegion.com.ar\/wp-content\/uploads\/2022\/08\/sancayetano.jpg?w=640&#038;ssl=1\" class=\"ff-og-image-inserted\"><\/div>\n<p>Este mi\u00e9rcoles los fieles de la grey cat\u00f3lica de Avellaneda -Lan\u00fas celebrar\u00e1n -como cada 7 de agosto- a <strong>San Cayetano, el patrono del pan y del trabajo<\/strong>, por lo cual los peregrinos se acercar\u00e1n a los templos de la di\u00f3cesis dedicados al santo para pedir por el milagro de un trabajo digno y agradecer el que atesoran.<\/p>\n<p>Esta es la agenda de celebraciones de Avellaneda -Lan\u00fas:<\/p>\n<h2 class=\"wp-block-heading\">Santuario San Cayetano de Monte Chingolo <\/h2>\n<ul>\n<li>Ituzaing\u00f3 3470, Monte Chingolo<\/li>\n<li>Apertura a las 00.<\/li>\n<li>Misas a las 00, 07, 09, 11, 13, 15 y a las 20.<\/li>\n<li>A las 18.30, procesi\u00f3n por las calles del barrio.<\/li>\n<li>La misa de 20 ser\u00e1 presidia por el Padre Obispo Marcelo Maxi Margni.<\/li>\n<\/ul>\n<h2 class=\"wp-block-heading\">Cuasiparroquia San Cayetano de Pi\u00f1eyro <\/h2>\n<ul>\n<li>General D\u00edaz 1434, Pi\u00f1eyro<\/li>\n<li>Misas a las 11.30 por los enfermos y afligidos, y a las 19.<\/li>\n<li>En la misa de la ma\u00f1ana se administrar\u00e1 la Unci\u00f3n de los Enfermos<\/li>\n<\/ul>\n<h2 class=\"wp-block-heading\">Capilla Nuestra Se\u00f1ora de Luj\u00e1n y San Cayetano de Caraza<\/h2>\n<ul>\n<li>Arist\u00f3bulo del Valle 1647, Villa Caraza.<\/li>\n<li>Misas a las 9, 17 y 20.<\/li>\n<li>Procesi\u00f3n a las 19.<\/li>\n<li>La misa de las 20 ser\u00e1 presidia por el obispo em\u00e9rito de Avellaneda-Lan\u00fas, Rub\u00e9n Frassia.<\/li>\n<\/ul>\n<p>Adem\u00e1s, el martes 6 de agosto a las 19, en v\u00edsperas de la fiesta, el Padre Obispo Maxi Margni presidir\u00e1 la <strong>misa por la santificaci\u00f3n del trabajo, con participaci\u00f3n de trabajadores y sindicatos <\/strong>en el Santuario San Cayetano de Monte Chingolo.<\/p>\n","protected":false},"excerpt":{"rendered":"<p>Este mi\u00e9rcoles los fieles de la grey cat\u00f3lica de Avellaneda -Lan\u00fas celebrar\u00e1n -como cada 7 de agosto- a San Cayetano, el patrono del pan y del trabajo, por lo cual los peregrinos se acercar\u00e1n a los templos de la di\u00f3cesis dedicados al santo para pedir por el milagro de un trabajo digno y agradecer el [&hellip;]<\/p>\n","protected":false},"author":2,"featured_media":7584,"comment_status":"closed","ping_status":"closed","sticky":false,"template":"","format":"standard","meta":{"jetpack_post_was_ever_published":false,"_jetpack_newsletter_access":"","_jetpack_dont_email_post_to_subs":false,"_jetpack_newsletter_tier_id":0,"_jetpack_memberships_contains_paywalled_content":false,"_jetpack_memberships_contains_paid_content":false,"footnotes":"","jetpack_publicize_message":"","jetpack_publicize_feature_enabled":true,"jetpack_social_post_already_shared":true,"jetpack_social_options":{"image_generator_settings":{"template":"highway","enabled":false},"version":2}},"categories":[19],"tags":[1727,801,773,774,1728,23,1729,788],"class_list":["post-7583","post","type-post","status-publish","format-standard","has-post-thumbnail","hentry","category-municipio","tag-7-de-agosto","tag-avellaneda","tag-centrales","tag-destacadas","tag-iglesia","tag-lanus","tag-san-cayetano","tag-sociedad"],"jetpack_publicize_connections":[],"jetpack_featured_media_url":"https:\/\/i0.wp.com\/infolanus.com\/wp-content\/uploads\/2024\/08\/la-agenda-de-celebraciones-por-el-dia-de-san-cayetano-en-avellaneda-lanus.jpg?fit=1200%2C675&ssl=1","jetpack_sharing_enabled":true,"jetpack_shortlink":"https:\/\/wp.me\/p9QtMr-1Yj","_links":{"self":[{"href":"https:\/\/infolanus.com\/index.php\/wp-json\/wp\/v2\/posts\/7583","targetHints":{"allow":["GET"]}}],"collection":[{"href":"https:\/\/infolanus.com\/index.php\/wp-json\/wp\/v2\/posts"}],"about":[{"href":"https:\/\/infolanus.com\/index.php\/wp-json\/wp\/v2\/types\/post"}],"author":[{"embeddable":true,"href":"https:\/\/infolanus.com\/index.php\/wp-json\/wp\/v2\/users\/2"}],"replies":[{"embeddable":true,"href":"https:\/\/infolanus.com\/index.php\/wp-json\/wp\/v2\/comments?post=7583"}],"version-history":[{"count":0,"href":"https:\/\/infolanus.com\/index.php\/wp-json\/wp\/v2\/posts\/7583\/revisions"}],"wp:featuredmedia":[{"embeddable":true,"href":"https:\/\/infolanus.com\/index.php\/wp-json\/wp\/v2\/media\/7584"}],"wp:attachment":[{"href":"https:\/\/infolanus.com\/index.php\/wp-json\/wp\/v2\/media?parent=7583"}],"wp:term":[{"taxonomy":"category","embeddable":true,"href":"https:\/\/infolanus.com\/index.php\/wp-json\/wp\/v2\/categories?post=7583"},{"taxonomy":"post_tag","embeddable":true,"href":"https:\/\/infolanus.com\/index.php\/wp-json\/wp\/v2\/tags?post=7583"}],"curies":[{"name":"wp","href":"https:\/\/api.w.org\/{rel}","templated":true}]}}