{"id":7590,"date":"2024-08-07T15:40:00","date_gmt":"2024-08-07T18:40:00","guid":{"rendered":"https:\/\/www.ambito.com\/uruguay\/estiman-que-el-buen-estado-los-huesos-hallados-el-batallon-14-facilitara-la-identificacion-n6045226"},"modified":"2024-08-07T15:40:00","modified_gmt":"2024-08-07T18:40:00","slug":"estiman-que-el-buen-estado-de-los-huesos-hallados-en-el-batallon-14-facilitara-la-identificacion","status":"publish","type":"post","link":"https:\/\/infolanus.com\/index.php\/2024\/08\/07\/estiman-que-el-buen-estado-de-los-huesos-hallados-en-el-batallon-14-facilitara-la-identificacion\/","title":{"rendered":"Estiman que el &#8220;buen estado&#8221; de los huesos hallados en el Batall\u00f3n 14 facilitar\u00e1 la identificaci\u00f3n"},"content":{"rendered":"<div><img data-recalc-dims=\"1\" decoding=\"async\" src=\"https:\/\/i0.wp.com\/media.ambito.com\/p\/752e48d88d374e7156fe6439c470fc16\/adjuntos\/351\/imagenes\/041\/709\/0041709036\/1200x675\/smart\/batallon-14jpg.jpg?w=640&#038;ssl=1\" class=\"ff-og-image-inserted\"><\/div>\n<div id>\n<p>La jefa del equipo de antrop\u00f3logos que trabaja con los <a href=\"https:\/\/www.ambito.com\/uruguay\/hallan-nuevos-restos-oseos-el-batallon-14-cerca-donde-encontraron-amelia-sanjurjo-n6041495\" target=\"_blank\" rel=\"follow noopener\">nuevos restos hallados en el <strong>Batall\u00f3n 14<\/strong><\/a><strong>, Alicia Lusiardo,<\/strong> confirm\u00f3 que pronto se podr\u00e1 conocer la estatura, el sexo y el rango et\u00e1reo de la persona a partir de los huesos que \u201cest\u00e1n en muy buen estado\u201d.<\/p>\n<\/div>\n<div id>\n<p>A una semana del nuevo hallazgo en el <strong>Batall\u00f3n 14 de Toledo<\/strong> \u2014a pocos metros de donde se encontr\u00f3 el cuerpo de <strong>Amelia Sanjurjo\u2014,<\/strong> el equipo de antrop\u00f3logos contin\u00faa el protocolo de identificaci\u00f3n. En ese sentido, Lusiardo explic\u00f3 a Subrayado que este mi\u00e9rcoles se llevaron los restos hasta las instalaciones del <strong>Instituto T\u00e9cnico Forense (ITF) <\/strong>para realizar las radiograf\u00edas, y luego, de nuevo en el laboratorio, se comenzaron los trabajos de limpieza y almacenamiento.<\/p>\n<\/div>\n<div id>\n<p> Este \u00faltimo paso llevar\u00e1 unas dos semanas, seg\u00fan indic\u00f3.<\/p>\n<\/div>\n<div id>\n<p>Las <strong>radiograf\u00edas,<\/strong> en tanto, se realizan por protocolo: &#8220;Nos dan elementos muy importantes a la hora de buscar elementos radiopacos que puedan responder a alg\u00fan <strong>elemento bal\u00edstico,<\/strong> que pueda estar all\u00ed o en el sedimento&#8221;, explic\u00f3 Lusiardo, y a\u00f1adi\u00f3 que tambi\u00e9n observan si hay lesiones &#8220;que hayan tenido lugar durante la vida del individuo&#8221;.<\/p>\n<\/div>\n<div id>\n<p>La buena noticias es que el \u201cbuen estado\u201d de los huesos recuperados permitir\u00e1n conocer la estatura, sexo y rango etario de la persona, lo que podr\u00eda facilitar el <strong>proceso de identificaci\u00f3n<\/strong>. &#8220;En un par de semanas podr\u00edan estar acondicionados y all\u00ed pasar\u00edamos a seleccionar lo que va a ser muestreado para enviar al laboratorio de C\u00f3rdoba para el cotejo gen\u00e9tico&#8221;, sostuvo la jefa del equipo de antrop\u00f3logos.<\/p>\n<h2>El hallazgo de los restos<\/h2>\n<p>Los nuevos restos \u00f3seos se encontraron el 30 de julio a menos de 200 metros del lugar donde hallaron, a principios de junio del a\u00f1o pasado, <a href=\"https:\/\/www.ambito.com\/uruguay\/los-restos-oseos-hallados-batallon-14-pertenecen-amelia-sanjurjo-n6006010\" target=\"_blank\" rel=\"follow noopener\">los de <strong>Amelia Sanjurjo,<\/strong><\/a> la joven que fue desaparecida por la <strong>dictadura <\/strong>mientras se encontraba embarazada.<\/p>\n<p>El episodio se dio tras la ardua labor del <strong>Grupo de Investigaci\u00f3n en Antropolog\u00eda Forense (GIAF)<\/strong> y antes de lo que se pensaba, ya que estaba previsto que las labores <a href=\"https:\/\/www.ambito.com\/uruguay\/las-excavaciones-el-batallon-13-se-retomarian-agosto-n6038232\" target=\"_blank\" rel=\"follow noopener\">se retomaran reci\u00e9n en agosto.<\/a><\/p>\n<p>Los huesos estaban cubiertos con cal y, &#8220;por ser este un enterramiento clandestino en predio militar de larga data, con material asociado destinado a la desintegraci\u00f3n cadav\u00e9rica, con restos \u00f3seos humanos que presentan traumatismos peri mortem a nivel de columna cervical producto de violencia que puede estar relacionado con la causa de muerte&#8221;, \u2014seg\u00fan el informe le\u00eddo el d\u00eda del hallazgo por Lusiardo\u2014 no hay pr\u00e1cticamente dudas de que se trata de otra persona asesinada y desaparecida por la <a href=\"https:\/\/www.ambito.com\/uruguay\/el-nuevo-hallazgo-el-batallon-14-apunta-otra-vez-al-silencio-las-fuerzas-armadas-n6042561\" target=\"_blank\" rel=\"follow noopener\">\u00faltima dictadura militar<\/a>.<\/p>\n<\/div>\n","protected":false},"excerpt":{"rendered":"<p>La jefa del equipo de antrop\u00f3logos que trabaja con los nuevos restos hallados en el Batall\u00f3n 14, Alicia Lusiardo, confirm\u00f3 que pronto se podr\u00e1 conocer la estatura, el sexo y el rango et\u00e1reo de la persona a partir de los huesos que \u201cest\u00e1n en muy buen estado\u201d. A una semana del nuevo hallazgo en el [&hellip;]<\/p>\n","protected":false},"author":2,"featured_media":7591,"comment_status":"closed","ping_status":"closed","sticky":false,"template":"","format":"standard","meta":{"jetpack_post_was_ever_published":false,"_jetpack_newsletter_access":"","_jetpack_dont_email_post_to_subs":false,"_jetpack_newsletter_tier_id":0,"_jetpack_memberships_contains_paywalled_content":false,"_jetpack_memberships_contains_paid_content":false,"footnotes":"","jetpack_publicize_message":"","jetpack_publicize_feature_enabled":true,"jetpack_social_post_already_shared":true,"jetpack_social_options":{"image_generator_settings":{"template":"highway","enabled":false},"version":2}},"categories":[20],"tags":[],"class_list":["post-7590","post","type-post","status-publish","format-standard","has-post-thumbnail","hentry","category-mundo"],"jetpack_publicize_connections":[],"jetpack_featured_media_url":"https:\/\/i0.wp.com\/infolanus.com\/wp-content\/uploads\/2024\/08\/estiman-que-el-buen-estado-de-los-huesos-hallados-en-el-batallon-14-facilitara-la-identificacion.jpg?fit=1200%2C675&ssl=1","jetpack_sharing_enabled":true,"jetpack_shortlink":"https:\/\/wp.me\/p9QtMr-1Yq","_links":{"self":[{"href":"https:\/\/infolanus.com\/index.php\/wp-json\/wp\/v2\/posts\/7590","targetHints":{"allow":["GET"]}}],"collection":[{"href":"https:\/\/infolanus.com\/index.php\/wp-json\/wp\/v2\/posts"}],"about":[{"href":"https:\/\/infolanus.com\/index.php\/wp-json\/wp\/v2\/types\/post"}],"author":[{"embeddable":true,"href":"https:\/\/infolanus.com\/index.php\/wp-json\/wp\/v2\/users\/2"}],"replies":[{"embeddable":true,"href":"https:\/\/infolanus.com\/index.php\/wp-json\/wp\/v2\/comments?post=7590"}],"version-history":[{"count":0,"href":"https:\/\/infolanus.com\/index.php\/wp-json\/wp\/v2\/posts\/7590\/revisions"}],"wp:featuredmedia":[{"embeddable":true,"href":"https:\/\/infolanus.com\/index.php\/wp-json\/wp\/v2\/media\/7591"}],"wp:attachment":[{"href":"https:\/\/infolanus.com\/index.php\/wp-json\/wp\/v2\/media?parent=7590"}],"wp:term":[{"taxonomy":"category","embeddable":true,"href":"https:\/\/infolanus.com\/index.php\/wp-json\/wp\/v2\/categories?post=7590"},{"taxonomy":"post_tag","embeddable":true,"href":"https:\/\/infolanus.com\/index.php\/wp-json\/wp\/v2\/tags?post=7590"}],"curies":[{"name":"wp","href":"https:\/\/api.w.org\/{rel}","templated":true}]}}