{"id":7598,"date":"2024-08-09T12:03:38","date_gmt":"2024-08-09T15:03:38","guid":{"rendered":"https:\/\/www.ambito.com\/uruguay\/la-actividad-economica-se-mantuvo-estable-julio-y-tuvo-el-primer-resultado-no-positivo-del-ano-n6046196"},"modified":"2024-08-09T12:03:38","modified_gmt":"2024-08-09T15:03:38","slug":"la-actividad-economica-se-mantuvo-estable-en-julio-y-tuvo-el-primer-resultado-no-positivo-del-ano","status":"publish","type":"post","link":"https:\/\/infolanus.com\/index.php\/2024\/08\/09\/la-actividad-economica-se-mantuvo-estable-en-julio-y-tuvo-el-primer-resultado-no-positivo-del-ano\/","title":{"rendered":"La actividad econ\u00f3mica se mantuvo estable en julio y tuvo el primer resultado no positivo del a\u00f1o"},"content":{"rendered":"<p><!-- { REGION4 --> <\/p>\n<header class=\"news-headline\" readability=\"1.8770226537217\">\n<div class=\"news-headline__topics-and-date-wrapper\"> <span class=\"news-headline__publication-date\"> 9 de agosto 2024 &#8211; 12:03 <\/span><\/div>\n<h2 class=\"news-headline__article-summary\" readability=\"24\">\n<p class=\"ignore-parser\">El \u00cdndice L\u00edder de Ceres vari\u00f3 un 0% y mostr\u00f3 un empate en la econom\u00eda del pa\u00eds, con buenas noticias contrarrestadas por situaciones coyunturales negativas.<\/p>\n<\/h2>\n<\/header>\n<div class=\"detail-highlighted-multimedia content-protected-false\">\n<figure class=\"detail-highlighted-multimedia__figure\"> <img data-recalc-dims=\"1\" loading=\"lazy\" decoding=\"async\" src=\"https:\/\/i0.wp.com\/media.ambito.com\/p\/d690fe151f25add155283946fe4e4824\/adjuntos\/351\/imagenes\/041\/564\/0041564512\/655x368\/smart\/actividad-economicajpg.jpg?resize=640%2C480&#038;ssl=1\" class=\"detail-highlighted-multimedia__figure-img img-fluid\" alt=\"La actividad econ\u00f3mica se mantuvo sin variaciones en julio.\" width=\"640\" height=\"480\"><figcaption class=\"detail-highlighted-multimedia__figcaption\" readability=\"-24\"> <\/figcaption><\/figure>\n<\/p><\/div>\n<article class=\"article-body article-body--first-paragraph content-protected-false\" data-td-script-src=\"https:\/\/www.ambito.com\/td\/modulos\/encuestas\/js\/function-embeds-min-version-1723090095.js\" readability=\"28.685714285714\">\n<p>El <strong>\u00cdndice L\u00edder Ceres (ILC)<\/strong>, el indicador adelantado del <a href=\"https:\/\/www.ambito.com\/uruguay\/la-actividad-economica-crecio-noveno-mes-consecutivo-n6025561\" target=\"_blank\" rel=\"follow noopener\">nivel de actividad econ\u00f3mica<\/a> que elabora el <strong>Centro de Estudios de la Realidad Econ\u00f3mica y Social (Ceres)<\/strong>, se mantuvo estable con una variaci\u00f3n nula (0%) en julio, luego de registrar nueve meses consecutivos de aumento.<\/p>\n<\/article>\n<article class=\"article-body article-body--second-paragraph content-protected-false\" readability=\"30.088235294118\">\n<p>Seg\u00fan el informe, el <strong>consumo interno<\/strong> \u2014a partir del ajuste precios en <strong>Argentina<\/strong> que redujeron los viajes de compras al pa\u00eds vecino\u2014 y la <strong>masa salarial real<\/strong> mostraron mejoras significativas, pero el <strong><a href=\"https:\/\/www.google.com\/url?client=internal-element-cse&amp;cx=008892114045256532459:e63xqbr3i5i&amp;q=https:\/\/www.ambito.com\/uruguay\/doble-efecto-salario-y-empleo-empujan-el-ingreso-los-hogares-n6044956&amp;sa=U&amp;ved=2ahUKEwjW4d7VkuiHAxU6r5UCHZCdM10QFnoECAMQAg&amp;usg=AOvVaw08mILHlOiCKN-zdbNRldTP&amp;arm=e\" target=\"_blank\" rel=\"follow noopener\">ingreso medio real de los hogares<\/a><\/strong> no creci\u00f3 con la misma intensidad, &#8220;lo que indica un estancamiento en las utilidades y rentas de propietarios y comerciantes uruguayos&#8221;.<\/p>\n<\/article>\n<section class=\"related-news\"> <span class=\"related-news__title\">Informate m\u00e1s<\/span> <\/p>\n<div class=\"row row--eq-height\">\n<div class=\"col-12 col-md-6\">\n<article class=\"news-article news-article--landscape-news news-article--landscape-news\">\n<figure class=\"news-article__figure figure\"> <a href=\"https:\/\/www.ambito.com\/uruguay\/la-actividad-economica-mejoro-un-32-y-anticipa-una-recuperacion-el-segundo-trimestre-n6022962\" target title=\"\u00e1mbito.com | La actividad econ\u00f3mica mejor\u00f3 un 3,2% y anticipa una recuperaci\u00f3n en el segundo trimestre\" alt=\"\u00e1mbito.com | La actividad econ\u00f3mica mejor\u00f3 un 3,2% y anticipa una recuperaci\u00f3n en el segundo trimestre\" rel=\"noindex nofollow noreferrer\"> <img loading=\"lazy\" decoding=\"async\" src=\"https:\/\/www.ambito.com\/css-custom\/351\/lazy.svg\" data-td-src-property=\"https:\/\/media.ambito.com\/p\/bb62eea54a67352df1da36e2b1a3607d\/adjuntos\/351\/imagenes\/041\/384\/0041384544\/93x52\/smart\/crecimiento-economia-monedasjpg.jpg\" alt=\"La actividad econ\u00f3mica mejor\u00f3 en el arranque del segundo trimestre, seg\u00fan datos del Banco Central del Uruguay.\" title=\"La actividad econ\u00f3mica mejor\u00f3 en el arranque del segundo trimestre, seg\u00fan datos del Banco Central del Uruguay.\" width=\"93\" height=\"52\" class=\"news-article__figure-img figure-img img-fluid\"> <\/a><\/figure>\n<\/article><\/div>\n<div class=\"col-12 col-md-6\">\n<article class=\"news-article news-article--landscape-news news-article--landscape-news\">\n<figure class=\"news-article__figure figure\"> <a href=\"https:\/\/www.ambito.com\/uruguay\/la-actividad-economica-mejora-octavo-mes-consecutivo-pero-se-encienden-algunas-alarmas-n6010354\" target title=\"\u00e1mbito.com | La actividad econ\u00f3mica mejora por octavo mes consecutivo, pero se encienden algunas alarmas\" alt=\"\u00e1mbito.com | La actividad econ\u00f3mica mejora por octavo mes consecutivo, pero se encienden algunas alarmas\" rel=\"noindex nofollow noreferrer\"> <img loading=\"lazy\" decoding=\"async\" src=\"https:\/\/www.ambito.com\/css-custom\/351\/lazy.svg\" data-td-src-property=\"https:\/\/media.ambito.com\/p\/9984b51d840141f6a43eef75ac4ec364\/adjuntos\/351\/imagenes\/041\/564\/0041564512\/93x52\/smart\/actividad-economicajpg.jpg\" alt=\"El \u00cdndice L\u00edder de Ceres tuvo una mejora pero se encienden alarmas para la actividad econ\u00f3mica uruguaya.\" title=\"El \u00cdndice L\u00edder de Ceres tuvo una mejora pero se encienden alarmas para la actividad econ\u00f3mica uruguaya.\" width=\"93\" height=\"52\" class=\"news-article__figure-img figure-img img-fluid\"> <\/a><\/figure>\n<\/article><\/div>\n<\/div>\n<\/section>\n<article class=\"article-body article-body--third-paragraph content-protected-false\" readability=\"32.934027777778\">\n<p> Asimismo, se destaca la <a href=\"https:\/\/www.ambito.com\/uruguay\/las-exportaciones-bienes-aumentaron-un-13-enero-y-julio-n6043413\" target=\"_blank\" rel=\"follow noopener\">recuperaci\u00f3n de las <strong>exportaciones<\/strong><\/a> con respecto a lo ocurrido en 2023 y la importancia de la puesta en marcha de la segunda planta de <strong>UPM,<\/strong> que puso a la celulosa como el principal producto de colocaci\u00f3n internacional; una situaci\u00f3n que se ve contrarrestada por los bajos <strong>precios de los commodities <\/strong>en los mercados mundiales y los altos costos de producci\u00f3n que enfrenta el agro. Sobre esto se suma, adem\u00e1s, los m\u00e1rgenes de ganancia reducidos por la situaci\u00f3n de atraso cambiario, que el <strong>Banco Central del<\/strong> <strong>Uruguay (BCU) <\/strong>reconoci\u00f3 en torno al 15%.<\/p>\n<\/article>\n<article class=\"article-body article-body--fourth-paragraph content-protected-false\" readability=\"36\">\n<p>Por su parte, el <strong>\u00cdndice de Difusi\u00f3n (ID)<\/strong>, que indica la proporci\u00f3n de los componentes del ILC que crecieron en el mes, fue del 55% en julio, lo que significa que m\u00e1s de la mitad de las variables que lo componen crecieron durante el mes. Igualmente, cabe recordar que el mes anterior, este \u00edndice fue del 70%.<\/p>\n<\/article>\n<article class=\"article-body article-body--remaining-paragraph content-protected-false\" readability=\"53.305818673884\">\n<h2>Un empate entre las condiciones econ\u00f3micas<\/h2>\n<p>La explicaci\u00f3n al primer resultado no positivo del ILC en lo que va del a\u00f1o se encuentra en un empate o neutralizaci\u00f3n de situaciones positivas para la <strong>actividad econ\u00f3mica<\/strong> como, por ejemplo, la normalizaci\u00f3n de las condiciones clim\u00e1ticas y la recuperaci\u00f3n de las exportaciones; con el escenario de p\u00e9rdida de competitividad del agro ante un tipo de cambio desfavorecedor \u2014si bien la suba en la<strong> cotizaci\u00f3n nominal del d\u00f3lar<\/strong> de los \u00faltimos meses oxigena ligeramente la relaci\u00f3n de intercambio con los principales socios comerciales de <strong>Uruguay\u2014<\/strong> y la debilidad de los precios de los commodities en los mercados internacionales.<\/p>\n<p>Asimismo, el informe de Ceres se\u00f1ala que, si bien el <a href=\"https:\/\/www.ambito.com\/uruguay\/argentina-vuelve-abaratarse-los-os-la-brecha-precios-subio-al-80-n6045748\" target=\"_blank\" rel=\"follow noopener\">ajuste en Argentina<\/a> ayuda a normalizar el <strong>comercio bilateral,<\/strong> esto tambi\u00e9n tiene impactos negativos en el pa\u00eds: &#8220;el escenario recesivo condiciona el <strong>turismo receptivo<\/strong> y las compras en <strong>Uruguay,<\/strong> al tiempo que el turismo emisivo se mantuvo firme hacia destinos extranjeros&#8221;, apunta. <\/p>\n<p>Esto se suma tambi\u00e9n a la moderaci\u00f3n en las expectativas de la <strong>cosecha de verano<\/strong> ante el exceso de lluvias que marc\u00f3 el inicio del oto\u00f1o, y las paradas de mantenimiento que afectaron las producciones habituales de <strong>Ancap<\/strong> y las tres pasteras del pa\u00eds.<\/p>\n<p>&#8220;Sin observarse un <strong>dinamismo<\/strong> marcado en la econom\u00eda nacional, las expectativas de crecimiento del a\u00f1o se revisaron a la baja, y el ILC arroj\u00f3 su primer dato no positivo en 2024&#8243;, concluy\u00f3 el informe.<\/p>\n<\/article>\n<p> <!-- REGION4 } --> <\/p>\n","protected":false},"excerpt":{"rendered":"<p>9 de agosto 2024 &#8211; 12:03 El \u00cdndice L\u00edder de Ceres vari\u00f3 un 0% y mostr\u00f3 un empate en la econom\u00eda del pa\u00eds, con buenas noticias contrarrestadas por situaciones coyunturales negativas. El \u00cdndice L\u00edder Ceres (ILC), el indicador adelantado del nivel de actividad econ\u00f3mica que elabora el Centro de Estudios de la Realidad Econ\u00f3mica y [&hellip;]<\/p>\n","protected":false},"author":2,"featured_media":7599,"comment_status":"closed","ping_status":"closed","sticky":false,"template":"","format":"standard","meta":{"jetpack_post_was_ever_published":false,"_jetpack_newsletter_access":"","_jetpack_dont_email_post_to_subs":false,"_jetpack_newsletter_tier_id":0,"_jetpack_memberships_contains_paywalled_content":false,"_jetpack_memberships_contains_paid_content":false,"footnotes":"","jetpack_publicize_message":"","jetpack_publicize_feature_enabled":true,"jetpack_social_post_already_shared":true,"jetpack_social_options":{"image_generator_settings":{"template":"highway","enabled":false},"version":2}},"categories":[20],"tags":[],"class_list":["post-7598","post","type-post","status-publish","format-standard","has-post-thumbnail","hentry","category-mundo"],"jetpack_publicize_connections":[],"jetpack_featured_media_url":"https:\/\/i0.wp.com\/infolanus.com\/wp-content\/uploads\/2024\/08\/la-actividad-economica-se-mantuvo-estable-en-julio-y-tuvo-el-primer-resultado-no-positivo-del-ano.jpg?fit=655%2C368&ssl=1","jetpack_sharing_enabled":true,"jetpack_shortlink":"https:\/\/wp.me\/p9QtMr-1Yy","_links":{"self":[{"href":"https:\/\/infolanus.com\/index.php\/wp-json\/wp\/v2\/posts\/7598","targetHints":{"allow":["GET"]}}],"collection":[{"href":"https:\/\/infolanus.com\/index.php\/wp-json\/wp\/v2\/posts"}],"about":[{"href":"https:\/\/infolanus.com\/index.php\/wp-json\/wp\/v2\/types\/post"}],"author":[{"embeddable":true,"href":"https:\/\/infolanus.com\/index.php\/wp-json\/wp\/v2\/users\/2"}],"replies":[{"embeddable":true,"href":"https:\/\/infolanus.com\/index.php\/wp-json\/wp\/v2\/comments?post=7598"}],"version-history":[{"count":0,"href":"https:\/\/infolanus.com\/index.php\/wp-json\/wp\/v2\/posts\/7598\/revisions"}],"wp:featuredmedia":[{"embeddable":true,"href":"https:\/\/infolanus.com\/index.php\/wp-json\/wp\/v2\/media\/7599"}],"wp:attachment":[{"href":"https:\/\/infolanus.com\/index.php\/wp-json\/wp\/v2\/media?parent=7598"}],"wp:term":[{"taxonomy":"category","embeddable":true,"href":"https:\/\/infolanus.com\/index.php\/wp-json\/wp\/v2\/categories?post=7598"},{"taxonomy":"post_tag","embeddable":true,"href":"https:\/\/infolanus.com\/index.php\/wp-json\/wp\/v2\/tags?post=7598"}],"curies":[{"name":"wp","href":"https:\/\/api.w.org\/{rel}","templated":true}]}}