{"id":7602,"date":"2024-08-10T11:51:48","date_gmt":"2024-08-10T14:51:48","guid":{"rendered":"https:\/\/www.ambito.com\/uruguay\/carolina-cosse-le-dice-no-los-dos-plebiscitos-del-ano-n6046623"},"modified":"2024-08-10T11:51:48","modified_gmt":"2024-08-10T14:51:48","slug":"carolina-cosse-le-dice-no-a-los-dos-plebiscitos-del-ano","status":"publish","type":"post","link":"https:\/\/infolanus.com\/index.php\/2024\/08\/10\/carolina-cosse-le-dice-no-a-los-dos-plebiscitos-del-ano\/","title":{"rendered":"Carolina Cosse le dice &#8220;no&#8221; a los dos plebiscitos del a\u00f1o"},"content":{"rendered":"<div><img data-recalc-dims=\"1\" decoding=\"async\" src=\"https:\/\/i0.wp.com\/media.ambito.com\/p\/ef4da9298b47b6139b1e06bec6aa1a9b\/adjuntos\/351\/imagenes\/041\/713\/0041713501\/1200x675\/smart\/carolina-cosse-fa-elecciones-2024jpg.jpg?w=640&#038;ssl=1\" class=\"ff-og-image-inserted\"><\/div>\n<div id>\n<p>La candidata a la vicepresidencia de <strong>Uruguay<\/strong> por el <strong>Frente Amplio, Carolina Cosse<\/strong>, expres\u00f3 su oposici\u00f3n al <strong>plebiscito<\/strong> que buscar\u00e1 habilitar los allanamientos nocturnos en las elecciones generales de octubre, y el rechazo se sum\u00f3 a su anuncio respecto de que no votar\u00e1 la <a href=\"https:\/\/www.ambito.com\/uruguay\/carolina-cosse-anuncio-que-no-votara-el-plebiscito-del-pit-cnt-la-falta-consensos-n6046436\" target=\"_blank\" rel=\"follow noopener\">consulta popular sobre seguridad social<\/a>: \u201cEn el mundo esto no funciona\u201d, asegur\u00f3 sobre la iniciativa impulsada desde el <strong>Partido Nacional.<\/strong><\/p>\n<\/p><\/div>\n<div id>\n<p>Sin participar de grandes actos o eventos de debate, y de recorrida por <strong>Artigas<\/strong> junto a su compa\u00f1ero de f\u00f3rmula, el candidato presidencial <strong>Yamand\u00fa Orsi, Cosse<\/strong> elimin\u00f3 dudas y posibles especulaciones sobre su posici\u00f3n ante los dos plebiscitos que se votar\u00e1n en octubre, junto con el pr\u00f3ximo gobierno del pa\u00eds.<\/p>\n<\/div>\n<div id>\n<p> Sobre los <strong>allanamientos nocturnos,<\/strong> una propuesta que se impuls\u00f3 desde el <strong>Parlamento<\/strong> por el senador nacionalista <strong>Carlos Camy<\/strong> y que fue <a href=\"https:\/\/www.google.com\/url?client=internal-element-cse&amp;cx=008892114045256532459:e63xqbr3i5i&amp;q=https:\/\/www.ambito.com\/uruguay\/andres-ojeda-propuso-una-comision-especial-tratar-el-plebiscito-allanamientos-nocturnos-n6032849&amp;sa=U&amp;ved=2ahUKEwj9jJ7g1eqHAxXiqpUCHY0iBZIQFnoECAcQAg&amp;usg=AOvVaw3nvwFUpckRlL5BgCl0NK_Y&amp;arm=e\" target=\"_blank\" rel=\"follow noopener\">apoyada por la coalici\u00f3n oficialista<\/a>, sostuvo que no acompa\u00f1ar\u00e1 la iniciativa.<\/p>\n<\/div>\n<div id>\n<p>&#8220;Lo que est\u00e1 demostrado en el mundo es que esto no funciona y es m\u00e1s, los pa\u00edses que lo tienen sugieren no hacerlo&#8221;, se\u00f1al\u00f3, al respecto.<\/p>\n<\/div>\n<div id>\n<p>Si bien reconoci\u00f3 que <strong>Uruguay<\/strong> &#8220;est\u00e1 viviendo un grave problema desde hace tiempo de <strong>seguridad&#8221;,<\/strong> consider\u00f3 que habilitar los allanamientos nocturnos no es la medida adecuada para abordar la situaci\u00f3n cr\u00edtica: seg\u00fan dijo, \u201cest\u00e1 demostrado\u201d que con los procedimientos durante la noche se produce \u201cequivocaciones\u201d en, al menos, un \u201c10% de los casos\u201d.<\/p>\n<p>&#8220;Porque en la noche, con esa tensi\u00f3n&#8230; Imag\u00ednense que la polic\u00eda se equivoca de hogar. \u00bfLa polic\u00eda est\u00e1 preparada para esto? \u00bfNo la tenemos que proteger tambi\u00e9n a la polic\u00eda?&#8221;, se pregunt\u00f3 <strong>Cosse.<\/strong><\/p>\n<p>&#8220;Y ac\u00e1 lo que tenemos que pensar es en toda la poblaci\u00f3n que es v\u00edctima de una enorme cantidad de problemas de seguridad que vivimos todos los d\u00edas, lamentablemente, en todo el <strong>Uruguay&#8221;,<\/strong> cerr\u00f3.<\/p>\n<h2>El &#8220;no&#8221; al plebiscito de seguridad social<\/h2>\n<p>Tambi\u00e9n el viernes, <strong>Cosse<\/strong> aclar\u00f3 su postura sobre el otro refer\u00e9ndum de octubre, y anunci\u00f3 que no votar\u00e1 <a href=\"https:\/\/www.ambito.com\/uruguay\/el-frente-amplio-ratifico-la-libertad-accion-frente-al-plebiscito-del-pit-cnt-n6044408\" target=\"_blank\" rel=\"follow noopener\">el plebiscito del <strong>PIT-CNT<\/strong><\/a> contra la <strong>reforma de la seguridad social <\/strong>al se\u00f1alar que \u201cno logr\u00f3 concitar los consensos colectivos\u201d que considera necesarios para una iniciativa de estas caracter\u00edsticas.<\/p>\n<p>Si bien como precandidata firm\u00f3 la papeleta, la exintendenta de <strong>Montevideo <\/strong><a href=\"https:\/\/www.ambito.com\/uruguay\/el-equipo-yamandu-orsi-admitio-que-el-plebiscito-del-pit-cnt-es-una-situacion-incomoda-el-frente-amplio-n6027934\" target=\"_blank\" rel=\"follow noopener\">descart\u00f3 cualquier diferencia<\/a> y aclar\u00f3 que adhiere \u201ctotalmente y sin reservas a la declaraci\u00f3n del <strong>Frente Amplio<\/strong> sobre seguridad social, la que expresa con claridad nuestros objetivos y el camino a recorrer para lograrlos\u201d.<\/p>\n<p>Mediante un mensaje publicado en su cuenta de X, <strong>Cosse <\/strong>se\u00f1al\u00f3 que \u201cla propuesta actual no ha logrado, hasta ahora, concitar los <strong>consensos colectivos <\/strong>que son, a mi modo de ver, el marco al que debemos aspirar en temas de tal relevancia\u201d. \u201cPor eso, y en estas condiciones, manifiesto que no voy a votar la papeleta propuesta\u201d, argument\u00f3.<\/p>\n<p>La candidata a vicepresidenta frenteamplista agreg\u00f3: \u201cRemarco, especialmente, que adhiero totalmente y sin reservas, a la declaraci\u00f3n del <strong>Frente Amplio<\/strong> sobre seguridad social, la que expresa con claridad nuestros objetivos y el camino a recorrer para lograrlos\u201d.<\/p>\n<\/div>\n","protected":false},"excerpt":{"rendered":"<p>La candidata a la vicepresidencia de Uruguay por el Frente Amplio, Carolina Cosse, expres\u00f3 su oposici\u00f3n al plebiscito que buscar\u00e1 habilitar los allanamientos nocturnos en las elecciones generales de octubre, y el rechazo se sum\u00f3 a su anuncio respecto de que no votar\u00e1 la consulta popular sobre seguridad social: \u201cEn el mundo esto no funciona\u201d, [&hellip;]<\/p>\n","protected":false},"author":2,"featured_media":7603,"comment_status":"closed","ping_status":"closed","sticky":false,"template":"","format":"standard","meta":{"jetpack_post_was_ever_published":false,"_jetpack_newsletter_access":"","_jetpack_dont_email_post_to_subs":false,"_jetpack_newsletter_tier_id":0,"_jetpack_memberships_contains_paywalled_content":false,"_jetpack_memberships_contains_paid_content":false,"footnotes":"","jetpack_publicize_message":"","jetpack_publicize_feature_enabled":true,"jetpack_social_post_already_shared":true,"jetpack_social_options":{"image_generator_settings":{"template":"highway","enabled":false},"version":2}},"categories":[20],"tags":[],"class_list":["post-7602","post","type-post","status-publish","format-standard","has-post-thumbnail","hentry","category-mundo"],"jetpack_publicize_connections":[],"jetpack_featured_media_url":"https:\/\/i0.wp.com\/infolanus.com\/wp-content\/uploads\/2024\/08\/carolina-cosse-le-dice-no-a-los-dos-plebiscitos-del-ano.jpg?fit=1200%2C675&ssl=1","jetpack_sharing_enabled":true,"jetpack_shortlink":"https:\/\/wp.me\/p9QtMr-1YC","_links":{"self":[{"href":"https:\/\/infolanus.com\/index.php\/wp-json\/wp\/v2\/posts\/7602","targetHints":{"allow":["GET"]}}],"collection":[{"href":"https:\/\/infolanus.com\/index.php\/wp-json\/wp\/v2\/posts"}],"about":[{"href":"https:\/\/infolanus.com\/index.php\/wp-json\/wp\/v2\/types\/post"}],"author":[{"embeddable":true,"href":"https:\/\/infolanus.com\/index.php\/wp-json\/wp\/v2\/users\/2"}],"replies":[{"embeddable":true,"href":"https:\/\/infolanus.com\/index.php\/wp-json\/wp\/v2\/comments?post=7602"}],"version-history":[{"count":0,"href":"https:\/\/infolanus.com\/index.php\/wp-json\/wp\/v2\/posts\/7602\/revisions"}],"wp:featuredmedia":[{"embeddable":true,"href":"https:\/\/infolanus.com\/index.php\/wp-json\/wp\/v2\/media\/7603"}],"wp:attachment":[{"href":"https:\/\/infolanus.com\/index.php\/wp-json\/wp\/v2\/media?parent=7602"}],"wp:term":[{"taxonomy":"category","embeddable":true,"href":"https:\/\/infolanus.com\/index.php\/wp-json\/wp\/v2\/categories?post=7602"},{"taxonomy":"post_tag","embeddable":true,"href":"https:\/\/infolanus.com\/index.php\/wp-json\/wp\/v2\/tags?post=7602"}],"curies":[{"name":"wp","href":"https:\/\/api.w.org\/{rel}","templated":true}]}}