{"id":7606,"date":"2024-08-11T09:53:23","date_gmt":"2024-08-11T12:53:23","guid":{"rendered":"https:\/\/www.ambito.com\/uruguay\/el-bcu-y-el-mef-buscaran-colocar-4-titulos-20400-m-esta-semana-n6046803"},"modified":"2024-08-11T09:53:23","modified_gmt":"2024-08-11T12:53:23","slug":"el-bcu-y-el-mef-buscaran-colocar-4-titulos-por-20-400-m-esta-semana","status":"publish","type":"post","link":"https:\/\/infolanus.com\/index.php\/2024\/08\/11\/el-bcu-y-el-mef-buscaran-colocar-4-titulos-por-20-400-m-esta-semana\/","title":{"rendered":"El BCU y el MEF buscar\u00e1n colocar 4 t\u00edtulos por $ 20.400 M esta semana"},"content":{"rendered":"<p><!-- { REGION4 --> <\/p>\n<header class=\"news-headline\" readability=\"2.7654320987654\">\n<div class=\"news-headline__topics-and-date-wrapper\"> <span class=\"news-headline__publication-date\"> 11 de agosto 2024 &#8211; 09:53 <\/span><\/div>\n<h2 class=\"news-headline__article-summary\" readability=\"26\">\n<p class=\"ignore-parser\">Se trata de tres t\u00edtulos en pesos, con vencimientos a 35, 98 y 189 d\u00edas, y una Nota del Tesoro en Unidades Previsionales.<\/p>\n<\/h2>\n<\/header>\n<div class=\"detail-highlighted-multimedia content-protected-false\">\n<figure class=\"detail-highlighted-multimedia__figure\"> <img data-recalc-dims=\"1\" loading=\"lazy\" decoding=\"async\" src=\"https:\/\/i0.wp.com\/media.ambito.com\/p\/1450c355f3c066f9c4a826198094d545\/adjuntos\/351\/imagenes\/041\/210\/0041210114\/655x368\/smart\/deuda-bonos-mercados.jpg?resize=640%2C427&#038;ssl=1\" class=\"detail-highlighted-multimedia__figure-img img-fluid\" alt=\"El gobierno intentar\u00e1 captar $ 20.400 M en 4 t\u00edtulos esta semana.\" width=\"640\" height=\"427\"><figcaption class=\"detail-highlighted-multimedia__figcaption\" readability=\"-24\"> <span class=\"detail-highlighted-multimedia__copyright\">Foto: Freepik<\/span><\/figcaption><\/figure>\n<\/div>\n<article class=\"article-body article-body--first-paragraph content-protected-false\" data-td-script-src=\"https:\/\/www.ambito.com\/td\/modulos\/encuestas\/js\/function-embeds-min-version-1723349181.js\" readability=\"27.115384615385\">\n<p>El <strong>Banco Central del Uruguay (BCU)<\/strong> y el <strong>Ministerio de Econom\u00eda y Finanzas (MEF) <\/strong>intentar\u00e1n colocar esta semana en el mercado cuatro t\u00edtulos de <a href=\"https:\/\/www.ambito.com\/uruguay\/el-gobierno-elevo-sus-necesidades-financiamiento-us-5340m-este-ano-n6025203#:~:text=Luego%2C%20en%202021%2C%20tras%20leves,a%2037.979%20millones%20en%202022.\" target=\"_blank\" rel=\"follow noopener\">deuda p\u00fablica dom\u00e9stica<\/a> con diferentes vencimientos, por 20.400 millones de pesos entre este lunes y el viernes.<\/p>\n<\/article>\n<article class=\"article-body article-body--second-paragraph content-protected-false\" readability=\"32.22850678733\">\n<p>La primera licitaci\u00f3n de la semana comenzar\u00e1 este lunes 12 a las 14:00 horas, se licitar\u00e1 el primer t\u00edtulo en pesos por <strong>8.300 millones de pesos<\/strong> (casi 205,92 millones de d\u00f3lares) con un <strong>plazo a 35 d\u00edas<\/strong>, con un vencimiento fechado para el lunes 16 de setiembre del a\u00f1o corriente. En ese total, 1.660 millones de pesos (casi 41,18 millones de d\u00f3lares) <a href=\"https:\/\/www.ambito.com\/uruguay\/la-deuda-externa-bruta-representa-el-72-del-pib-y-hace-saltar-las-alarmas-n6023203\" target=\"_blank\" rel=\"follow noopener\">ser\u00e1n colocaciones no competitivas<\/a> y tendr\u00e1 su fecha de integraci\u00f3n el mismo d\u00eda.<\/p>\n<\/article>\n<section class=\"related-news\"> <span class=\"related-news__title\">Informate m\u00e1s<\/span> <\/p>\n<div class=\"row row--eq-height\">\n<div class=\"col-12 col-md-6\">\n<article class=\"news-article news-article--landscape-news news-article--landscape-news\">\n<figure class=\"news-article__figure figure\"> <a href=\"https:\/\/www.ambito.com\/uruguay\/mercados-erraticos-el-panico-repuntan-las-acciones-mundiales-n6044404\" target title=\"\u00e1mbito.com | Mercados err\u00e1ticos tras el p\u00e1nico: repuntan las acciones mundiales\" alt=\"\u00e1mbito.com | Mercados err\u00e1ticos tras el p\u00e1nico: repuntan las acciones mundiales\" rel=\"noindex nofollow noreferrer\"> <img loading=\"lazy\" decoding=\"async\" src=\"https:\/\/www.ambito.com\/css-custom\/351\/lazy.svg\" data-td-src-property=\"https:\/\/media.ambito.com\/p\/8ee9a280ba392de26ccf990b0d157c8b\/adjuntos\/351\/imagenes\/041\/718\/0041718664\/93x52\/smart\/bolsas-acciones-mundiales-mercadosjpg.jpg\" alt=\"mercados erraticos tras el panico: repuntan las acciones mundiales\" title=\"mercados erraticos tras el panico: repuntan las acciones mundiales\" width=\"93\" height=\"52\" class=\"news-article__figure-img figure-img img-fluid\"> <\/a><\/figure>\n<\/article><\/div>\n<div class=\"col-12 col-md-6\">\n<article class=\"news-article news-article--landscape-news news-article--landscape-news\">\n<figure class=\"news-article__figure figure\"> <a href=\"https:\/\/www.ambito.com\/uruguay\/crecio-113-interanual-el-credito-privado-impulsado-la-baja-tasas-y-los-efectos-la-sequia-n6045623\" target title=\"\u00e1mbito.com | Creci\u00f3 11,3% interanual el cr\u00e9dito privado, impulsado por la baja de tasas y los efectos de la sequ\u00eda\" alt=\"\u00e1mbito.com | Creci\u00f3 11,3% interanual el cr\u00e9dito privado, impulsado por la baja de tasas y los efectos de la sequ\u00eda\" rel=\"noindex nofollow noreferrer\"> <img loading=\"lazy\" decoding=\"async\" src=\"https:\/\/www.ambito.com\/css-custom\/351\/lazy.svg\" data-td-src-property=\"https:\/\/media.ambito.com\/p\/fec04f51b3f8f8a1d993d3211ae233f2\/adjuntos\/351\/imagenes\/040\/979\/0040979674\/93x52\/smart\/deudajpg.jpg\" alt=\"Las menores tasas de inter\u00e9s, as\u00ed como los efectos clim\u00e1ticos en el agro, impulsaron el cr\u00e9dito persona y empresarial.\" title=\"Las menores tasas de inter\u00e9s, as\u00ed como los efectos clim\u00e1ticos en el agro, impulsaron el cr\u00e9dito persona y empresarial.\" width=\"93\" height=\"52\" class=\"news-article__figure-img figure-img img-fluid\"> <\/a><\/figure>\n<\/article><\/div>\n<\/div>\n<\/section>\n<article class=\"article-body article-body--third-paragraph content-protected-false\" readability=\"36\">\n<p> Por su parte, el martes 13, a las 14:30 horas, se adjudicar\u00e1 la <strong>Nota del Tesoro Serie 7 <\/strong>en <strong>Unidades Previsionales (UP) <\/strong>por 1.200 millones de pesos (unos 29,77 millones de d\u00f3lares) con un plazo de 4,5 a\u00f1os, y un vencimiento fechado para el 21 de febrero de 2029. Esta licitaci\u00f3n no tendr\u00e1 colocaciones no competitivas y la fecha de integraci\u00f3n es al d\u00eda siguiente.<\/p>\n<\/article>\n<article class=\"article-body article-body--fourth-paragraph content-protected-false\" readability=\"32.192806603774\">\n<div contenteditable=\"false\" class=\"embed_cont type_freetext\" rel=\"freetext\" id=\"embed793_wrap\" data-provider=\"Twitter\" readability=\"27.206666666667\">\n<p>Embed &#8211; https:\/\/publish.twitter.com\/oembed?url=https:\/\/twitter.com\/BevsaUruguay\/status\/1820450538116272561&amp;partner=&amp;hide_thread=false<span onclick=\"parent.parent.TinyMCETdcuerpo.preview_embed('embed793')\" class=\"embed_colapse less\" id=\"embed793_colapse\"><\/span><span onclick=\"parent.parent.TinyMCETdcuerpo.delete_embed('embed793')\" class=\"embed_delete less\" id=\"embed793_delete\"><\/span><\/p>\n<\/p><\/div>\n<p>El mi\u00e9rcoles 13 a las 14:00 horas, se adjudicar\u00e1 un t\u00edtulo en pesos por 6.700 millones de pesos (un total de 166,23 millones de d\u00f3lares) con un plazo de 98 d\u00edas, y un vencimiento fechado para el 20 de noviembre de este a\u00f1o. El mismo tendr\u00e1 la <strong>fecha de integraci\u00f3n<\/strong> el mismo d\u00eda. Esta <strong>licitaci\u00f3n<\/strong> tendr\u00e1 1.340 millones de pesos (33,25 millones de d\u00f3lares) de colocaciones no competitivas.<\/p>\n<\/article>\n<article class=\"article-body article-body--remaining-paragraph content-protected-false\" readability=\"38\">\n<p>Por \u00faltimo, el viernes 16 a las 14:00 horas, se licitar\u00e1 el \u00faltimo t\u00edtulo en pesos de la semana, por otros <strong>4.200 millones de pesos<\/strong> (104,20 millones de d\u00f3lares) con un <strong>plazo a 189 d\u00edas<\/strong>, y un vencimiento fechado para el 21 de febrero del a\u00f1o que viene. Del total, 840 millones de pesos (20,84 millones de d\u00f3lares) ser\u00e1n colocaciones no competitivas. En tanto, la fecha de integraci\u00f3n ser\u00e1 ese mismo d\u00eda.<\/p>\n<\/article>\n<p> <!-- REGION4 } --> <\/p>\n","protected":false},"excerpt":{"rendered":"<p>11 de agosto 2024 &#8211; 09:53 Se trata de tres t\u00edtulos en pesos, con vencimientos a 35, 98 y 189 d\u00edas, y una Nota del Tesoro en Unidades Previsionales. Foto: Freepik El Banco Central del Uruguay (BCU) y el Ministerio de Econom\u00eda y Finanzas (MEF) intentar\u00e1n colocar esta semana en el mercado cuatro t\u00edtulos de [&hellip;]<\/p>\n","protected":false},"author":2,"featured_media":7607,"comment_status":"closed","ping_status":"closed","sticky":false,"template":"","format":"standard","meta":{"jetpack_post_was_ever_published":false,"_jetpack_newsletter_access":"","_jetpack_dont_email_post_to_subs":false,"_jetpack_newsletter_tier_id":0,"_jetpack_memberships_contains_paywalled_content":false,"_jetpack_memberships_contains_paid_content":false,"footnotes":"","jetpack_publicize_message":"","jetpack_publicize_feature_enabled":true,"jetpack_social_post_already_shared":true,"jetpack_social_options":{"image_generator_settings":{"template":"highway","enabled":false},"version":2}},"categories":[20],"tags":[],"class_list":["post-7606","post","type-post","status-publish","format-standard","has-post-thumbnail","hentry","category-mundo"],"jetpack_publicize_connections":[],"jetpack_featured_media_url":"https:\/\/i0.wp.com\/infolanus.com\/wp-content\/uploads\/2024\/08\/el-bcu-y-el-mef-buscaran-colocar-4-titulos-por-20-400-m-esta-semana.jpg?fit=655%2C368&ssl=1","jetpack_sharing_enabled":true,"jetpack_shortlink":"https:\/\/wp.me\/p9QtMr-1YG","_links":{"self":[{"href":"https:\/\/infolanus.com\/index.php\/wp-json\/wp\/v2\/posts\/7606","targetHints":{"allow":["GET"]}}],"collection":[{"href":"https:\/\/infolanus.com\/index.php\/wp-json\/wp\/v2\/posts"}],"about":[{"href":"https:\/\/infolanus.com\/index.php\/wp-json\/wp\/v2\/types\/post"}],"author":[{"embeddable":true,"href":"https:\/\/infolanus.com\/index.php\/wp-json\/wp\/v2\/users\/2"}],"replies":[{"embeddable":true,"href":"https:\/\/infolanus.com\/index.php\/wp-json\/wp\/v2\/comments?post=7606"}],"version-history":[{"count":0,"href":"https:\/\/infolanus.com\/index.php\/wp-json\/wp\/v2\/posts\/7606\/revisions"}],"wp:featuredmedia":[{"embeddable":true,"href":"https:\/\/infolanus.com\/index.php\/wp-json\/wp\/v2\/media\/7607"}],"wp:attachment":[{"href":"https:\/\/infolanus.com\/index.php\/wp-json\/wp\/v2\/media?parent=7606"}],"wp:term":[{"taxonomy":"category","embeddable":true,"href":"https:\/\/infolanus.com\/index.php\/wp-json\/wp\/v2\/categories?post=7606"},{"taxonomy":"post_tag","embeddable":true,"href":"https:\/\/infolanus.com\/index.php\/wp-json\/wp\/v2\/tags?post=7606"}],"curies":[{"name":"wp","href":"https:\/\/api.w.org\/{rel}","templated":true}]}}