{"id":7622,"date":"2024-08-12T08:40:26","date_gmt":"2024-08-12T11:40:26","guid":{"rendered":"https:\/\/www.ambito.com\/uruguay\/el-mercosur-y-china-vuelven-la-mesa-negociaciones-el-tlc-mente-n6047029"},"modified":"2024-08-12T08:40:26","modified_gmt":"2024-08-12T11:40:26","slug":"el-mercosur-y-china-vuelven-a-la-mesa-de-negociaciones-con-el-tlc-en-mente","status":"publish","type":"post","link":"https:\/\/infolanus.com\/index.php\/2024\/08\/12\/el-mercosur-y-china-vuelven-a-la-mesa-de-negociaciones-con-el-tlc-en-mente\/","title":{"rendered":"El Mercosur y China vuelven a la mesa de negociaciones con el TLC en mente"},"content":{"rendered":"<div><img data-recalc-dims=\"1\" decoding=\"async\" src=\"https:\/\/i0.wp.com\/media.ambito.com\/p\/d2c3395484fd754428677d97062d64c5\/adjuntos\/351\/imagenes\/041\/143\/0041143871\/1200x675\/smart\/luis-lacalle-pou-xi-jinpingjpg.jpg?w=640&#038;ssl=1\" class=\"ff-og-image-inserted\"><\/div>\n<p> El vicecanciller, <strong>Nicol\u00e1s Albertoni,<\/strong> encabeza la delegaci\u00f3n del pa\u00eds, mientras que tambi\u00e9n participa la viceministra de Relaciones Exteriores china, <strong>Hua Chunying<\/strong>, adem\u00e1s de autoridades de <strong>Argentina<\/strong>, <strong>Brasil<\/strong> y <strong>Paraguay<\/strong>, los otros integrantes del <strong>Mercosur<\/strong>.<\/p>\n<p>&#8220;Una nueva instancia de este di\u00e1logo era precisamente una de las principales prioridades definidas por Uruguay para su periodo como Presidencia Pro T\u00e9mpore del <strong>Mercosur<\/strong>, iniciada el pasado 8 de julio\u201d, destac\u00f3 Canciller\u00eda.<\/p>\n<p>Fue el presidente, <strong>Luis Lacalle Pou,<\/strong> quien propuso retomar este mecanismo, en desuso desde noviembre de 2018, al regresar de su gira diplom\u00e1tica en <strong>China<\/strong> el a\u00f1o pasado y por pedido de su pa chino, <strong>Xi Jinping<\/strong>. La estrategia fue bien recibida por el gobierno actual argentino ante los pocos avances respecto del acuerdo con la <strong>Uni\u00f3n Europea (UE).<\/strong><\/p>\n<p>\u201cEvidentemente para el <strong>Mercosur<\/strong> es m\u00e1s complejo llegar a un acuerdo con <strong>China<\/strong> que para <strong>Uruguay<\/strong>, solos somos mucho m\u00e1s complementarios. Pero ojal\u00e1 ese tema pueda avanzar\u201d, sostuvo hace un mes el canciller <strong>Omar Paganini<\/strong> sobre las expectativas por el retorno del di\u00e1logo comercial.<\/p>\n<p>No obstante, asegur\u00f3 que <strong>Uruguay<\/strong> est\u00e1 legalmente habilitado a negociar por su cuenta, sobre todo luego de que el <strong>Mercosur<\/strong> no haya dado pasos para ser una <strong>uni\u00f3n aduanera<\/strong>. Pero desde el Ejecutivo reconocen que la intenci\u00f3n de <strong>China<\/strong> es mantener buenas relaciones con Argentina y Brasil y, por lo tanto, prefiere avanzar lo m\u00e1s que se pueda en un acuerdo regional.<\/p>\n","protected":false},"excerpt":{"rendered":"<p>El vicecanciller, Nicol\u00e1s Albertoni, encabeza la delegaci\u00f3n del pa\u00eds, mientras que tambi\u00e9n participa la viceministra de Relaciones Exteriores china, Hua Chunying, adem\u00e1s de autoridades de Argentina, Brasil y Paraguay, los otros integrantes del Mercosur. &#8220;Una nueva instancia de este di\u00e1logo era precisamente una de las principales prioridades definidas por Uruguay para su periodo como Presidencia [&hellip;]<\/p>\n","protected":false},"author":2,"featured_media":7623,"comment_status":"closed","ping_status":"closed","sticky":false,"template":"","format":"standard","meta":{"jetpack_post_was_ever_published":false,"_jetpack_newsletter_access":"","_jetpack_dont_email_post_to_subs":false,"_jetpack_newsletter_tier_id":0,"_jetpack_memberships_contains_paywalled_content":false,"_jetpack_memberships_contains_paid_content":false,"footnotes":"","jetpack_publicize_message":"","jetpack_publicize_feature_enabled":true,"jetpack_social_post_already_shared":true,"jetpack_social_options":{"image_generator_settings":{"template":"highway","enabled":false},"version":2}},"categories":[20],"tags":[],"class_list":["post-7622","post","type-post","status-publish","format-standard","has-post-thumbnail","hentry","category-mundo"],"jetpack_publicize_connections":[],"jetpack_featured_media_url":"https:\/\/i0.wp.com\/infolanus.com\/wp-content\/uploads\/2024\/08\/el-mercosur-y-china-vuelven-a-la-mesa-de-negociaciones-con-el-tlc-en-mente.jpg?fit=1200%2C675&ssl=1","jetpack_sharing_enabled":true,"jetpack_shortlink":"https:\/\/wp.me\/p9QtMr-1YW","_links":{"self":[{"href":"https:\/\/infolanus.com\/index.php\/wp-json\/wp\/v2\/posts\/7622","targetHints":{"allow":["GET"]}}],"collection":[{"href":"https:\/\/infolanus.com\/index.php\/wp-json\/wp\/v2\/posts"}],"about":[{"href":"https:\/\/infolanus.com\/index.php\/wp-json\/wp\/v2\/types\/post"}],"author":[{"embeddable":true,"href":"https:\/\/infolanus.com\/index.php\/wp-json\/wp\/v2\/users\/2"}],"replies":[{"embeddable":true,"href":"https:\/\/infolanus.com\/index.php\/wp-json\/wp\/v2\/comments?post=7622"}],"version-history":[{"count":0,"href":"https:\/\/infolanus.com\/index.php\/wp-json\/wp\/v2\/posts\/7622\/revisions"}],"wp:featuredmedia":[{"embeddable":true,"href":"https:\/\/infolanus.com\/index.php\/wp-json\/wp\/v2\/media\/7623"}],"wp:attachment":[{"href":"https:\/\/infolanus.com\/index.php\/wp-json\/wp\/v2\/media?parent=7622"}],"wp:term":[{"taxonomy":"category","embeddable":true,"href":"https:\/\/infolanus.com\/index.php\/wp-json\/wp\/v2\/categories?post=7622"},{"taxonomy":"post_tag","embeddable":true,"href":"https:\/\/infolanus.com\/index.php\/wp-json\/wp\/v2\/tags?post=7622"}],"curies":[{"name":"wp","href":"https:\/\/api.w.org\/{rel}","templated":true}]}}