{"id":7632,"date":"2024-08-13T21:32:00","date_gmt":"2024-08-14T00:32:00","guid":{"rendered":"https:\/\/www.ambito.com\/uruguay\/la-intencion-voto-del-partido-colorado-continua-creciendo-y-la-coalicion-supera-al-frente-amplio-n6047998"},"modified":"2024-08-13T21:32:00","modified_gmt":"2024-08-14T00:32:00","slug":"la-intencion-de-voto-del-partido-colorado-continua-creciendo-y-la-coalicion-supera-al-frente-amplio","status":"publish","type":"post","link":"https:\/\/infolanus.com\/index.php\/2024\/08\/13\/la-intencion-de-voto-del-partido-colorado-continua-creciendo-y-la-coalicion-supera-al-frente-amplio\/","title":{"rendered":"La intenci\u00f3n de voto del Partido Colorado contin\u00faa creciendo y la coalici\u00f3n supera al Frente Amplio"},"content":{"rendered":"<div><img data-recalc-dims=\"1\" decoding=\"async\" src=\"https:\/\/i0.wp.com\/media.ambito.com\/p\/1e359d12a2d4d1729081ec5835974727\/adjuntos\/351\/imagenes\/041\/737\/0041737490\/1200x675\/smart\/formula-partido-colorado-robert-silva-andres-ojeda.jpg?w=640&#038;ssl=1\" class=\"ff-og-image-inserted\"><\/div>\n<div id>\n<p>La intenci\u00f3n de voto del <strong>Partido Colorado<\/strong> (<strong>PC<\/strong>) contin\u00faa creciendo a lo largo de las encuestas y la <strong>Coalici\u00f3n Republicana<\/strong> (Coalici\u00f3n Multicolor) supera al <strong>Frente Amplio<\/strong> (<strong>FA<\/strong>) de cara a las <a href=\"https:\/\/www.ambito.com\/uruguay\/el-117-los-os-cambio-su-intencion-voto-las-elecciones-internas-n6045999\" target=\"_blank\" rel=\"follow noopener\">elecciones generales de octubre<\/a> pese a la ca\u00edda del <strong>Partido Nacional<\/strong> (<strong>PN<\/strong>).<\/p>\n<\/div>\n<div id>\n<p>De acuerdo a la \u00faltima encuesta de la consultora Factum, <a href=\"https:\/\/www.ambito.com\/uruguay\/los-colorados-se-ilusionan-cara-octubre-y-andres-ojeda-quiere-contar-pedro-bordaberry-n6043489\" target=\"_blank\" rel=\"follow noopener\">el PC de <strong>Andr\u00e9s Ojeda<\/strong><\/a> presenta el 15% de la intenci\u00f3n de voto durante el cuarto bimestre del a\u00f1o, un aumento de 3 puntos porcentuales (p.p.) frente al tercer bimestre y de hasta 7 p.p. ante el primer bimestre.<\/p>\n<\/div>\n<div id>\n<p> La tendencia creciente del PC parece acaparar la migraci\u00f3n de votos interna dentro de la alianza oficialista, ya que el PN retrocedi\u00f3 4 p.p. de un semestre a otro tras el anuncio de la <strong>f\u00f3rmula presidencial \u00c1lvaro Delgado-Valeria Ripoll<\/strong>, pasando del 30% al 26%.<\/p>\n<\/div>\n<div id>\n<p>Por su parte, <strong>Cabildo Abierto<\/strong> (<strong>CA<\/strong>) se mantiene en un 5%, menos de la mitad de lo alcanzado durante su debut electoral en 2019, mientras que el <strong>Partido Independiente<\/strong> (<strong>PI<\/strong>) pareciera consolidarse cerca de un 3%.<\/p>\n<\/div>\n<div id>\n<p>Pese a la aparente p\u00e9rdida de votos que sufrir\u00eda el partido l\u00edder de la coalici\u00f3n, la sumatoria multicolor representa el 49% de los votos, es decir, 5 p.p. m\u00e1s que el FA, que llega a 44% tras crecer 1 p.p. desde el bimestre anterior.<\/p>\n<h2>Tres fuerzas pol\u00edticas se ilusionan con alcanzar la representaci\u00f3n parlamentaria<\/h2>\n<p>Por otro lado, se observa un crecimiento de los partidos de los dem\u00e1s partidos oposici\u00f3n, los cuales comienzan a ilusionarse con alcanzar la representaci\u00f3n parlamentaria poco m\u00e1s de dos meses de los comicios.<\/p>\n<p>En primer lugar, el <strong>Partido Ecologista Radical Intransigente<\/strong> (<strong>PERI<\/strong>) que lidera el <strong>diputado C\u00e9sar Vega<\/strong> podr\u00eda renovar su banca en <strong>Diputados<\/strong>, ya que rondar\u00eda el 1%. Por su parte, la coalici\u00f3n de izquierda <strong><a href=\"https:\/\/www.ambito.com\/uruguay\/unidad-popular-frente-trabajadores-la-alianza-que-busca-reunificar-la-izquierda-dispersa-n6021511\" target=\"_blank\" rel=\"follow noopener\">Unidad Popular-Frente de Trabajadores<\/a><\/strong> (<strong>UP-FT<\/strong>) tambi\u00e9n podr\u00eda llegar a la C\u00e1mara de Representantes con cerca de un 1%, tal y como lo hizo Unidad Popular, uno de sus partidos integrantes, en 2014.<\/p>\n<p>A su vez, el joven partido <strong>Identidad Soberana<\/strong> (<strong>IS<\/strong>), liderado por el abogado <strong>Gustavo Salle<\/strong> y que dio la sorpresa en las elecciones internas tras terminar por encima del PI y quedar como quinta fuerza, tendr\u00eda otro 1%.<\/p>\n<p>La suma del <strong>resto de los partidos<\/strong> tambi\u00e9n alcanza un 1%, mientras que las personas que votar\u00e1n en blanco o anulado resultaron ser el 3% restante.<\/p>\n<\/div>\n","protected":false},"excerpt":{"rendered":"<p>La intenci\u00f3n de voto del Partido Colorado (PC) contin\u00faa creciendo a lo largo de las encuestas y la Coalici\u00f3n Republicana (Coalici\u00f3n Multicolor) supera al Frente Amplio (FA) de cara a las elecciones generales de octubre pese a la ca\u00edda del Partido Nacional (PN). De acuerdo a la \u00faltima encuesta de la consultora Factum, el PC [&hellip;]<\/p>\n","protected":false},"author":2,"featured_media":7633,"comment_status":"closed","ping_status":"closed","sticky":false,"template":"","format":"standard","meta":{"jetpack_post_was_ever_published":false,"_jetpack_newsletter_access":"","_jetpack_dont_email_post_to_subs":false,"_jetpack_newsletter_tier_id":0,"_jetpack_memberships_contains_paywalled_content":false,"_jetpack_memberships_contains_paid_content":false,"footnotes":"","jetpack_publicize_message":"","jetpack_publicize_feature_enabled":true,"jetpack_social_post_already_shared":true,"jetpack_social_options":{"image_generator_settings":{"template":"highway","enabled":false},"version":2}},"categories":[20],"tags":[],"class_list":["post-7632","post","type-post","status-publish","format-standard","has-post-thumbnail","hentry","category-mundo"],"jetpack_publicize_connections":[],"jetpack_featured_media_url":"https:\/\/i0.wp.com\/infolanus.com\/wp-content\/uploads\/2024\/08\/la-intencion-de-voto-del-partido-colorado-continua-creciendo-y-la-coalicion-supera-al-frente-amplio.jpg?fit=1200%2C675&ssl=1","jetpack_sharing_enabled":true,"jetpack_shortlink":"https:\/\/wp.me\/p9QtMr-1Z6","_links":{"self":[{"href":"https:\/\/infolanus.com\/index.php\/wp-json\/wp\/v2\/posts\/7632","targetHints":{"allow":["GET"]}}],"collection":[{"href":"https:\/\/infolanus.com\/index.php\/wp-json\/wp\/v2\/posts"}],"about":[{"href":"https:\/\/infolanus.com\/index.php\/wp-json\/wp\/v2\/types\/post"}],"author":[{"embeddable":true,"href":"https:\/\/infolanus.com\/index.php\/wp-json\/wp\/v2\/users\/2"}],"replies":[{"embeddable":true,"href":"https:\/\/infolanus.com\/index.php\/wp-json\/wp\/v2\/comments?post=7632"}],"version-history":[{"count":0,"href":"https:\/\/infolanus.com\/index.php\/wp-json\/wp\/v2\/posts\/7632\/revisions"}],"wp:featuredmedia":[{"embeddable":true,"href":"https:\/\/infolanus.com\/index.php\/wp-json\/wp\/v2\/media\/7633"}],"wp:attachment":[{"href":"https:\/\/infolanus.com\/index.php\/wp-json\/wp\/v2\/media?parent=7632"}],"wp:term":[{"taxonomy":"category","embeddable":true,"href":"https:\/\/infolanus.com\/index.php\/wp-json\/wp\/v2\/categories?post=7632"},{"taxonomy":"post_tag","embeddable":true,"href":"https:\/\/infolanus.com\/index.php\/wp-json\/wp\/v2\/tags?post=7632"}],"curies":[{"name":"wp","href":"https:\/\/api.w.org\/{rel}","templated":true}]}}