{"id":7637,"date":"2024-08-14T21:03:00","date_gmt":"2024-08-15T00:03:00","guid":{"rendered":"https:\/\/www.ambito.com\/uruguay\/marcelo-abdala-aseguro-que-venezuela-existe-un-deterioro-democratico-n6048584"},"modified":"2024-08-14T21:03:00","modified_gmt":"2024-08-15T00:03:00","slug":"marcelo-abdala-aseguro-que-en-venezuela-existe-un-deterioro-democratico","status":"publish","type":"post","link":"https:\/\/infolanus.com\/index.php\/2024\/08\/14\/marcelo-abdala-aseguro-que-en-venezuela-existe-un-deterioro-democratico\/","title":{"rendered":"Marcelo Abdala asegur\u00f3 que en Venezuela existe un &#8220;deterioro democr\u00e1tico&#8221;"},"content":{"rendered":"<div><img data-recalc-dims=\"1\" decoding=\"async\" src=\"https:\/\/i0.wp.com\/media.ambito.com\/p\/cf10a9e335fd8d9af0777e5cb05b22b4\/adjuntos\/351\/imagenes\/041\/110\/0041110734\/1200x675\/smart\/marcelo-abdala-pit-cnt.jpeg?w=640&#038;ssl=1\" class=\"ff-og-image-inserted\"><\/div>\n<div id>\n<p>El <strong>presidente del PIT-CNT<\/strong>, <strong>Marcelo Abdala<\/strong>, asegur\u00f3 que <strong>Venezuela<\/strong> se encuentra experimentando un &#8220;deterioro democr\u00e1tico&#8221;, tras lo que fueron las controvertidas elecciones del pasado 28 de julio, donde el Consejo Nacional Electoral (<strong>CNE<\/strong>) dio como re-reelecto al <strong>presidente Nicol\u00e1s Maduro<\/strong>, en medio de acusaciones de fraude por parte de la oposici\u00f3n y varios pa\u00edses a nivel global, <a href=\"https:\/\/www.ambito.com\/uruguay\/le-exigio-venezuela-la-liberacion-todos-los-presos-politicos-n6046685\" target=\"_blank\" rel=\"follow noopener\">entre los que figura <strong>Uruguay<\/strong><\/a>.<\/p>\n<\/p><\/div>\n<div id>\n<p>Este mi\u00e9rcoles, el jerarca de la central sindical asegur\u00f3 en Canal 10 que, en su an\u00e1lisis interno, el <strong>PIT-CNT<\/strong> entiende que <a href=\"https:\/\/www.ambito.com\/uruguay\/organizaciones-ddhh-internacionales-condenan-los-hechos-venezuela-n6042462\" target=\"_blank\" rel=\"follow noopener\">&#8220;hay un deterioro democr\u00e1tico&#8221;<\/a> en <strong>Venezuela<\/strong>, en un contexto de &#8220;bloqueo&#8221; comercial y un &#8220;enorme conflicto geopol\u00edtico&#8221; alrededor del pa\u00eds caribe\u00f1o.<\/p>\n<\/div>\n<div id>\n<p> &#8220;Obviamente (hacemos) un llamado al respeto, a la autodeterminaci\u00f3n del pueblo y a la transparencia necesaria&#8221;, puntualiz\u00f3 Abdala al respecto.<\/p>\n<\/div>\n<div id>\n<p>Al ser consultado por la postura oficial del gobierno uruguayo, que <a href=\"https:\/\/www.ambito.com\/uruguay\/insta-al-regimen-nicolas-maduro-iniciar-la-transicion-un-nuevo-gobierno-liderado-la-oposicion-n6043067\" target=\"_blank\" rel=\"follow noopener\">reconoci\u00f3 como ganador al candidato de la oposici\u00f3n<\/a> <strong>Edmundo Gonz\u00e1lez Urrutia<\/strong>, el jefe sindical volvi\u00f3 a insistir: &#8220;Nosotros consideramos eso, exhortar a la transparencia, a la voluntad popular y a la autodeterminaci\u00f3n de los pueblos&#8221;.<\/p>\n<\/div>\n<div id>\n<p>&#8220;Es un poco la definici\u00f3n que venimos tomando, que si bien no est\u00e1 escrita en una resoluci\u00f3n espec\u00edfica es la discusi\u00f3n que hicimos en el Secretariado del <strong>PIT-CNT<\/strong>&#8220;, continu\u00f3.<\/p>\n<p>Abdala, quien visit\u00f3 <strong>Venezuela<\/strong> en 2017 invitado por la Central Bolivariana Socialista de Trabajadores y Trabajadoras de la Ciudad, Campo y Pesca de Venezuela (<strong>CBST<\/strong>) e intercambi\u00f3 algunas palabras con Maduro en un acto oficial, a\u00fan no se hab\u00eda pronunciado de manera contundente sobre la actual situaci\u00f3n venezolana.<\/p>\n<h2>&#8220;El PIT-CNT no le da un mil\u00edmetro al hostigamiento del imperialismo norteamericano&#8221;<\/h2>\n<p>Por otro lado, sostuvo que el <strong>PIT-CNT<\/strong> es &#8220;absolutamente consciente de la cuesti\u00f3n geopol\u00edtica&#8221; y que no le da &#8220;un mil\u00edmetro&#8221; a las &#8220;acciones beligerantes vinculadas al bloqueo, (y) al hostigamiento que promueve el imperialismo norteamericano&#8221;, pero que tampoco cometen &#8220;servilismo&#8221; con &#8220;el deterioro democr\u00e1tico que se observa&#8221;-<\/p>\n<p>&#8220;Tratamos de tener una opini\u00f3n independiente, leg\u00edtima y, naturalmente, profundamente democr\u00e1tica&#8221;, concluy\u00f3 el presidente del <strong>PIT-CNT<\/strong> al respecto.<\/p>\n<\/div>\n","protected":false},"excerpt":{"rendered":"<p>El presidente del PIT-CNT, Marcelo Abdala, asegur\u00f3 que Venezuela se encuentra experimentando un &#8220;deterioro democr\u00e1tico&#8221;, tras lo que fueron las controvertidas elecciones del pasado 28 de julio, donde el Consejo Nacional Electoral (CNE) dio como re-reelecto al presidente Nicol\u00e1s Maduro, en medio de acusaciones de fraude por parte de la oposici\u00f3n y varios pa\u00edses a [&hellip;]<\/p>\n","protected":false},"author":2,"featured_media":7638,"comment_status":"closed","ping_status":"closed","sticky":false,"template":"","format":"standard","meta":{"jetpack_post_was_ever_published":false,"_jetpack_newsletter_access":"","_jetpack_dont_email_post_to_subs":false,"_jetpack_newsletter_tier_id":0,"_jetpack_memberships_contains_paywalled_content":false,"_jetpack_memberships_contains_paid_content":false,"footnotes":"","jetpack_publicize_message":"","jetpack_publicize_feature_enabled":true,"jetpack_social_post_already_shared":true,"jetpack_social_options":{"image_generator_settings":{"template":"highway","enabled":false},"version":2}},"categories":[20],"tags":[],"class_list":["post-7637","post","type-post","status-publish","format-standard","has-post-thumbnail","hentry","category-mundo"],"jetpack_publicize_connections":[],"jetpack_featured_media_url":"https:\/\/i0.wp.com\/infolanus.com\/wp-content\/uploads\/2024\/08\/marcelo-abdala-aseguro-que-en-venezuela-existe-un-deterioro-democratico.jpg?fit=1200%2C675&ssl=1","jetpack_sharing_enabled":true,"jetpack_shortlink":"https:\/\/wp.me\/p9QtMr-1Zb","_links":{"self":[{"href":"https:\/\/infolanus.com\/index.php\/wp-json\/wp\/v2\/posts\/7637","targetHints":{"allow":["GET"]}}],"collection":[{"href":"https:\/\/infolanus.com\/index.php\/wp-json\/wp\/v2\/posts"}],"about":[{"href":"https:\/\/infolanus.com\/index.php\/wp-json\/wp\/v2\/types\/post"}],"author":[{"embeddable":true,"href":"https:\/\/infolanus.com\/index.php\/wp-json\/wp\/v2\/users\/2"}],"replies":[{"embeddable":true,"href":"https:\/\/infolanus.com\/index.php\/wp-json\/wp\/v2\/comments?post=7637"}],"version-history":[{"count":0,"href":"https:\/\/infolanus.com\/index.php\/wp-json\/wp\/v2\/posts\/7637\/revisions"}],"wp:featuredmedia":[{"embeddable":true,"href":"https:\/\/infolanus.com\/index.php\/wp-json\/wp\/v2\/media\/7638"}],"wp:attachment":[{"href":"https:\/\/infolanus.com\/index.php\/wp-json\/wp\/v2\/media?parent=7637"}],"wp:term":[{"taxonomy":"category","embeddable":true,"href":"https:\/\/infolanus.com\/index.php\/wp-json\/wp\/v2\/categories?post=7637"},{"taxonomy":"post_tag","embeddable":true,"href":"https:\/\/infolanus.com\/index.php\/wp-json\/wp\/v2\/tags?post=7637"}],"curies":[{"name":"wp","href":"https:\/\/api.w.org\/{rel}","templated":true}]}}