{"id":7654,"date":"2024-08-16T21:32:00","date_gmt":"2024-08-17T00:32:00","guid":{"rendered":"https:\/\/www.ambito.com\/uruguay\/martin-inthamoussu-asumio-como-vicepresidente-del-bcu-dar-continuidad-la-politica-monetaria-n6049717"},"modified":"2024-08-16T21:32:00","modified_gmt":"2024-08-17T00:32:00","slug":"martin-inthamoussu-asumio-como-vicepresidente-del-bcu-para-dar-continuidad-a-la-politica-monetaria","status":"publish","type":"post","link":"https:\/\/infolanus.com\/index.php\/2024\/08\/16\/martin-inthamoussu-asumio-como-vicepresidente-del-bcu-para-dar-continuidad-a-la-politica-monetaria\/","title":{"rendered":"Mart\u00edn Inthamoussu asumi\u00f3 como vicepresidente del BCU para &#8220;dar continuidad&#8221; a la pol\u00edtica monetaria"},"content":{"rendered":"<p><!-- { REGION4 --> <\/p>\n<header class=\"news-headline\" readability=\"1.4010416666667\">\n<div class=\"news-headline__topics-and-date-wrapper\"> <span class=\"news-headline__publication-date\"> 16 de agosto 2024 &#8211; 21:32 <\/span><\/div>\n<h2 class=\"news-headline__article-summary\" readability=\"23\">\n<p class=\"ignore-parser\">El jerarca se suma a la gesti\u00f3n de Washington Ribeiro tras la aprobaci\u00f3n de la venia del Parlamento y del presidente Luis Lacalle Pou.<\/p>\n<\/h2>\n<\/header>\n<div class=\"detail-highlighted-multimedia content-protected-false\">\n<figure class=\"detail-highlighted-multimedia__figure\"> <img data-recalc-dims=\"1\" loading=\"lazy\" decoding=\"async\" src=\"https:\/\/i0.wp.com\/media.ambito.com\/p\/38dc589287e27117272e8d352edeef01\/adjuntos\/351\/imagenes\/041\/747\/0041747601\/655x368\/smart\/martin-inthamoussujpg.jpg?resize=640%2C337&#038;ssl=1\" class=\"detail-highlighted-multimedia__figure-img img-fluid\" alt=\"Mart\u00edn Inthamoussu asumi\u00f3 como vicepreisdente del Banco Central del Uruguay.\" width=\"640\" height=\"337\"><figcaption class=\"detail-highlighted-multimedia__figcaption\" readability=\"-24\"> <\/figcaption><\/figure>\n<\/p><\/div>\n<article class=\"article-body article-body--first-paragraph content-protected-false\" data-td-script-src=\"https:\/\/www.ambito.com\/td\/modulos\/encuestas\/js\/function-embeds-min-version-1723781274.js\" readability=\"27.047244094488\">\n<p><strong> Mart\u00edn Inthamoussu<\/strong> se incorpor\u00f3 este viernes como vicepresidente del <strong>Banco Central del Uruguay <\/strong>(BCU) y manifest\u00f3 su voluntad de \u201cdar continuidad\u201d a la <strong>pol\u00edtica monetaria <\/strong>de la entidad que preside <strong>Washington Ribeiro, <\/strong>tras <a href=\"https:\/\/www.ambito.com\/uruguay\/diego-labat-se-lanza-como-eventual-ministro-economia-el-desafio-es-que-sea-mas-barato-n6042692\" target=\"_blank\" rel=\"follow noopener\">la salida de <strong>Diego Labat.<\/strong><\/a><\/p>\n<\/article>\n<article class=\"article-body article-body--second-paragraph content-protected-false\" readability=\"30.742105263158\">\n<p>Inthamoussu, que recibi\u00f3 la aprobaci\u00f3n de la <strong>C\u00e1mara de Senadores <\/strong>y luego obtuvo la venia del presidente <strong>Luis Lacalle Pou, <\/strong><a href=\"https:\/\/www.ambito.com\/uruguay\/las-tres-claves-que-perseguira-washington-ribeiro-su-gestion-al-frente-del-bcu-n6039334\" target=\"_blank\" rel=\"follow noopener\">envi\u00f3 un gui\u00f1o a Ribeiro<\/a> y destac\u00f3 que \u201ces un honor acompa\u00f1ar la gesti\u00f3n del Directorio actual que ha logrado una reducci\u00f3n significativa de la <strong>inflaci\u00f3n, <\/strong>adem\u00e1s del impulso para la modernizaci\u00f3n del sistema financiero y de pagos en <strong>Uruguay\u201d.<\/strong><\/p>\n<\/article>\n<section class=\"related-news\"><span class=\"related-news__title\"> Informate m\u00e1s<\/span> <\/p>\n<div class=\"row row--eq-height\">\n<div class=\"col-12 col-md-6\">\n<article class=\"news-article news-article--landscape-news news-article--landscape-news\">\n<figure class=\"news-article__figure figure\"> <a href=\"https:\/\/www.ambito.com\/uruguay\/diego-labat-se-despidio-del-bcu-un-guino-alvaro-delgado-que-lo-convencio-dar-el-salto-la-actividad-publica-n6039262\" target title=\"\u00e1mbito.com | Diego Labat se despidi\u00f3 del BCU con un gui\u00f1o hacia \u00c1lvaro Delgado, que lo convenci\u00f3 de dar el salto a la actividad p\u00fablica\" alt=\"\u00e1mbito.com | Diego Labat se despidi\u00f3 del BCU con un gui\u00f1o hacia \u00c1lvaro Delgado, que lo convenci\u00f3 de dar el salto a la actividad p\u00fablica\" rel=\"noindex nofollow noreferrer\"> <img loading=\"lazy\" decoding=\"async\" src=\"https:\/\/www.ambito.com\/css-custom\/351\/lazy.svg\" data-td-src-property=\"https:\/\/media.ambito.com\/p\/0b165058fa13cffe18df08ac7628cde7\/adjuntos\/351\/imagenes\/041\/694\/0041694430\/diego-labat-azucena-arbeleche-alvaro-delgadojfif.jfif\" alt=\"Diego Labat se despidi\u00f3 del BCU, durante un acto junto a Azucena Arbeleche y \u00c1lvaro Delgado.\" title=\"Diego Labat se despidi\u00f3 del BCU, durante un acto junto a Azucena Arbeleche y \u00c1lvaro Delgado.\" width=\"93\" height=\"52\" class=\"news-article__figure-img figure-img img-fluid\"> <\/a><\/figure>\n<\/article><\/div>\n<div class=\"col-12 col-md-6\">\n<article class=\"news-article news-article--landscape-news news-article--landscape-news\">\n<figure class=\"news-article__figure figure\"> <a href=\"https:\/\/www.ambito.com\/uruguay\/diego-labat-se-lanza-como-eventual-ministro-economia-el-desafio-es-que-sea-mas-barato-n6042692\" target title=\"\u00e1mbito.com | Diego Labat se lanza como eventual ministro de Econom\u00eda: el desaf\u00edo es que Uruguay sea m\u00e1s barato\" alt=\"\u00e1mbito.com | Diego Labat se lanza como eventual ministro de Econom\u00eda: el desaf\u00edo es que Uruguay sea m\u00e1s barato\" rel=\"noindex nofollow noreferrer\"> <img loading=\"lazy\" decoding=\"async\" src=\"https:\/\/www.ambito.com\/css-custom\/351\/lazy.svg\" data-td-src-property=\"https:\/\/media.ambito.com\/p\/cd969c84a5336ed771cfa88e35099196\/adjuntos\/351\/imagenes\/041\/709\/0041709672\/93x52\/smart\/alvaro-delgado-presentacion-labat.jpg\" alt=\"\u00c1lvaro Delgado anunci\u00f3 que Diego Labat ser\u00e1 su ministro de Econom\u00eda en caso de ganar las elecciones.\" title=\"\u00c1lvaro Delgado anunci\u00f3 que Diego Labat ser\u00e1 su ministro de Econom\u00eda en caso de ganar las elecciones.\" width=\"93\" height=\"52\" class=\"news-article__figure-img figure-img img-fluid\"> <\/a><\/figure>\n<\/article><\/div>\n<\/div>\n<\/section>\n<article class=\"article-body article-body--third-paragraph content-protected-false\" readability=\"33\">\n<p> \u201cMe siento honrado de servir al pa\u00eds integrando el Directorio del Banco Central. Representa una grata responsabilidad, por tratarse de una instituci\u00f3n altamente profesional, producto del trabajo de sus funcionarios y de m\u00e1s de cinco d\u00e9cadas de madurez institucional\u201d, destac\u00f3 el flamante jerarca.<\/p>\n<\/article>\n<article class=\"article-body article-body--fourth-paragraph content-protected-false\" readability=\"28.845070422535\">\n<p>Inthamoussu particip\u00f3 esta tarde por primera vez en su rol actual de la reuni\u00f3n del <strong>Copom,<\/strong> que fue a su vez la primera cita presidida por Ribeiro, donde el BCU defini\u00f3 mantener <a href=\"https:\/\/www.ambito.com\/uruguay\/el-bcu-mantuvo-las-tasas-tercera-vez-consecutiva-n6049652\" target=\"_blank\" rel=\"follow noopener\">las <strong>tasas de inter\u00e9s <\/strong><\/a> en el 8,5%.<\/p>\n<\/article>\n<article class=\"article-body article-body--remaining-paragraph content-protected-false\" readability=\"40\">\n<h2>El perfil laboral y acad\u00e9mico del vicepresidente del BCU<\/h2>\n<p>Inthamoussu se ven\u00eda desempe\u00f1ando como <strong>asesor de la Presidencia del BCU<\/strong> desde 2020, mientras que previamente fue asesor de Labat cuando fue <strong>director de Ancap.<\/strong><\/p>\n<p>El vicepresidente del BCU ocup\u00f3 tambi\u00e9n cargos gerenciales en compa\u00f1\u00edas privadas de administraci\u00f3n de fondos de pensi\u00f3n, fondos de inversi\u00f3n y banca privada.<\/p>\n<p>En cuanto a su perfil acad\u00e9mico es licenciado en Direcci\u00f3n y Administraci\u00f3n de Empresas por la <strong>Universidad de Montevideo<\/strong> (UM) y MBA por la <strong>Universidad Torcuato di Tella de Argentina,<\/strong> mientras que realiz\u00f3 adem\u00e1s el Programa de Gobernabilidad e Innovaci\u00f3n P\u00fablica dictado por <strong>CAF -banco de desarrollo de Am\u00e9rica Latina y el Caribe-,<\/strong> <strong>la UM y George Washington University;<\/strong> y el Programa de Innovaci\u00f3n en los Servicios Financieros de la <strong>Universidad de San Andr\u00e9s de Argentina.<\/strong><\/p>\n<\/article>\n<p> <!-- REGION4 } --> <\/p>\n","protected":false},"excerpt":{"rendered":"<p>16 de agosto 2024 &#8211; 21:32 El jerarca se suma a la gesti\u00f3n de Washington Ribeiro tras la aprobaci\u00f3n de la venia del Parlamento y del presidente Luis Lacalle Pou. Mart\u00edn Inthamoussu se incorpor\u00f3 este viernes como vicepresidente del Banco Central del Uruguay (BCU) y manifest\u00f3 su voluntad de \u201cdar continuidad\u201d a la pol\u00edtica monetaria [&hellip;]<\/p>\n","protected":false},"author":2,"featured_media":7655,"comment_status":"closed","ping_status":"closed","sticky":false,"template":"","format":"standard","meta":{"jetpack_post_was_ever_published":false,"_jetpack_newsletter_access":"","_jetpack_dont_email_post_to_subs":false,"_jetpack_newsletter_tier_id":0,"_jetpack_memberships_contains_paywalled_content":false,"_jetpack_memberships_contains_paid_content":false,"footnotes":"","jetpack_publicize_message":"","jetpack_publicize_feature_enabled":true,"jetpack_social_post_already_shared":true,"jetpack_social_options":{"image_generator_settings":{"template":"highway","enabled":false},"version":2}},"categories":[20],"tags":[],"class_list":["post-7654","post","type-post","status-publish","format-standard","has-post-thumbnail","hentry","category-mundo"],"jetpack_publicize_connections":[],"jetpack_featured_media_url":"https:\/\/i0.wp.com\/infolanus.com\/wp-content\/uploads\/2024\/08\/martin-inthamoussu-asumio-como-vicepresidente-del-bcu-para-dar-continuidad-a-la-politica-monetaria.jpg?fit=655%2C368&ssl=1","jetpack_sharing_enabled":true,"jetpack_shortlink":"https:\/\/wp.me\/p9QtMr-1Zs","_links":{"self":[{"href":"https:\/\/infolanus.com\/index.php\/wp-json\/wp\/v2\/posts\/7654","targetHints":{"allow":["GET"]}}],"collection":[{"href":"https:\/\/infolanus.com\/index.php\/wp-json\/wp\/v2\/posts"}],"about":[{"href":"https:\/\/infolanus.com\/index.php\/wp-json\/wp\/v2\/types\/post"}],"author":[{"embeddable":true,"href":"https:\/\/infolanus.com\/index.php\/wp-json\/wp\/v2\/users\/2"}],"replies":[{"embeddable":true,"href":"https:\/\/infolanus.com\/index.php\/wp-json\/wp\/v2\/comments?post=7654"}],"version-history":[{"count":0,"href":"https:\/\/infolanus.com\/index.php\/wp-json\/wp\/v2\/posts\/7654\/revisions"}],"wp:featuredmedia":[{"embeddable":true,"href":"https:\/\/infolanus.com\/index.php\/wp-json\/wp\/v2\/media\/7655"}],"wp:attachment":[{"href":"https:\/\/infolanus.com\/index.php\/wp-json\/wp\/v2\/media?parent=7654"}],"wp:term":[{"taxonomy":"category","embeddable":true,"href":"https:\/\/infolanus.com\/index.php\/wp-json\/wp\/v2\/categories?post=7654"},{"taxonomy":"post_tag","embeddable":true,"href":"https:\/\/infolanus.com\/index.php\/wp-json\/wp\/v2\/tags?post=7654"}],"curies":[{"name":"wp","href":"https:\/\/api.w.org\/{rel}","templated":true}]}}