{"id":7658,"date":"2024-08-17T22:58:00","date_gmt":"2024-08-18T01:58:00","guid":{"rendered":"https:\/\/www.ambito.com\/mundo\/guerra-gaza-hamas-niega-que-este-cerca-un-acuerdo-tregua-israel-n6049903"},"modified":"2024-08-17T22:58:00","modified_gmt":"2024-08-18T01:58:00","slug":"guerra-en-gaza-hamas-niega-que-este-cerca-un-acuerdo-de-tregua-con-israel","status":"publish","type":"post","link":"https:\/\/infolanus.com\/index.php\/2024\/08\/17\/guerra-en-gaza-hamas-niega-que-este-cerca-un-acuerdo-de-tregua-con-israel\/","title":{"rendered":"Guerra en Gaza: Ham\u00e1s niega que est\u00e9 cerca un acuerdo de tregua con Israel"},"content":{"rendered":"<p><!-- { REGION4 --> <\/p>\n<header class=\"news-headline\" readability=\"1.4007782101167\">\n<div class=\"news-headline__topics-and-date-wrapper\"> <span class=\"news-headline__publication-date\"> 17 de agosto 2024 &#8211; 22:58 <\/span><\/div>\n<h2 class=\"news-headline__article-summary\" readability=\"23\">\n<p class=\"ignore-parser\">Un miembro de la oficina pol\u00edtica de Hamas afirm\u00f3 que las negociaciones de paz son &#8220;la imposici\u00f3n de los dictados estadounidenses&#8221;.<\/p>\n<\/h2>\n<\/header>\n<div class=\"detail-highlighted-multimedia content-protected-false\">\n<figure class=\"detail-highlighted-multimedia__figure\"> <img data-recalc-dims=\"1\" loading=\"lazy\" decoding=\"async\" src=\"https:\/\/i0.wp.com\/media.ambito.com\/p\/15c2ad3391214c1d015cc7d90b63bab1\/adjuntos\/239\/imagenes\/041\/553\/0041553557\/655x368\/smart\/conflicto-hamas-israeljpg.jpg?resize=640%2C425&#038;ssl=1\" class=\"detail-highlighted-multimedia__figure-img img-fluid\" alt=\"No est\u00e1 cerca la paz, neg\u00f3 Hamas.\" width=\"640\" height=\"425\"><figcaption class=\"detail-highlighted-multimedia__figcaption\" readability=\"-23.5\"> <span class=\"detail-highlighted-multimedia__copyright\">Reuters<\/span><\/figcaption><\/figure>\n<\/div>\n<article class=\"article-body article-body--first-paragraph content-protected-false\" data-td-script-src=\"https:\/\/www.ambito.com\/td\/modulos\/encuestas\/js\/function-embeds-min-version-1723867664.js\" readability=\"30.221757322176\">\n<p>La paz sigue lejos en Gaza. <strong>El movimiento palestino Ham\u00e1s neg\u00f3 este s\u00e1bado que est\u00e9 &#8220;cerca&#8221; una <a href=\"https:\/\/www.ambito.com\/mundo\/guerra-gaza-nuevo-viaje-del-secretario-estado-eeuu-lograr-la-paz-israel-y-hamas-n6049604\" target=\"_blank\" rel=\"follow noopener\">tregua<\/a> con Israel<\/strong>, despu\u00e9s de que denunciara un bombardeo israel\u00ed con 15 muertos de una misma familia, seg\u00fan la Defensa Civil palestina.<\/p>\n<\/article>\n<article class=\"article-body article-body--second-paragraph content-protected-false\" readability=\"33\">\n<p>Un <strong>miembro de la oficina pol\u00edtica de Hamas<\/strong>, Sami Abu Zohri, <strong>desestim\u00f3 el plan de tregua impulsado por el presidente de EEUU, Joe Biden<\/strong>. Las negociaciones son &#8220;la <strong>imposici\u00f3n de los dictados estadounidenses<\/strong>&#8220;, asegur\u00f3 y consider\u00f3 un &#8220;enorme paso atr\u00e1s&#8221; la \u00faltima ronda de negociaciones.<\/p>\n<\/article>\n<section class=\"related-news\"> <span class=\"related-news__title\">Informate m\u00e1s<\/span> <\/p>\n<div class=\"row row--eq-height\">\n<div class=\"col-12 col-md-6\">\n<article class=\"news-article news-article--landscape-news news-article--landscape-news\">\n<figure class=\"news-article__figure figure\"> <a href=\"https:\/\/www.ambito.com\/mundo\/miles-venezolanos-marcharon-palermo-contra-nicolas-maduro-n6049885\" target title=\"\u00e1mbito.com | Miles de venezolanos marcharon en Palermo contra Nicol\u00e1s Maduro\" alt=\"\u00e1mbito.com | Miles de venezolanos marcharon en Palermo contra Nicol\u00e1s Maduro\" rel=\"noindex nofollow noreferrer\"> <img loading=\"lazy\" decoding=\"async\" src=\"https:\/\/www.ambito.com\/css-custom\/239\/lazy.svg\" data-td-src-property=\"https:\/\/media.ambito.com\/p\/0b8f15ce30645ac1c996f31db26c4c83\/adjuntos\/239\/imagenes\/041\/748\/0041748666\/93x52\/smart\/antichavistas-buenos-aires-contra-maduropng.png\" alt=\"Miles de manifestantes se reunieron en Palermo contra Nicol\u00e1s Maduro.\" title=\"Miles de manifestantes se reunieron en Palermo contra Nicol\u00e1s Maduro.\" width=\"93\" height=\"52\" class=\"news-article__figure-img figure-img img-fluid\"> <\/a><\/figure>\n<\/article><\/div>\n<div class=\"col-12 col-md-6\">\n<article class=\"news-article news-article--landscape-news news-article--landscape-news\">\n<figure class=\"news-article__figure figure\"> <a href=\"https:\/\/www.ambito.com\/mundo\/tragica-muerte-italia-la-picadura-una-arana-violinista-n6049878\" target title=\"\u00e1mbito.com | Tr\u00e1gica muerte en Italia por la picadura de una ara\u00f1a violinista\" alt=\"\u00e1mbito.com | Tr\u00e1gica muerte en Italia por la picadura de una ara\u00f1a violinista\" rel=\"noindex nofollow noreferrer\"> <img loading=\"lazy\" decoding=\"async\" src=\"https:\/\/www.ambito.com\/css-custom\/239\/lazy.svg\" data-td-src-property=\"https:\/\/media.ambito.com\/p\/45485b23b4de407e1c3a07e6dd3d99a9\/adjuntos\/239\/imagenes\/040\/681\/0040681099\/93x52\/smart\/aranas-violinistasjpg.jpg\" alt=\"La ara\u00f1a violinista o del rinc\u00f3n.&nbsp;\" title=\"La ara\u00f1a violinista o del rinc\u00f3n.&nbsp;\" width=\"93\" height=\"52\" class=\"news-article__figure-img figure-img img-fluid\"> <\/a><\/figure>\n<\/article><\/div>\n<\/div>\n<\/section>\n<article class=\"article-body article-body--third-paragraph content-protected-false\" readability=\"32\">\n<p>En mayo pasado, <strong>Biden<\/strong> anunci\u00f3 <strong>un plan de tregua que Ham\u00e1s deber\u00eda aceptar<\/strong>. Desde entonces, la ronda de negociaciones indirectas en la que intervienen como mediadores Egipto, Catar y el propio EEUU trabaja con ese plan.<\/p>\n<\/article>\n<article class=\"article-body article-body--fourth-paragraph content-protected-false\" readability=\"33\">\n<div contenteditable=\"false\" class=\"embed_cont type_imagen\" id=\"7852011-Libre-1069227379_wrap\" readability=\"9.5\">\n<p>biden netanyahu eeuu israel.jpg <span onclick=\"parent.parent.TinyMCETdcuerpo.preview_embed('7852011-Libre-1069227379')\" class=\"embed_colapse less\" id=\"7852011-Libre-1069227379_colapse\"><\/span> <span onclick=\"parent.parent.TinyMCETdcuerpo.delete_embed('7852011-Libre-1069227379')\" class=\"embed_delete less\" id=\"7852011-Libre-1069227379_delete\"><\/span><\/p>\n<div id=\"7852011-Libre-1069227379_content\" class=\"embed_content\"><img loading=\"lazy\" decoding=\"async\" src=\"https:\/\/www.ambito.com\/css-custom\/239\/lazy.svg\" data-td-src-property=\"https:\/\/media.ambito.com\/p\/1b8e7c7d3caa79eef8fac0381f75a14e\/adjuntos\/239\/imagenes\/041\/030\/0041030182\/biden-netanyahu-eeuu-israeljpg.jpg\" alt=\"El primer ministro de Israel, Benjamin Netanyahu, y el presidente de EEUU, Joe Biden.\" title=\"El primer ministro de Israel, Benjamin Netanyahu, y el presidente de EEUU, Joe Biden.\" width=\"730\" height=\"365\" id=\"7852011-Libre-1069227379_embed\"><\/div>\n<div id=\"7852011-Libre-1069227379_epigrafe\" class=\"embed_epigrafe\" readability=\"10\">\n<p> El primer ministro de Israel, Benjamin Netanyahu, y el presidente de EEUU, Joe Biden.<\/p>\n<\/div><\/div>\n<p>El jueves pasado comenz\u00f3 una nueva ronda de negociaciones indirectas para un alto el fuego en Gaza y una liberaci\u00f3n de los rehenes israel\u00edes en manos de Ham\u00e1s. Hab\u00eda expectativas de alg\u00fan avance luego de que se conociera que este s\u00e1bado iba a viajar el secretario de Estado de EEUU, Antony Blinquen, para presionar por un acuerdo.<\/p>\n<\/article>\n<article class=\"article-body article-body--remaining-paragraph content-protected-false\" readability=\"48\">\n<p>La ronda de negociaciones termin\u00f3 el viernes con algunas modificaciones en el plan de Biden. Esto no cay\u00f3 bien en Hamas. La organizaci\u00f3n palestina rechaz\u00f3 las nuevas condiciones y reclam\u00f3 la aplicaci\u00f3n del plan original, que prev\u00e9 dos fases. En la primera, est\u00e1 planteada una tregua de seis semanas con retirada israel\u00ed de las zonas densamente pobladas de Gaza y un canje de los rehenes por presos palestinos detenidos en Israel. En la segunda fase, el plan prev\u00e9 una retirada total de las tropas israel\u00edes de Gaza.<\/p>\n<h2>Netanyahu insta a los mediadores a presionar a Ham\u00e1s para lograr un acuerdo de tregua en Gaza<\/h2>\n<p class=\"ft-text\">En este escenario complejo, el primer ministro israel\u00ed,<strong> Benjamin Netanyahu<\/strong>, carg\u00f3 la responsabilidad de no acuerdo de paz a Hamas. Este viernes inst\u00f3 a los tres pa\u00edses para que presionen a la organizaci\u00f3n palestina para que acepte el tipo de tregua propuesta por Estados Unidos.<\/p>\n<p class=\"ft-text\">&#8220;<strong>Israel espera que la presi\u00f3n [de los mediadores] lleve a Ham\u00e1s a aceptar<\/strong>&#8220;<strong> el plan propuesto a finales de mayo por el presidente Estados Unidos Joe Biden<\/strong>, afirm\u00f3 Netanyahu en un comunicado. En paralelo, Israel orden\u00f3 este viernes nuevas evacuaciones en poblaciones de Gaza. Una en el norte de Jan Yunis y otra en el este de Deir al Balah, las primeras en esta ciudad.<\/p>\n<\/article>\n<p> <!-- REGION4 } --> <\/p>\n","protected":false},"excerpt":{"rendered":"<p>17 de agosto 2024 &#8211; 22:58 Un miembro de la oficina pol\u00edtica de Hamas afirm\u00f3 que las negociaciones de paz son &#8220;la imposici\u00f3n de los dictados estadounidenses&#8221;. Reuters La paz sigue lejos en Gaza. El movimiento palestino Ham\u00e1s neg\u00f3 este s\u00e1bado que est\u00e9 &#8220;cerca&#8221; una tregua con Israel, despu\u00e9s de que denunciara un bombardeo israel\u00ed [&hellip;]<\/p>\n","protected":false},"author":2,"featured_media":7659,"comment_status":"closed","ping_status":"closed","sticky":false,"template":"","format":"standard","meta":{"jetpack_post_was_ever_published":false,"_jetpack_newsletter_access":"","_jetpack_dont_email_post_to_subs":false,"_jetpack_newsletter_tier_id":0,"_jetpack_memberships_contains_paywalled_content":false,"_jetpack_memberships_contains_paid_content":false,"footnotes":"","jetpack_publicize_message":"","jetpack_publicize_feature_enabled":true,"jetpack_social_post_already_shared":true,"jetpack_social_options":{"image_generator_settings":{"template":"highway","enabled":false},"version":2}},"categories":[20],"tags":[],"class_list":["post-7658","post","type-post","status-publish","format-standard","has-post-thumbnail","hentry","category-mundo"],"jetpack_publicize_connections":[],"jetpack_featured_media_url":"https:\/\/i0.wp.com\/infolanus.com\/wp-content\/uploads\/2024\/08\/guerra-en-gaza-hamas-niega-que-este-cerca-un-acuerdo-de-tregua-con-israel.jpg?fit=655%2C368&ssl=1","jetpack_sharing_enabled":true,"jetpack_shortlink":"https:\/\/wp.me\/p9QtMr-1Zw","_links":{"self":[{"href":"https:\/\/infolanus.com\/index.php\/wp-json\/wp\/v2\/posts\/7658","targetHints":{"allow":["GET"]}}],"collection":[{"href":"https:\/\/infolanus.com\/index.php\/wp-json\/wp\/v2\/posts"}],"about":[{"href":"https:\/\/infolanus.com\/index.php\/wp-json\/wp\/v2\/types\/post"}],"author":[{"embeddable":true,"href":"https:\/\/infolanus.com\/index.php\/wp-json\/wp\/v2\/users\/2"}],"replies":[{"embeddable":true,"href":"https:\/\/infolanus.com\/index.php\/wp-json\/wp\/v2\/comments?post=7658"}],"version-history":[{"count":0,"href":"https:\/\/infolanus.com\/index.php\/wp-json\/wp\/v2\/posts\/7658\/revisions"}],"wp:featuredmedia":[{"embeddable":true,"href":"https:\/\/infolanus.com\/index.php\/wp-json\/wp\/v2\/media\/7659"}],"wp:attachment":[{"href":"https:\/\/infolanus.com\/index.php\/wp-json\/wp\/v2\/media?parent=7658"}],"wp:term":[{"taxonomy":"category","embeddable":true,"href":"https:\/\/infolanus.com\/index.php\/wp-json\/wp\/v2\/categories?post=7658"},{"taxonomy":"post_tag","embeddable":true,"href":"https:\/\/infolanus.com\/index.php\/wp-json\/wp\/v2\/tags?post=7658"}],"curies":[{"name":"wp","href":"https:\/\/api.w.org\/{rel}","templated":true}]}}