{"id":7662,"date":"2024-08-18T21:48:24","date_gmt":"2024-08-19T00:48:24","guid":{"rendered":"https:\/\/www.ambito.com\/uruguay\/el-oficialismo-tiene-un-lio-barbaro-la-inseguridad-segun-la-formula-del-frente-amplio-n6050075"},"modified":"2024-08-18T21:48:24","modified_gmt":"2024-08-19T00:48:24","slug":"el-oficialismo-tiene-un-lio-barbaro-con-la-inseguridad-segun-la-formula-del-frente-amplio","status":"publish","type":"post","link":"https:\/\/infolanus.com\/index.php\/2024\/08\/18\/el-oficialismo-tiene-un-lio-barbaro-con-la-inseguridad-segun-la-formula-del-frente-amplio\/","title":{"rendered":"El oficialismo tiene &#8220;un l\u00edo b\u00e1rbaro&#8221; con la inseguridad, seg\u00fan la f\u00f3rmula del Frente Amplio"},"content":{"rendered":"<p><!-- { REGION4 --> <\/p>\n<header class=\"news-headline\" readability=\"2.3378839590444\">\n<div class=\"news-headline__topics-and-date-wrapper\"> <span class=\"news-headline__publication-date\"> 18 de agosto 2024 &#8211; 21:48 <\/span><\/div>\n<h2 class=\"news-headline__article-summary\" readability=\"25\">\n<p class=\"ignore-parser\">El candidato presidencial de la fuerza pol\u00edtica, Yamand\u00fa Orsi, critic\u00f3 las diferentes posturas sobre el tema por parte de los distintos partidos.<\/p>\n<\/h2>\n<\/header>\n<div class=\"detail-highlighted-multimedia content-protected-false\">\n<figure class=\"detail-highlighted-multimedia__figure\"> <img data-recalc-dims=\"1\" loading=\"lazy\" decoding=\"async\" src=\"https:\/\/i0.wp.com\/media.ambito.com\/p\/f9cde4eb88e067db4866332a341ee681\/adjuntos\/351\/imagenes\/041\/749\/0041749475\/655x368\/smart\/movil-policial-policia.jpeg?resize=640%2C360&#038;ssl=1\" class=\"detail-highlighted-multimedia__figure-img img-fluid\" alt=\"La inseguridad se volvi\u00f3 un tema constante a lo largo de la campa\u00f1a electoral.\" width=\"640\" height=\"360\"><figcaption class=\"detail-highlighted-multimedia__figcaption\" readability=\"-24\"> <span class=\"detail-highlighted-multimedia__copyright\">Foto: Ministerio del Interior<\/span><\/figcaption><\/figure>\n<\/div>\n<article class=\"article-body article-body--first-paragraph content-protected-false\" data-td-script-src=\"https:\/\/www.ambito.com\/td\/modulos\/encuestas\/js\/function-embeds-min-version-1723953997.js\" readability=\"30.358974358974\">\n<p>El <strong>candidato presidencial del Frente Amplio <\/strong>(<strong>FA<\/strong>), <strong>Yamand\u00fa Orsi<\/strong>, asegur\u00f3 que los partidos del oficialismo tienen &#8220;un l\u00edo b\u00e1rbaro&#8221; con <a href=\"https:\/\/www.ambito.com\/uruguay\/pedro-bordaberry-critico-la-gestion-seguridad-del-gobierno-no-es-suficiente-n6049010\" target=\"_blank\" rel=\"follow noopener\">la <strong>inseguridad<\/strong><\/a>, ya que existen posturas antag\u00f3nicas alrededor del tema entre las distintas fuerzas que componen la alianza de gobierno.<\/p>\n<\/article>\n<article class=\"article-body article-body--second-paragraph content-protected-false\" readability=\"30.719298245614\">\n<p>Este domingo, la f\u00f3rmula presidencial del FA brind\u00f3 una conferencia de prensa en el departamento de <strong>Rocha<\/strong>, donde se mostr\u00f3 cr\u00edtica con las diferentes voces que surgen desde filas oficialistas. &#8220;Los partidos de gobierno tienen un l\u00edo b\u00e1rbaro, donde <a href=\"https:\/\/www.ambito.com\/uruguay\/guido-manini-rios-exige-priorizar-la-seguridad-publica-la-recta-final-del-gobierno-n6050039\" target=\"_blank\" rel=\"follow noopener\">unos piden declarar la emergencia<\/a> y los otros dicen &#8216;estamos fen\u00f3meno'&#8221;, remarc\u00f3 Orsi.<\/p>\n<\/article>\n<section class=\"related-news\"> <span class=\"related-news__title\">Informate m\u00e1s<\/span> <\/p>\n<div class=\"row row--eq-height\">\n<div class=\"col-12 col-md-6\">\n<article class=\"news-article news-article--landscape-news news-article--landscape-news\">\n<figure class=\"news-article__figure figure\"> <a href=\"https:\/\/www.ambito.com\/uruguay\/guido-manini-rios-redobla-la-apuesta-seguridad-buscara-una-carcel-delincuentes-peligrosos-n6049582\" target title=\"\u00e1mbito.com | Guido Manini R\u00edos redobla la apuesta en seguridad: buscar\u00e1 una c\u00e1rcel para delincuentes peligrosos\" alt=\"\u00e1mbito.com | Guido Manini R\u00edos redobla la apuesta en seguridad: buscar\u00e1 una c\u00e1rcel para delincuentes peligrosos\" rel=\"noindex nofollow noreferrer\"> <img loading=\"lazy\" decoding=\"async\" src=\"https:\/\/www.ambito.com\/css-custom\/351\/lazy.svg\" data-td-src-property=\"https:\/\/media.ambito.com\/p\/1fd24cc255f8d14ac46d8cd6a8cda185\/adjuntos\/351\/imagenes\/041\/571\/0041571957\/93x52\/smart\/senador-guido-manini-rios-elecciones-2024.jpg\" alt=\"Guido Manini R\u00edos propuso crear una c\u00e1rcel de m\u00e1xima seguridad para delincuentes peligrosos.\" title=\"Guido Manini R\u00edos propuso crear una c\u00e1rcel de m\u00e1xima seguridad para delincuentes peligrosos.\" width=\"93\" height=\"52\" class=\"news-article__figure-img figure-img img-fluid\"> <\/a><\/figure>\n<\/article><\/div>\n<div class=\"col-12 col-md-6\">\n<article class=\"news-article news-article--landscape-news news-article--landscape-news\">\n<figure class=\"news-article__figure figure\"> <a href=\"https:\/\/www.ambito.com\/uruguay\/pedro-bordaberry-critico-la-gestion-seguridad-del-gobierno-no-es-suficiente-n6049010\" target title=\"\u00e1mbito.com | Pedro Bordaberry critic\u00f3 la gesti\u00f3n de seguridad del gobierno: No es suficiente\" alt=\"\u00e1mbito.com | Pedro Bordaberry critic\u00f3 la gesti\u00f3n de seguridad del gobierno: No es suficiente\" rel=\"noindex nofollow noreferrer\"> <img loading=\"lazy\" decoding=\"async\" src=\"https:\/\/www.ambito.com\/css-custom\/351\/lazy.svg\" data-td-src-property=\"https:\/\/media.ambito.com\/p\/a826e5582ce711105a35da31af92e7d9\/adjuntos\/351\/imagenes\/041\/269\/0041269793\/93x52\/smart\/policia-uruguayjpg.jpg\" alt=\"Pedro Bordaberry cuestion\u00f3 los logros en materia de seguridad por parte del gobierno.\" title=\"Pedro Bordaberry cuestion\u00f3 los logros en materia de seguridad por parte del gobierno.\" width=\"93\" height=\"52\" class=\"news-article__figure-img figure-img img-fluid\"> <\/a><\/figure>\n<\/article><\/div>\n<\/div>\n<\/section>\n<article class=\"article-body article-body--third-paragraph content-protected-false\" readability=\"31\">\n<p> &#8220;Primero hay que tener claro para donde se quiere ir&#8221;, insisti\u00f3 el exintendente de <strong>Canelones<\/strong> quien entiende que &#8220;la soluci\u00f3n&#8221; al problema de la seguridad p\u00fablica se debe gestar a partir de un acuerdo de &#8220;toda la clase pol\u00edtica&#8221;, ya que &#8220;la soluci\u00f3n no es para cinco a\u00f1os&#8221;.<\/p>\n<\/article>\n<article class=\"article-body article-body--fourth-paragraph content-protected-false\" readability=\"33\">\n<p>No obstante, manifest\u00f3 que &#8220;por supuesto que quien gobierna tiene que llevar adelante los destinos y marcar el rumbo&#8221;, y que se debe llegar al gobierno &#8220;marcando o teniendo en claro cu\u00e1l es la pol\u00edtica criminal&#8221;. &#8220;Ah\u00ed cada uno de los partidos tiene que hacer lo suyo, pero hay niveles de acuerdo que son m\u00e1s que imprescindibles&#8221;.<\/p>\n<\/article>\n<article class=\"article-body article-body--remaining-paragraph content-protected-false\" readability=\"44.273412271259\">\n<h2>El rol de la Justicia en un eventual gobierno del Frente Amplio<\/h2>\n<p>Por otro lado, la f\u00f3rmula frenteamplista record\u00f3 que una de las propuestas de campa\u00f1a es la de crear un &#8220;Ministerio de Justicia&#8221;. En ese sentido, el candidato del FA expres\u00f3 que saber hacia donde se quiere ir implica una &#8220;pol\u00edtica criminal determinada&#8221; e incluso &#8220;qu\u00e9 vamos a hacer con la Justicia&#8221;, m\u00e1s espec\u00edficamente con <a href=\"https:\/\/www.ambito.com\/uruguay\/guido-manini-rios-redobla-la-apuesta-seguridad-buscara-una-carcel-delincuentes-peligrosos-n6049582\" target=\"_blank\" rel=\"follow noopener\">&#8220;las c\u00e1rceles&#8221;<\/a> y el &#8220;combate al delito&#8221;.<\/p>\n<p>Orsi agreg\u00f3 que durante el \u00faltimo tiempo, not\u00f3 &#8220;un cambio de actitud positivo&#8221; en el gobierno al convocar a la oposici\u00f3n para discutir soluciones para abordar la <strong>inseguridad<\/strong>. &#8220;En este tema de seguridad, por los discursos de la \u00faltima campa\u00f1a, este gobierno lleg\u00f3 a hacer movidas a la interna del <strong>Ministerio<\/strong> (<strong>del Interior<\/strong>) que ten\u00edan m\u00e1s que ver con decisi\u00f3n partidaria que con el nivel profesional. Nosotros no vamos a hacer eso, los que saben, saben, y est\u00e1n para eso&#8221;, subray\u00f3.<\/p>\n<\/article>\n<p> <!-- REGION4 } --> <\/p>\n","protected":false},"excerpt":{"rendered":"<p>18 de agosto 2024 &#8211; 21:48 El candidato presidencial de la fuerza pol\u00edtica, Yamand\u00fa Orsi, critic\u00f3 las diferentes posturas sobre el tema por parte de los distintos partidos. Foto: Ministerio del Interior El candidato presidencial del Frente Amplio (FA), Yamand\u00fa Orsi, asegur\u00f3 que los partidos del oficialismo tienen &#8220;un l\u00edo b\u00e1rbaro&#8221; con la inseguridad, ya [&hellip;]<\/p>\n","protected":false},"author":2,"featured_media":7663,"comment_status":"closed","ping_status":"closed","sticky":false,"template":"","format":"standard","meta":{"jetpack_post_was_ever_published":false,"_jetpack_newsletter_access":"","_jetpack_dont_email_post_to_subs":false,"_jetpack_newsletter_tier_id":0,"_jetpack_memberships_contains_paywalled_content":false,"_jetpack_memberships_contains_paid_content":false,"footnotes":"","jetpack_publicize_message":"","jetpack_publicize_feature_enabled":true,"jetpack_social_post_already_shared":true,"jetpack_social_options":{"image_generator_settings":{"template":"highway","enabled":false},"version":2}},"categories":[20],"tags":[],"class_list":["post-7662","post","type-post","status-publish","format-standard","has-post-thumbnail","hentry","category-mundo"],"jetpack_publicize_connections":[],"jetpack_featured_media_url":"https:\/\/i0.wp.com\/infolanus.com\/wp-content\/uploads\/2024\/08\/el-oficialismo-tiene-un-lio-barbaro-con-la-inseguridad-segun-la-formula-del-frente-amplio.jpg?fit=655%2C368&ssl=1","jetpack_sharing_enabled":true,"jetpack_shortlink":"https:\/\/wp.me\/p9QtMr-1ZA","_links":{"self":[{"href":"https:\/\/infolanus.com\/index.php\/wp-json\/wp\/v2\/posts\/7662","targetHints":{"allow":["GET"]}}],"collection":[{"href":"https:\/\/infolanus.com\/index.php\/wp-json\/wp\/v2\/posts"}],"about":[{"href":"https:\/\/infolanus.com\/index.php\/wp-json\/wp\/v2\/types\/post"}],"author":[{"embeddable":true,"href":"https:\/\/infolanus.com\/index.php\/wp-json\/wp\/v2\/users\/2"}],"replies":[{"embeddable":true,"href":"https:\/\/infolanus.com\/index.php\/wp-json\/wp\/v2\/comments?post=7662"}],"version-history":[{"count":0,"href":"https:\/\/infolanus.com\/index.php\/wp-json\/wp\/v2\/posts\/7662\/revisions"}],"wp:featuredmedia":[{"embeddable":true,"href":"https:\/\/infolanus.com\/index.php\/wp-json\/wp\/v2\/media\/7663"}],"wp:attachment":[{"href":"https:\/\/infolanus.com\/index.php\/wp-json\/wp\/v2\/media?parent=7662"}],"wp:term":[{"taxonomy":"category","embeddable":true,"href":"https:\/\/infolanus.com\/index.php\/wp-json\/wp\/v2\/categories?post=7662"},{"taxonomy":"post_tag","embeddable":true,"href":"https:\/\/infolanus.com\/index.php\/wp-json\/wp\/v2\/tags?post=7662"}],"curies":[{"name":"wp","href":"https:\/\/api.w.org\/{rel}","templated":true}]}}