{"id":7669,"date":"2024-08-19T21:10:00","date_gmt":"2024-08-20T00:10:00","guid":{"rendered":"https:\/\/www.ambito.com\/uruguay\/el-frente-amplio-pidio-frenar-la-resolucion-que-permite-antel-ofrecer-fibra-optica-privados-n6050474"},"modified":"2024-08-19T21:10:00","modified_gmt":"2024-08-20T00:10:00","slug":"el-frente-amplio-pidio-frenar-la-resolucion-que-permite-a-antel-a-ofrecer-fibra-optica-a-privados","status":"publish","type":"post","link":"https:\/\/infolanus.com\/index.php\/2024\/08\/19\/el-frente-amplio-pidio-frenar-la-resolucion-que-permite-a-antel-a-ofrecer-fibra-optica-a-privados\/","title":{"rendered":"El Frente Amplio pidi\u00f3 &#8220;frenar&#8221; la resoluci\u00f3n que permite a Antel a ofrecer fibra \u00f3ptica a privados"},"content":{"rendered":"<div><img data-recalc-dims=\"1\" decoding=\"async\" src=\"https:\/\/i0.wp.com\/media.ambito.com\/p\/648dddd8b04370d6034cfcdb7db338d9\/adjuntos\/351\/imagenes\/040\/626\/0040626861\/1200x675\/smart\/torre-antel.jpg?w=640&#038;ssl=1\" class=\"ff-og-image-inserted\"><\/div>\n<div id>\n<p>El <strong>Frente Amplio<\/strong> (<strong>FA<\/strong>) pidi\u00f3 &#8220;frenar&#8221; la resoluci\u00f3n del <strong>Poder Ejecutivo<\/strong> que obliga a <strong>Antel<\/strong> a <a href=\"https:\/\/www.ambito.com\/uruguay\/carolina-cosse-critico-la-decision-antel-prestar-cableoperadores-su-infraestructura-insolito-n6049930\" target=\"_blank\" rel=\"follow noopener\">ofrecer <strong>fibra \u00f3ptica<\/strong> a empresas privadas<\/a>, aludiendo que esto generar\u00eda &#8220;grandes perjuicios&#8221; y &#8220;p\u00e9rdida de patrimonio&#8221; para la compa\u00f1\u00eda p\u00fablica y el Estado nacional.<\/p>\n<\/div>\n<div id>\n<p>Este lunes, a trav\u00e9s de un comunicado, la Mesa Pol\u00edtica de la coalici\u00f3n de izquierdas mostr\u00f3 su rechazo al plan aprobado por el Directorio de Antel, aprobada el pasado 15 de agosto, con el que la estatal busca vender servicios de infraestructura de fibra \u00f3ptica <a href=\"https:\/\/www.ambito.com\/uruguay\/antel-ofrecera-su-infraestructura-fibra-optica-grandes-clientes-como-cableoperadores-n6049318\" target=\"_blank\" rel=\"follow noopener\">a grandes clientes<\/a>, permitiendo que otras empresas utilicen la fibra \u00f3ptica para ofrecer sus propios servicios de internet fijo.<\/p>\n<\/div>\n<div id>\n<p> As\u00ed, Antel cobrar\u00eda una tarifa mayorista que habilitar\u00e1 la utilizaci\u00f3n de dos tramos de la red: conectividad y salida internacional; mientras que el \u00faltimo tramo deber\u00e1 ser completado por los <strong>cableoperadores<\/strong>.<\/p>\n<\/div>\n<div id>\n<p>Desde el FA se\u00f1alan que la medida recientemente aprobada &#8220;fue rechazada reiteradas veces en el Parlamento Nacional desde 2020&#8221;, y que la inversi\u00f3n de Antel en los cables de fibra \u00f3ptica solo ten\u00eda como finalidad original &#8220;garantizar el acceso de la poblaci\u00f3n a conectividad de calidad&#8221;.<\/p>\n<\/div>\n<div id>\n<h2>&#8220;Antel renuncia a ingresos de hasta 60 millones de d\u00f3lares&#8221;<\/h2>\n<p>&#8220;Con esta medida, Antel facilita a los privados el ingreso al mercado de venta del servicio de internet por fibra \u00f3ptica, utilizando, con fines meramente lucrativos, la infraestructura concebida para el cumplimiento de derechos. De acuerdo a estimaciones del propio Directorio, esto significa una renuncia de ingresos al Estado de hasta 60 millones de d\u00f3lares anuales&#8221;, contin\u00faa el comunicado.<\/p>\n<p>Asimismo, el FA exhorta al que se frene la decisi\u00f3n tomada desde el directorio de <a href=\"https:\/\/www.ambito.com\/uruguay\/antel-perderia-clientes-la-fusion-cableoperadores-aseguro-la-presidenta-la-empresa-publica-n6033448\" target=\"_blank\" rel=\"follow noopener\">la compa\u00f1\u00eda de telecomunicaciones<\/a>, ya que entienden que esta va en contra de la voluntad del <strong>Poder Legislativo<\/strong> y que &#8220;derivar\u00eda en grandes perjuicios para el Estado uruguayo&#8221;.<\/p>\n<p>&#8220;El Frente Amplio, en protecci\u00f3n del patrimonio p\u00fablico, exige al gobierno nacional que frene esta entrega del patrimonio nacional a meses del cambio de gobierno&#8221;, remarca el documento.<\/p>\n<\/div>\n","protected":false},"excerpt":{"rendered":"<p>El Frente Amplio (FA) pidi\u00f3 &#8220;frenar&#8221; la resoluci\u00f3n del Poder Ejecutivo que obliga a Antel a ofrecer fibra \u00f3ptica a empresas privadas, aludiendo que esto generar\u00eda &#8220;grandes perjuicios&#8221; y &#8220;p\u00e9rdida de patrimonio&#8221; para la compa\u00f1\u00eda p\u00fablica y el Estado nacional. Este lunes, a trav\u00e9s de un comunicado, la Mesa Pol\u00edtica de la coalici\u00f3n de izquierdas [&hellip;]<\/p>\n","protected":false},"author":2,"featured_media":7670,"comment_status":"closed","ping_status":"closed","sticky":false,"template":"","format":"standard","meta":{"jetpack_post_was_ever_published":false,"_jetpack_newsletter_access":"","_jetpack_dont_email_post_to_subs":false,"_jetpack_newsletter_tier_id":0,"_jetpack_memberships_contains_paywalled_content":false,"_jetpack_memberships_contains_paid_content":false,"footnotes":"","jetpack_publicize_message":"","jetpack_publicize_feature_enabled":true,"jetpack_social_post_already_shared":true,"jetpack_social_options":{"image_generator_settings":{"template":"highway","enabled":false},"version":2}},"categories":[20],"tags":[],"class_list":["post-7669","post","type-post","status-publish","format-standard","has-post-thumbnail","hentry","category-mundo"],"jetpack_publicize_connections":[],"jetpack_featured_media_url":"https:\/\/i0.wp.com\/infolanus.com\/wp-content\/uploads\/2024\/08\/el-frente-amplio-pidio-frenar-la-resolucion-que-permite-a-antel-a-ofrecer-fibra-optica-a-privados.jpg?fit=1200%2C675&ssl=1","jetpack_sharing_enabled":true,"jetpack_shortlink":"https:\/\/wp.me\/p9QtMr-1ZH","_links":{"self":[{"href":"https:\/\/infolanus.com\/index.php\/wp-json\/wp\/v2\/posts\/7669","targetHints":{"allow":["GET"]}}],"collection":[{"href":"https:\/\/infolanus.com\/index.php\/wp-json\/wp\/v2\/posts"}],"about":[{"href":"https:\/\/infolanus.com\/index.php\/wp-json\/wp\/v2\/types\/post"}],"author":[{"embeddable":true,"href":"https:\/\/infolanus.com\/index.php\/wp-json\/wp\/v2\/users\/2"}],"replies":[{"embeddable":true,"href":"https:\/\/infolanus.com\/index.php\/wp-json\/wp\/v2\/comments?post=7669"}],"version-history":[{"count":0,"href":"https:\/\/infolanus.com\/index.php\/wp-json\/wp\/v2\/posts\/7669\/revisions"}],"wp:featuredmedia":[{"embeddable":true,"href":"https:\/\/infolanus.com\/index.php\/wp-json\/wp\/v2\/media\/7670"}],"wp:attachment":[{"href":"https:\/\/infolanus.com\/index.php\/wp-json\/wp\/v2\/media?parent=7669"}],"wp:term":[{"taxonomy":"category","embeddable":true,"href":"https:\/\/infolanus.com\/index.php\/wp-json\/wp\/v2\/categories?post=7669"},{"taxonomy":"post_tag","embeddable":true,"href":"https:\/\/infolanus.com\/index.php\/wp-json\/wp\/v2\/tags?post=7669"}],"curies":[{"name":"wp","href":"https:\/\/api.w.org\/{rel}","templated":true}]}}