{"id":7675,"date":"2024-08-20T20:22:00","date_gmt":"2024-08-20T23:22:00","guid":{"rendered":"https:\/\/www.ambito.com\/uruguay\/la-situacion-las-carceles-es-limite-y-explosiva-segun-documento-del-parlamento-n6050890"},"modified":"2024-08-20T20:22:00","modified_gmt":"2024-08-20T23:22:00","slug":"la-situacion-en-las-carceles-es-limite-y-explosiva-segun-documento-del-parlamento","status":"publish","type":"post","link":"https:\/\/infolanus.com\/index.php\/2024\/08\/20\/la-situacion-en-las-carceles-es-limite-y-explosiva-segun-documento-del-parlamento\/","title":{"rendered":"La situaci\u00f3n en las c\u00e1rceles es &#8220;l\u00edmite y explosiva&#8221;, seg\u00fan documento del Parlamento"},"content":{"rendered":"<p><!-- { REGION4 --> <\/p>\n<header class=\"news-headline\" readability=\"2.3327464788732\">\n<div class=\"news-headline__topics-and-date-wrapper\"> <span class=\"news-headline__publication-date\"> 20 de agosto 2024 &#8211; 20:22 <\/span><\/div>\n<h2 class=\"news-headline__article-summary\" readability=\"25\">\n<p class=\"ignore-parser\">La vicepresidenta de la Rep\u00fablica, Beatriz Argim\u00f3n, entreg\u00f3 el informe con el Estado de situaci\u00f3n a la f\u00f3rmula presidencial del Frente Amplio.<\/p>\n<\/h2>\n<\/header>\n<div class=\"detail-highlighted-multimedia content-protected-false\">\n<figure class=\"detail-highlighted-multimedia__figure\"> <img data-recalc-dims=\"1\" loading=\"lazy\" decoding=\"async\" src=\"https:\/\/i0.wp.com\/media.ambito.com\/p\/f74186588cfc2522f7740ccf3846ccab\/adjuntos\/351\/imagenes\/041\/755\/0041755053\/655x368\/smart\/carceles-penitenciaria-policia-requisa.jpg?resize=640%2C360&#038;ssl=1\" class=\"detail-highlighted-multimedia__figure-img img-fluid\" alt=\"El sistema carcelario contin\u00faa en una fr\u00e1gil situaci\u00f3n.\" width=\"640\" height=\"360\"><figcaption class=\"detail-highlighted-multimedia__figcaption\" readability=\"-24\"> <span class=\"detail-highlighted-multimedia__copyright\">Foto: Ministerio del Interior<\/span><\/figcaption><\/figure>\n<\/div>\n<article class=\"article-body article-body--first-paragraph content-protected-false\" data-td-script-src=\"https:\/\/www.ambito.com\/td\/modulos\/encuestas\/js\/function-embeds-min-version-1724126906.js\" readability=\"28.430939226519\">\n<p><a href=\"https:\/\/www.ambito.com\/uruguay\/el-gobierno-apura-megaoperativos-carceles-mientras-la-campana-mantiene-un-tono-antinarco-n6015549\" target=\"_blank\" rel=\"follow noopener\">La situaci\u00f3n en las <strong>c\u00e1rceles<\/strong><\/a> es &#8220;l\u00edmite&#8221; y &#8220;explosiva&#8221; seg\u00fan un documento elaborado por la Mesa Interinstitucional integrada por el Comisionado Parlamentario Penitenciario y la Instituci\u00f3n de Derechos Humanos y Defensor\u00eda del Pueblo (<strong>INDDHH<\/strong>) que fue entregado a la f\u00f3rmula presidencial del <strong>Frente Amplio<\/strong> (<strong>FA<\/strong>), integrada por <strong>Yamand\u00fa Orsi<\/strong> y <strong>Carolina Cosse<\/strong>.<\/p>\n<\/article>\n<article class=\"article-body article-body--second-paragraph content-protected-false\" readability=\"27.299270072993\">\n<p>Este martes, la <strong>vicepresidenta de la Rep\u00fablica<\/strong>, <strong>Beatriz Argim\u00f3n<\/strong>, junto a otras autoridades parlamentarias, hicieron entrega del texto al <a href=\"https:\/\/www.ambito.com\/uruguay\/el-oficialismo-tiene-un-lio-barbaro-la-inseguridad-segun-la-formula-del-frente-amplio-n6050075\" target=\"_blank\" rel=\"follow noopener\">t\u00e1ndem electoral de la fuerza pol\u00edtica de oposici\u00f3n<\/a>, y luego lo extender\u00e1n a los binomios de los candidatos de los dem\u00e1s partidos.<\/p>\n<\/article>\n<section class=\"related-news\"> <span class=\"related-news__title\">Informate m\u00e1s<\/span> <\/p>\n<div class=\"row row--eq-height\">\n<div class=\"col-12 col-md-6\">\n<article class=\"news-article news-article--landscape-news news-article--landscape-news\">\n<figure class=\"news-article__figure figure\"> <a href=\"https:\/\/www.ambito.com\/uruguay\/botana-insistio-los-allanamientos-nocturnos-y-propuso-la-creacion-carceles-trabajo-n5961174\" target title=\"\u00e1mbito.com | Botana insisti\u00f3 con los allanamientos nocturnos y propuso la creaci\u00f3n de c\u00e1rceles de trabajo\" alt=\"\u00e1mbito.com | Botana insisti\u00f3 con los allanamientos nocturnos y propuso la creaci\u00f3n de c\u00e1rceles de trabajo\" rel=\"noindex nofollow noreferrer\"> <img loading=\"lazy\" decoding=\"async\" src=\"https:\/\/www.ambito.com\/css-custom\/351\/lazy.svg\" data-td-src-property=\"https:\/\/media.ambito.com\/p\/0f2a1960e3e3fbcda1e6b23d50a17deb\/adjuntos\/351\/imagenes\/040\/350\/0040350768\/93x52\/smart\/sergio-botanajpg.jpg\" alt=\"Sergio Botana, senador por el Partido Nacional del Uruguay.\" title=\"Sergio Botana, senador por el Partido Nacional del Uruguay.\" width=\"93\" height=\"52\" class=\"news-article__figure-img figure-img img-fluid\"> <\/a><\/figure>\n<\/article><\/div>\n<div class=\"col-12 col-md-6\">\n<article class=\"news-article news-article--landscape-news news-article--landscape-news\">\n<figure class=\"news-article__figure figure\"> <a href=\"https:\/\/www.ambito.com\/uruguay\/gurmendez-propone-crear-un-superministerio-y-mas-carceles-combatir-la-inseguridad-el-n5983807\" target title=\"\u00e1mbito.com | Gurm\u00e9ndez propone crear un superministerio y m\u00e1s c\u00e1rceles para combatir la inseguridad en el Uruguay\" alt=\"\u00e1mbito.com | Gurm\u00e9ndez propone crear un superministerio y m\u00e1s c\u00e1rceles para combatir la inseguridad en el Uruguay\" rel=\"noindex nofollow noreferrer\"> <img loading=\"lazy\" decoding=\"async\" src=\"https:\/\/www.ambito.com\/css-custom\/351\/lazy.svg\" data-td-src-property=\"https:\/\/media.ambito.com\/p\/8102b54b0b80fd43034e3d74765f6e95\/adjuntos\/351\/imagenes\/041\/451\/0041451909\/93x52\/smart\/gurmendez-1jpg.jpg\" alt=\"El precandidato presidencial, Gabriel Gurm\u00e9ndez, propuso 5 proyectos para combatir la inseguridad en Uruguay.\" title=\"El precandidato presidencial, Gabriel Gurm\u00e9ndez, propuso 5 proyectos para combatir la inseguridad en Uruguay.\" width=\"93\" height=\"52\" class=\"news-article__figure-img figure-img img-fluid\"> <\/a><\/figure>\n<\/article><\/div>\n<\/div>\n<\/section>\n<article class=\"article-body article-body--third-paragraph content-protected-false\" readability=\"32\">\n<p> El documento contiene propuestas concretas y se\u00f1ala con preocupaci\u00f3n que no se lograron los acuerdos legislativos y t\u00e9cnicos previstos en la materia para poder mejorar la realidad del sistema carcelario uruguayo. En ese sentido, hace hincapi\u00e9 en que resulta necesaria una transformaci\u00f3n del <strong>Instituto Nacional de Rehabilitaci\u00f3n<\/strong>, para dotarlo de autonom\u00eda en su gesti\u00f3n y de un nuevo formato de direcci\u00f3n pol\u00edtica.<\/p>\n<\/article>\n<article class=\"article-body article-body--fourth-paragraph content-protected-false\" readability=\"33\">\n<p>A su vez, se advierte por el aumento &#8220;descontrolado&#8221; de la cantidad de personas en reclusi\u00f3n y la necesidad de combatir el hacinamiento, favoreciendo medidas de prisi\u00f3n alternativas y modificando el sistema de penas. En cuanto a la salud de los internos, se remarca la necesidad de reforzar la atenci\u00f3n en la Administraci\u00f3n de los Servicios de Salud del Estado (<strong>ASSE<\/strong>).<\/p>\n<\/article>\n<article class=\"article-body article-body--remaining-paragraph content-protected-false\" readability=\"43.910256410256\">\n<p>Por otra parte, se recomienda fortalecer el servicio de defensores p\u00fablicos, implementar un programa de <strong>alfabetizaci\u00f3n<\/strong>, as\u00ed como dignificar la tarea del personal penitenciario.<\/p>\n<h2>Yamand\u00fa Orsi valor\u00f3 positivamente el documento por ser &#8220;fruto de consensos&#8221;<\/h2>\n<p><a href=\"https:\/\/www.ambito.com\/uruguay\/algo-hay-que-hacer-yamandu-orsi-se-mostro-sintonia-la-propuesta-seguridad-cabildo-abierto-n6050449\" target=\"_blank\" rel=\"follow noopener\">El candidato Orsi<\/a> asegur\u00f3 a trav\u00e9s de su cuenta de X que el documento era &#8220;valioso por sus propuestas y por ser fruto de consensos&#8221;. &#8220;Este debe ser el esp\u00edritu. Gracias&#8221;, concluy\u00f3 el frenteamplista.<\/p>\n<p>Adem\u00e1s de los ya mencionados, estuvieron presentes en el encuentro la <strong>presidenta de la C\u00e1mara de Representantes Ana Olivera<\/strong>, el Comisionado Parlamentario Penitenciario, <strong>Juan Miguel Petit<\/strong>, y <strong>Jimena Fern\u00e1ndez Bonelli<\/strong>, presidenta del INDDHH.<\/p>\n<\/article>\n<p> <!-- REGION4 } --> <\/p>\n","protected":false},"excerpt":{"rendered":"<p>20 de agosto 2024 &#8211; 20:22 La vicepresidenta de la Rep\u00fablica, Beatriz Argim\u00f3n, entreg\u00f3 el informe con el Estado de situaci\u00f3n a la f\u00f3rmula presidencial del Frente Amplio. Foto: Ministerio del Interior La situaci\u00f3n en las c\u00e1rceles es &#8220;l\u00edmite&#8221; y &#8220;explosiva&#8221; seg\u00fan un documento elaborado por la Mesa Interinstitucional integrada por el Comisionado Parlamentario Penitenciario [&hellip;]<\/p>\n","protected":false},"author":2,"featured_media":7676,"comment_status":"closed","ping_status":"closed","sticky":false,"template":"","format":"standard","meta":{"jetpack_post_was_ever_published":false,"_jetpack_newsletter_access":"","_jetpack_dont_email_post_to_subs":false,"_jetpack_newsletter_tier_id":0,"_jetpack_memberships_contains_paywalled_content":false,"_jetpack_memberships_contains_paid_content":false,"footnotes":"","jetpack_publicize_message":"","jetpack_publicize_feature_enabled":true,"jetpack_social_post_already_shared":true,"jetpack_social_options":{"image_generator_settings":{"template":"highway","enabled":false},"version":2}},"categories":[20],"tags":[],"class_list":["post-7675","post","type-post","status-publish","format-standard","has-post-thumbnail","hentry","category-mundo"],"jetpack_publicize_connections":[],"jetpack_featured_media_url":"https:\/\/i0.wp.com\/infolanus.com\/wp-content\/uploads\/2024\/08\/la-situacion-en-las-carceles-es-limite-y-explosiva-segun-documento-del-parlamento.jpg?fit=655%2C368&ssl=1","jetpack_sharing_enabled":true,"jetpack_shortlink":"https:\/\/wp.me\/p9QtMr-1ZN","_links":{"self":[{"href":"https:\/\/infolanus.com\/index.php\/wp-json\/wp\/v2\/posts\/7675","targetHints":{"allow":["GET"]}}],"collection":[{"href":"https:\/\/infolanus.com\/index.php\/wp-json\/wp\/v2\/posts"}],"about":[{"href":"https:\/\/infolanus.com\/index.php\/wp-json\/wp\/v2\/types\/post"}],"author":[{"embeddable":true,"href":"https:\/\/infolanus.com\/index.php\/wp-json\/wp\/v2\/users\/2"}],"replies":[{"embeddable":true,"href":"https:\/\/infolanus.com\/index.php\/wp-json\/wp\/v2\/comments?post=7675"}],"version-history":[{"count":0,"href":"https:\/\/infolanus.com\/index.php\/wp-json\/wp\/v2\/posts\/7675\/revisions"}],"wp:featuredmedia":[{"embeddable":true,"href":"https:\/\/infolanus.com\/index.php\/wp-json\/wp\/v2\/media\/7676"}],"wp:attachment":[{"href":"https:\/\/infolanus.com\/index.php\/wp-json\/wp\/v2\/media?parent=7675"}],"wp:term":[{"taxonomy":"category","embeddable":true,"href":"https:\/\/infolanus.com\/index.php\/wp-json\/wp\/v2\/categories?post=7675"},{"taxonomy":"post_tag","embeddable":true,"href":"https:\/\/infolanus.com\/index.php\/wp-json\/wp\/v2\/tags?post=7675"}],"curies":[{"name":"wp","href":"https:\/\/api.w.org\/{rel}","templated":true}]}}