{"id":7690,"date":"2024-08-23T16:11:00","date_gmt":"2024-08-23T19:11:00","guid":{"rendered":"https:\/\/www.ambito.com\/uruguay\/yamandu-orsi-intenta-contener-las-diferencias-el-frente-amplio-vamos-hacer-lo-que-dice-el-programa-n6052140"},"modified":"2024-08-23T16:11:00","modified_gmt":"2024-08-23T19:11:00","slug":"yamandu-orsi-intenta-contener-las-diferencias-en-el-frente-amplio-vamos-a-hacer-lo-que-dice-el-programa","status":"publish","type":"post","link":"https:\/\/infolanus.com\/index.php\/2024\/08\/23\/yamandu-orsi-intenta-contener-las-diferencias-en-el-frente-amplio-vamos-a-hacer-lo-que-dice-el-programa\/","title":{"rendered":"Yamand\u00fa Orsi intenta contener las diferencias en el Frente Amplio: &#8220;Vamos a hacer lo que dice el programa&#8221;"},"content":{"rendered":"<div><img data-recalc-dims=\"1\" decoding=\"async\" src=\"https:\/\/i0.wp.com\/media.ambito.com\/p\/c2fe655a0c52f0902d44ed5494ff6e5c\/adjuntos\/351\/imagenes\/041\/591\/0041591645\/1200x675\/smart\/precandidato-yamandu-orsi-elecciones-2024.jpg?w=640&#038;ssl=1\" class=\"ff-og-image-inserted\"><\/div>\n<div id>\n<p>El <strong><a href=\"https:\/\/www.ambito.com\/uruguay\/afecta-la-imagen-yamandu-orsi-su-decision-no-debatir-mas-un-candidato-oficialista-n6049891\" target=\"_blank\" rel=\"follow noopener\">candidato presidencial del Frente Amplio,<\/a> Yamand\u00fa Orsi,<\/strong> intent\u00f3 disipar las diferencias internas del espacio opositor al asegurar que, en caso de ser el vencedor en las <strong>elecciones 2024, <\/strong>\u201cvamos a hacer lo que dice el programa\u201d.<\/p>\n<\/div>\n<div id>\n<p>En momentos donde se produjo una discrepancia en el FA por la <strong>pol\u00edtica salarial, <\/strong>que tuvo como protagonista al <a href=\"https:\/\/www.ambito.com\/uruguay\/charlas-quincho-gabriel-oddone-el-rostro-amable-del-fa-y-andres-ojeda-pedro-bordaberry-n6052069\" target=\"_blank\" rel=\"follow noopener\">economista <strong>Gabriel Oddone,<\/strong><\/a> quien propuso desindexarlos, Orsi aclar\u00f3: \u201cLas opiniones de los economistas, est\u00e9n cerca o no, son opiniones de ellos\u201d.<\/p>\n<\/div>\n<div id>\n<p> De todos modos, fiel a su rol componedor, el <strong>exintendente de Canelones <\/strong>plante\u00f3 en rueda de prensa que \u201cest\u00e1 bien que se d\u00e9 la discusi\u00f3n\u201d y agreg\u00f3: \u201cMe niego a los equipos de las unanimidades, que cada uno piense lo que piensa y transparencia absoluta\u201d.<\/p>\n<\/div>\n<div id>\n<p>Al ser consultado por su relaci\u00f3n con Oddone, quien suena como un <strong>eventual ministro de Econom\u00eda<\/strong> suyo, el candidato del FA aclar\u00f3 que \u201ca\u00fan no se tiene definido\u201d el gabinete y ratific\u00f3 que \u201cla conducci\u00f3n econ\u00f3mica\u201d se decidir\u00e1 tras la votaci\u00f3n, aunque no ocult\u00f3 \u201cuna relaci\u00f3n muy pr\u00f3xima y de consulta cotidiana\u201d con el economista.<\/p>\n<\/div>\n<div id>\n<p>En esa l\u00ednea, insisti\u00f3: \u201cSean quienes sean los que asuman la responsabilidad, vamos a cumplir con el programa del Frente Amplio, que es claro cuando habla del tema del salario. Se habla de poder ir haciendo crecer el salario m\u00ednimo y la recuperaci\u00f3n del <strong>salario real<\/strong> como objetivo central\u201d.<\/p>\n<h2>El debate sobre salarios<\/h2>\n<p>Oddone hab\u00eda planteado <a href=\"https:\/\/www.ambito.com\/uruguay\/gabriel-oddone-cree-que-aumentar-impuestos-seria-inconveniente-el-actual-contexto-n6051329\" target=\"_blank\" rel=\"follow noopener\">flexibilizar los <\/a><strong><a href=\"https:\/\/www.ambito.com\/uruguay\/gabriel-oddone-cree-que-aumentar-impuestos-seria-inconveniente-el-actual-contexto-n6051329\" target=\"_blank\" rel=\"follow noopener\">Consejos de Salarios<\/a><\/strong> y utilizar &#8220;descuelgues&#8221;, a fin de contemplar las &#8220;heterogeneidades&#8221; de cada negociaci\u00f3n colectiva, puntualmente diferenciando a las empresas de <strong>Montevideo <\/strong>de las del <strong>interior.<\/strong><\/p>\n<p>Al respecto, indic\u00f3 que es partidario de desindexar salarios y los precios de la econom\u00eda. &#8220;En esta econom\u00eda tenemos muchos contratos privados que tienen cl\u00e1usulas en el cual hay un mecanismo que dispara un ajuste del contrato, ya sea el <strong>tipo de cambio,<\/strong> ya sea la <strong>inflaci\u00f3n.<\/strong> En eso tenemos que trabajar porque eso forma parte de la indexaci\u00f3n de la econom\u00eda&#8221;, advirti\u00f3.<\/p>\n<p>Esa visi\u00f3n recibi\u00f3 cuestionamientos hacia adentro y el presidente del Frente Amplio, <strong>Fernando Pereira,<\/strong> fue tajante: &#8220;Si <strong>Uruguay <\/strong>fuera <strong>Noruega <\/strong>y la inflaci\u00f3n fuera 2 o 3 % consecutivamente en los \u00faltimos 20 a\u00f1os, no ser\u00eda ni un tema de debate, porque ah\u00ed se fija el incremento salarial o la estabilizaci\u00f3n del salario que se quiera tener\u201d.<\/p>\n<p>\u201cEn un pa\u00eds donde la inflaci\u00f3n ha estado por debajo del 10% en casi todos los \u00faltimos 20 a\u00f1os, pero ha tenido fluctuaciones, no es l\u00f3gico que pierdan los trabajadores&#8221;, advirti\u00f3 Pereira, contrario a la postura de Oddone.<\/p>\n<\/div>\n","protected":false},"excerpt":{"rendered":"<p>El candidato presidencial del Frente Amplio, Yamand\u00fa Orsi, intent\u00f3 disipar las diferencias internas del espacio opositor al asegurar que, en caso de ser el vencedor en las elecciones 2024, \u201cvamos a hacer lo que dice el programa\u201d. En momentos donde se produjo una discrepancia en el FA por la pol\u00edtica salarial, que tuvo como protagonista [&hellip;]<\/p>\n","protected":false},"author":2,"featured_media":7691,"comment_status":"closed","ping_status":"closed","sticky":false,"template":"","format":"standard","meta":{"jetpack_post_was_ever_published":false,"_jetpack_newsletter_access":"","_jetpack_dont_email_post_to_subs":false,"_jetpack_newsletter_tier_id":0,"_jetpack_memberships_contains_paywalled_content":false,"_jetpack_memberships_contains_paid_content":false,"footnotes":"","jetpack_publicize_message":"","jetpack_publicize_feature_enabled":true,"jetpack_social_post_already_shared":true,"jetpack_social_options":{"image_generator_settings":{"template":"highway","enabled":false},"version":2}},"categories":[20],"tags":[],"class_list":["post-7690","post","type-post","status-publish","format-standard","has-post-thumbnail","hentry","category-mundo"],"jetpack_publicize_connections":[],"jetpack_featured_media_url":"https:\/\/i0.wp.com\/infolanus.com\/wp-content\/uploads\/2024\/08\/yamandu-orsi-intenta-contener-las-diferencias-en-el-frente-amplio-vamos-a-hacer-lo-que-dice-el-programa.jpg?fit=1200%2C675&ssl=1","jetpack_sharing_enabled":true,"jetpack_shortlink":"https:\/\/wp.me\/p9QtMr-202","_links":{"self":[{"href":"https:\/\/infolanus.com\/index.php\/wp-json\/wp\/v2\/posts\/7690","targetHints":{"allow":["GET"]}}],"collection":[{"href":"https:\/\/infolanus.com\/index.php\/wp-json\/wp\/v2\/posts"}],"about":[{"href":"https:\/\/infolanus.com\/index.php\/wp-json\/wp\/v2\/types\/post"}],"author":[{"embeddable":true,"href":"https:\/\/infolanus.com\/index.php\/wp-json\/wp\/v2\/users\/2"}],"replies":[{"embeddable":true,"href":"https:\/\/infolanus.com\/index.php\/wp-json\/wp\/v2\/comments?post=7690"}],"version-history":[{"count":0,"href":"https:\/\/infolanus.com\/index.php\/wp-json\/wp\/v2\/posts\/7690\/revisions"}],"wp:featuredmedia":[{"embeddable":true,"href":"https:\/\/infolanus.com\/index.php\/wp-json\/wp\/v2\/media\/7691"}],"wp:attachment":[{"href":"https:\/\/infolanus.com\/index.php\/wp-json\/wp\/v2\/media?parent=7690"}],"wp:term":[{"taxonomy":"category","embeddable":true,"href":"https:\/\/infolanus.com\/index.php\/wp-json\/wp\/v2\/categories?post=7690"},{"taxonomy":"post_tag","embeddable":true,"href":"https:\/\/infolanus.com\/index.php\/wp-json\/wp\/v2\/tags?post=7690"}],"curies":[{"name":"wp","href":"https:\/\/api.w.org\/{rel}","templated":true}]}}