{"id":7701,"date":"2024-08-24T13:50:39","date_gmt":"2024-08-24T16:50:39","guid":{"rendered":"https:\/\/www.ambito.com\/uruguay\/vota-una-jubilacion-mejor-el-pit-cnt-lanza-su-campana-el-plebiscito-la-seguridad-social-n6052401"},"modified":"2024-08-24T13:50:39","modified_gmt":"2024-08-24T16:50:39","slug":"vota-por-una-jubilacion-mejor-el-pit-cnt-lanza-su-campana-por-el-plebiscito-de-la-seguridad-social","status":"publish","type":"post","link":"https:\/\/infolanus.com\/index.php\/2024\/08\/24\/vota-por-una-jubilacion-mejor-el-pit-cnt-lanza-su-campana-por-el-plebiscito-de-la-seguridad-social\/","title":{"rendered":"&#8220;Vot\u00e1 por una jubilaci\u00f3n mejor&#8221;: el PIT-CNT lanza su campa\u00f1a por el plebiscito de la seguridad social"},"content":{"rendered":"<div><img data-recalc-dims=\"1\" decoding=\"async\" src=\"https:\/\/i0.wp.com\/media.ambito.com\/p\/ac208dc0079261476edc8514610fc6ac\/adjuntos\/351\/imagenes\/041\/635\/0041635232\/1200x675\/smart\/plebiscito-pit-cntjpg.jpg?w=640&#038;ssl=1\" class=\"ff-og-image-inserted\"><\/div>\n<div id>\n<p>El <strong>PIT-CNT<\/strong> iniciar\u00e1 su campa\u00f1a en busca de los votos necesarios para la aprobaci\u00f3n del <a href=\"https:\/\/www.google.com\/url?client=internal-element-cse&amp;cx=008892114045256532459:e63xqbr3i5i&amp;q=https:\/\/www.ambito.com\/uruguay\/kirchnerismo-desconocimiento-e-inquietud-empresarial-radiografia-del-plebiscito-del-pit-cnt-su-recta-final-n6050561&amp;sa=U&amp;ved=2ahUKEwj-xbm4ho6IAxWhrZUCHX18M60QFnoECAkQAg&amp;usg=AOvVaw2CFPv1T4fqF2_shft89FOk&amp;arm=e\" target=\"_blank\" rel=\"follow noopener\"><strong>plebiscito en contra de la reforma de la seguridad social <\/strong><\/a> que implement\u00f3 el gobierno en <strong>Uruguay.<\/strong> En ese sentido, el lunes ser\u00e1 la primera \u201cjornada de agitaci\u00f3n\u201d para difundir la propuesta impulsada por la central gremial y alcanzar una \u201cenorme y heroica victoria popular\u201d.<\/p>\n<\/div>\n<div id>\n<p>Mientras los candidatos de la <strong>coalici\u00f3n de gobierno<\/strong> hacen campa\u00f1a fuertemente apoyados en el rechazo al plebiscito por la reforma jubilatorio y la f\u00f3rmula del <strong>Frente Amplio<\/strong> se deslind\u00f3 de cualquier acci\u00f3n a favor de la iniciativa, el <strong>PIT-CNT<\/strong> tiene planificado comenzar este lunes con la <a href=\"https:\/\/www.ambito.com\/uruguay\/los-os-votaran-dos-plebiscitos-como-seran-las-papeletas-n6032663\" target=\"_blank\" rel=\"follow noopener\">campa\u00f1a por el \u201cS\u00ed\u201d <\/a>de cara al 27 de octubre.<\/p>\n<\/div>\n<div id>\n<p> La actividad ser\u00e1 una \u201cjornada de agitaci\u00f3n\u201d que contemplar\u00e1 el despliegue de cientos de mesas en todo el pa\u00eds, donde los militantes expondr\u00e1n los argumentos detr\u00e1s de la reforma constitucional que impulsa la central sindical, resumidos bajo el lema \u201cvot\u00e1 por una mejor jubilaci\u00f3n\u201d.<\/p>\n<\/div>\n<div id>\n<p>&#8220;Qued\u00f3 claro que se inici\u00f3 la campa\u00f1a&#8221;, afirm\u00f3 el presidente del <strong>PIT-CNT, Marcelo Abdala,<\/strong> en un taller de capacitaci\u00f3n realizado la semana pasada; en referencia a la decisi\u00f3n del oficialismo de coordinar su accionar para oponerse a la reforma propuesta y as\u00ed defender los cambios que aplic\u00f3 el actual gobierno sobre el r\u00e9gimen jubilatorio. <\/p>\n<\/div>\n<div id>\n<p>En ese sentido, Abdala los defini\u00f3 como la &#8220;Santa Alianza&#8221; de los detractores a la posibilidad de que &#8220;el pueblo diga \u2018S\u00ed\u2019 a las medidas cautelares\u201d previstas por la consulta popular, lograda a trav\u00e9s de las m\u00e1s de 400.000 firmas recolectadas para su habilitaci\u00f3n por parte de la <strong>Corte Electoral.<\/strong><\/p>\n<h2>Contar la verdad, \u201csin cucos y sin miedos\u201d<\/h2>\n<p>En el taller, se coordinaron y definieron algunos <strong>mensajes concretos<\/strong> que los militantes estar\u00e1n difundiendo a partir del lunes, bajo la premisa de avanzar \u201ccon la verdad, sin cucos y sin miedos\u201d, apuntando a que los detractores del plebiscito buscan <a href=\"https:\/\/www.ambito.com\/uruguay\/alvaro-delgado-aseguro-que-si-se-aprueba-el-plebiscito-del-pit-cnt-habria-que-subir-3-o-4-puntos-iva-n6051227\" target=\"_blank\" rel=\"follow noopener\">asustar a la ciudadan\u00eda<\/a> para que opten no votar por la reforma.<\/p>\n<p>Entre esos mensajes, se marc\u00f3 que atar las jubilaciones m\u00ednimas al <strong>Salario M\u00ednimo Nacional<\/strong> se traducir\u00eda en un aumento en torno a los 3.500 pesos para m\u00e1s de 300.000 pasivos. En contrapartida, se insistir\u00e1 en que el sistema mixto resulta &#8220;caro, ineficiente e inseguro&#8221;, mientras que ocho de cada diez afiliados a las <strong>AFAP<\/strong> cobrar\u00edan m\u00e1s si lo hicieran solo por el <strong>Banco de Previsi\u00f3n Social (BPS)<\/strong>.<\/p>\n<p>Con entre el 38% y el 41% de intenci\u00f3n de voto que le adjudican las \u00faltimas encuestas, Abdala se mostr\u00f3 confiado en que en estos meses pueda construirse una &#8220;enorme y heroica victoria popular en octubre&#8221;, para la cual necesitan reunir m\u00e1s del 50% del acompa\u00f1amiento popular.<\/p>\n<\/div>\n","protected":false},"excerpt":{"rendered":"<p>El PIT-CNT iniciar\u00e1 su campa\u00f1a en busca de los votos necesarios para la aprobaci\u00f3n del plebiscito en contra de la reforma de la seguridad social que implement\u00f3 el gobierno en Uruguay. En ese sentido, el lunes ser\u00e1 la primera \u201cjornada de agitaci\u00f3n\u201d para difundir la propuesta impulsada por la central gremial y alcanzar una \u201cenorme [&hellip;]<\/p>\n","protected":false},"author":2,"featured_media":7702,"comment_status":"closed","ping_status":"closed","sticky":false,"template":"","format":"standard","meta":{"jetpack_post_was_ever_published":false,"_jetpack_newsletter_access":"","_jetpack_dont_email_post_to_subs":false,"_jetpack_newsletter_tier_id":0,"_jetpack_memberships_contains_paywalled_content":false,"_jetpack_memberships_contains_paid_content":false,"footnotes":"","jetpack_publicize_message":"","jetpack_publicize_feature_enabled":true,"jetpack_social_post_already_shared":true,"jetpack_social_options":{"image_generator_settings":{"template":"highway","enabled":false},"version":2}},"categories":[20],"tags":[],"class_list":["post-7701","post","type-post","status-publish","format-standard","has-post-thumbnail","hentry","category-mundo"],"jetpack_publicize_connections":[],"jetpack_featured_media_url":"https:\/\/i0.wp.com\/infolanus.com\/wp-content\/uploads\/2024\/08\/vota-por-una-jubilacion-mejor-el-pit-cnt-lanza-su-campana-por-el-plebiscito-de-la-seguridad-social.jpg?fit=1200%2C675&ssl=1","jetpack_sharing_enabled":true,"jetpack_shortlink":"https:\/\/wp.me\/p9QtMr-20d","_links":{"self":[{"href":"https:\/\/infolanus.com\/index.php\/wp-json\/wp\/v2\/posts\/7701","targetHints":{"allow":["GET"]}}],"collection":[{"href":"https:\/\/infolanus.com\/index.php\/wp-json\/wp\/v2\/posts"}],"about":[{"href":"https:\/\/infolanus.com\/index.php\/wp-json\/wp\/v2\/types\/post"}],"author":[{"embeddable":true,"href":"https:\/\/infolanus.com\/index.php\/wp-json\/wp\/v2\/users\/2"}],"replies":[{"embeddable":true,"href":"https:\/\/infolanus.com\/index.php\/wp-json\/wp\/v2\/comments?post=7701"}],"version-history":[{"count":0,"href":"https:\/\/infolanus.com\/index.php\/wp-json\/wp\/v2\/posts\/7701\/revisions"}],"wp:featuredmedia":[{"embeddable":true,"href":"https:\/\/infolanus.com\/index.php\/wp-json\/wp\/v2\/media\/7702"}],"wp:attachment":[{"href":"https:\/\/infolanus.com\/index.php\/wp-json\/wp\/v2\/media?parent=7701"}],"wp:term":[{"taxonomy":"category","embeddable":true,"href":"https:\/\/infolanus.com\/index.php\/wp-json\/wp\/v2\/categories?post=7701"},{"taxonomy":"post_tag","embeddable":true,"href":"https:\/\/infolanus.com\/index.php\/wp-json\/wp\/v2\/tags?post=7701"}],"curies":[{"name":"wp","href":"https:\/\/api.w.org\/{rel}","templated":true}]}}