{"id":7705,"date":"2024-08-25T13:14:44","date_gmt":"2024-08-25T16:14:44","guid":{"rendered":"https:\/\/www.ambito.com\/uruguay\/la-jutep-no-analizara-denuncias-contra-politicos-postulados-cargos-electivos-despues-los-comicios-n6052508"},"modified":"2024-08-25T13:14:44","modified_gmt":"2024-08-25T16:14:44","slug":"la-jutep-no-analizara-denuncias-contra-politicos-postulados-a-cargos-electivos-hasta-despues-de-los-comicios","status":"publish","type":"post","link":"https:\/\/infolanus.com\/index.php\/2024\/08\/25\/la-jutep-no-analizara-denuncias-contra-politicos-postulados-a-cargos-electivos-hasta-despues-de-los-comicios\/","title":{"rendered":"La JUTEP no analizar\u00e1 denuncias contra pol\u00edticos postulados a cargos electivos hasta despu\u00e9s de los comicios"},"content":{"rendered":"<p><!-- { REGION4 --> <\/p>\n<header class=\"news-headline\" readability=\"1.4030612244898\">\n<div class=\"news-headline__topics-and-date-wrapper\"> <span class=\"news-headline__publication-date\"> 25 de agosto 2024 &#8211; 13:14 <\/span><\/div>\n<h2 class=\"news-headline__article-summary\" readability=\"23\">\n<p class=\"ignore-parser\">La presidente del organismo asegur\u00f3 que fue una decisi\u00f3n un\u00e1nime y que se debe a la aplicaci\u00f3n del art\u00edculo 18 de la Ley Cristal. <\/p>\n<\/h2>\n<\/header>\n<div class=\"detail-highlighted-multimedia content-protected-false\">\n<figure class=\"detail-highlighted-multimedia__figure\"> <img data-recalc-dims=\"1\" loading=\"lazy\" decoding=\"async\" src=\"https:\/\/i0.wp.com\/media.ambito.com\/p\/208515ac12acdbb4263b27b237f10ac7\/adjuntos\/351\/imagenes\/041\/464\/0041464534\/655x368\/smart\/justicia-martillojpg.jpg?resize=640%2C427&#038;ssl=1\" class=\"detail-highlighted-multimedia__figure-img img-fluid\" alt=\"La JUTEP archivar\u00e1 las denuncias contras pol\u00edticos postulados a cargos electivos antes de 90 d\u00edas a las elecciones.&amp;nbsp;\" width=\"640\" height=\"427\"><figcaption class=\"detail-highlighted-multimedia__figcaption\" readability=\"-23.5\"> <\/figcaption><\/figure>\n<\/p><\/div>\n<article class=\"article-body article-body--first-paragraph content-protected-false\" data-td-script-src=\"https:\/\/www.ambito.com\/td\/modulos\/encuestas\/js\/function-embeds-min-version-1724558850.js\" readability=\"24.493243243243\">\n<p>La <strong>Junta de Transparencia y \u00c9tica Publica (JUTEP)<\/strong> tom\u00f3 la decisi\u00f3n un\u00e1nime de <a href=\"https:\/\/www.ambito.com\/uruguay\/el-fin-los-subsidios-funcionarios-condenados-corrupcion-avanza-el-senado-n6051159\" target=\"_blank\" rel=\"follow noopener\">no analizar denuncias ni declaraciones juradas<\/a> en contra de pol\u00edticos que se hayan postulado a cargos electivos hasta 90 d\u00edas antes de las elecciones a partir de la aplicaci\u00f3n del art\u00edculo 18 de la <strong>Ley Cristal.<\/strong><\/p>\n<\/article>\n<article class=\"article-body article-body--second-paragraph content-protected-false\" readability=\"30.445820433437\">\n<p>As\u00ed lo confirm\u00f3 su presidenta, <strong>Gabriela di Longo<\/strong>, al asegurar que se vot\u00f3 de manera un\u00e1nime dentro del organismo con la aprobaci\u00f3n de los otros dos integrantes: <strong>Guillermo Ortiz Peri<\/strong> (vicepresidente) y <strong>Ana Mar\u00eda Ferraris Barrios<\/strong> (vocal). De esta manera, los tres llegaron a la conclusi\u00f3n del <a href=\"https:\/\/www.ambito.com\/uruguay\/yamandu-orsi-visito-artigas-y-cuestiono-lo-alevoso-del-escandalo-caram-y-dos-santos-n6039522\" target=\"_blank\" rel=\"follow noopener\">alcance del art\u00edculo 18. <\/a><\/p>\n<\/article>\n<section class=\"related-news\"><span class=\"related-news__title\"> Informate m\u00e1s<\/span> <\/p>\n<div class=\"row row--eq-height\">\n<div class=\"col-12 col-md-6\">\n<article class=\"news-article news-article--landscape-news news-article--landscape-news\">\n<figure class=\"news-article__figure figure\"> <a href=\"https:\/\/www.ambito.com\/uruguay\/yamandu-orsi-visito-artigas-y-cuestiono-lo-alevoso-del-escandalo-caram-y-dos-santos-n6039522\" target title=\"\u00e1mbito.com | Yamand\u00fa Orsi visit\u00f3 Artigas y cuestion\u00f3 lo alevoso del esc\u00e1ndalo con Caram y Dos Santos\" alt=\"\u00e1mbito.com | Yamand\u00fa Orsi visit\u00f3 Artigas y cuestion\u00f3 lo alevoso del esc\u00e1ndalo con Caram y Dos Santos\" rel=\"noindex nofollow noreferrer\"> <img loading=\"lazy\" decoding=\"async\" src=\"https:\/\/www.ambito.com\/css-custom\/351\/lazy.svg\" data-td-src-property=\"https:\/\/media.ambito.com\/p\/93bcd817c35a8d4cd29d2f80429ac104\/adjuntos\/351\/imagenes\/041\/591\/0041591645\/93x52\/smart\/precandidato-yamandu-orsi-elecciones-2024.jpg\" alt=\"Yamand\u00fa Orsi cuestion\u00f3 que el esc\u00e1ndalo del Partido Nacional en Artigas fue alevoso.\" title=\"Yamand\u00fa Orsi cuestion\u00f3 que el esc\u00e1ndalo del Partido Nacional en Artigas fue alevoso.\" width=\"93\" height=\"52\" class=\"news-article__figure-img figure-img img-fluid\"> <\/a><\/figure>\n<\/article><\/div>\n<div class=\"col-12 col-md-6\">\n<article class=\"news-article news-article--landscape-news news-article--landscape-news\">\n<figure class=\"news-article__figure figure\"> <a href=\"https:\/\/www.ambito.com\/uruguay\/el-fin-los-subsidios-funcionarios-condenados-corrupcion-avanza-el-senado-n6051159\" target title=\"\u00e1mbito.com | El fin de los subsidios a funcionarios condenados por corrupci\u00f3n avanza en el Senado\" alt=\"\u00e1mbito.com | El fin de los subsidios a funcionarios condenados por corrupci\u00f3n avanza en el Senado\" rel=\"noindex nofollow noreferrer\"> <img loading=\"lazy\" decoding=\"async\" src=\"https:\/\/www.ambito.com\/css-custom\/351\/lazy.svg\" data-td-src-property=\"https:\/\/media.ambito.com\/p\/2dba4c18c0f35830d87edd6e46a23356\/adjuntos\/351\/imagenes\/041\/542\/0041542453\/93x52\/smart\/senado-parlamento.jpeg\" alt=\"El proyecto se votar\u00e1 en el Senado para luego pasar a Diputaods para su aprobaci\u00f3n final.\" title=\"El proyecto se votar\u00e1 en el Senado para luego pasar a Diputaods para su aprobaci\u00f3n final.\" width=\"93\" height=\"52\" class=\"news-article__figure-img figure-img img-fluid\"> <\/a><\/figure>\n<\/article><\/div>\n<\/div>\n<\/section>\n<article class=\"article-body article-body--third-paragraph content-protected-false\" readability=\"32\">\n<p> &#8220;No se van a aceptar denuncias y no se van a abrir declaraciones juradas que correspondan a cargos electivos&#8221;, detall\u00f3 la presidenta de la <strong>JUTEP<\/strong>. En tanto, adelant\u00f3 que esa parte del art\u00edculo se va a publicar en el portal oficial de la Jutep para que quede en claro &#8220;que ese es el cumplimiento de la ley&#8221;.<\/p>\n<\/article>\n<article class=\"article-body article-body--fourth-paragraph content-protected-false\" readability=\"31\">\n<p>Esto se debe a que los tres integrantes del organismo estatal llegaron al acuerdo de que el <strong>art\u00edculo 18<\/strong> no solo se refiere a declaraciones juradas sino que a todo tipo de denuncias. &#8220;Estuvimos los tres de acuerdo en que no era solo declaraciones juradas sino cualquier tipo de denuncia&#8221;, asegur\u00f3 a Radio Montecarlo di Longo. <\/p>\n<\/article>\n<article class=\"article-body article-body--remaining-paragraph content-protected-false\" readability=\"42\">\n<p>&#8220;Si durante el a\u00f1o electoral se formula una denuncia o se procede a la apertura del sobre por cualquiera de las causales indicadas en el art\u00edculo 15 de la presente ley, referente a un funcionario que se postule a cualquier cargo electivo, el interesado podr\u00e1 urgir a la Junta a que dicte la resoluci\u00f3n con una anticipaci\u00f3n de, por lo menos, treinta d\u00edas al acto eleccionario. La Junta no recibir\u00e1 denuncias dentro de los noventa d\u00edas anteriores al acto eleccionario&#8221;, establece el art\u00edculo 18. <\/p>\n<p>Por otro lado, di Longo remarc\u00f3 que queda por determinar cuales son los cargos electivos que entran dentro de la normativa ya que, por el momento, los \u00fanicos incluidos son los <strong>candidatos a presidente y vice <\/strong>de los partidos pol\u00edticos que se someter\u00e1n a voto popular en octubre. <\/p>\n<\/article>\n<p> <!-- REGION4 } --> <\/p>\n","protected":false},"excerpt":{"rendered":"<p>25 de agosto 2024 &#8211; 13:14 La presidente del organismo asegur\u00f3 que fue una decisi\u00f3n un\u00e1nime y que se debe a la aplicaci\u00f3n del art\u00edculo 18 de la Ley Cristal. La Junta de Transparencia y \u00c9tica Publica (JUTEP) tom\u00f3 la decisi\u00f3n un\u00e1nime de no analizar denuncias ni declaraciones juradas en contra de pol\u00edticos que se [&hellip;]<\/p>\n","protected":false},"author":2,"featured_media":7706,"comment_status":"closed","ping_status":"closed","sticky":false,"template":"","format":"standard","meta":{"jetpack_post_was_ever_published":false,"_jetpack_newsletter_access":"","_jetpack_dont_email_post_to_subs":false,"_jetpack_newsletter_tier_id":0,"_jetpack_memberships_contains_paywalled_content":false,"_jetpack_memberships_contains_paid_content":false,"footnotes":"","jetpack_publicize_message":"","jetpack_publicize_feature_enabled":true,"jetpack_social_post_already_shared":true,"jetpack_social_options":{"image_generator_settings":{"template":"highway","enabled":false},"version":2}},"categories":[20],"tags":[],"class_list":["post-7705","post","type-post","status-publish","format-standard","has-post-thumbnail","hentry","category-mundo"],"jetpack_publicize_connections":[],"jetpack_featured_media_url":"https:\/\/i0.wp.com\/infolanus.com\/wp-content\/uploads\/2024\/08\/la-jutep-no-analizara-denuncias-contra-politicos-postulados-a-cargos-electivos-hasta-despues-de-los-comicios.jpg?fit=655%2C368&ssl=1","jetpack_sharing_enabled":true,"jetpack_shortlink":"https:\/\/wp.me\/p9QtMr-20h","_links":{"self":[{"href":"https:\/\/infolanus.com\/index.php\/wp-json\/wp\/v2\/posts\/7705","targetHints":{"allow":["GET"]}}],"collection":[{"href":"https:\/\/infolanus.com\/index.php\/wp-json\/wp\/v2\/posts"}],"about":[{"href":"https:\/\/infolanus.com\/index.php\/wp-json\/wp\/v2\/types\/post"}],"author":[{"embeddable":true,"href":"https:\/\/infolanus.com\/index.php\/wp-json\/wp\/v2\/users\/2"}],"replies":[{"embeddable":true,"href":"https:\/\/infolanus.com\/index.php\/wp-json\/wp\/v2\/comments?post=7705"}],"version-history":[{"count":0,"href":"https:\/\/infolanus.com\/index.php\/wp-json\/wp\/v2\/posts\/7705\/revisions"}],"wp:featuredmedia":[{"embeddable":true,"href":"https:\/\/infolanus.com\/index.php\/wp-json\/wp\/v2\/media\/7706"}],"wp:attachment":[{"href":"https:\/\/infolanus.com\/index.php\/wp-json\/wp\/v2\/media?parent=7705"}],"wp:term":[{"taxonomy":"category","embeddable":true,"href":"https:\/\/infolanus.com\/index.php\/wp-json\/wp\/v2\/categories?post=7705"},{"taxonomy":"post_tag","embeddable":true,"href":"https:\/\/infolanus.com\/index.php\/wp-json\/wp\/v2\/tags?post=7705"}],"curies":[{"name":"wp","href":"https:\/\/api.w.org\/{rel}","templated":true}]}}