{"id":7713,"date":"2024-08-27T10:36:00","date_gmt":"2024-08-27T13:36:00","guid":{"rendered":"https:\/\/www.ambito.com\/uruguay\/refuerzo-militar-el-gobierno-compro-aviones-despues-43-anos-n6053149"},"modified":"2024-08-27T10:36:00","modified_gmt":"2024-08-27T13:36:00","slug":"refuerzo-militar-el-gobierno-compro-aviones-despues-de-43-anos","status":"publish","type":"post","link":"https:\/\/infolanus.com\/index.php\/2024\/08\/27\/refuerzo-militar-el-gobierno-compro-aviones-despues-de-43-anos\/","title":{"rendered":"Refuerzo militar: el gobierno compr\u00f3 aviones despu\u00e9s de 43 a\u00f1os"},"content":{"rendered":"<div><img data-recalc-dims=\"1\" decoding=\"async\" src=\"https:\/\/i0.wp.com\/media.ambito.com\/p\/bec07a543fe71540fd744698d22736ed\/adjuntos\/351\/imagenes\/041\/769\/0041769840\/1200x675\/smart\/fuerza-aereajpeg.jpeg?w=640&#038;ssl=1\" class=\"ff-og-image-inserted\"><\/div>\n<div id>\n<p>El gobierno adquiri\u00f3 seis aviones <strong>Super Tucano<\/strong> de una empresa brasile\u00f1a con el objetivo de reforzar la <a href=\"https:\/\/www.ambito.com\/uruguay\/el-ministerio-defensa-negocia-la-compra-seis-aviones-combate-us-100m-n6029341\" target=\"_blank\" rel=\"follow noopener\">capacidad operativa de la Fuerza A\u00e9rea<\/a>, una compra que no se hac\u00eda desde 1981, seg\u00fan inform\u00f3 el ministro de Defensa,<strong> Armando Castaingdebat.<\/strong><\/p>\n<\/p><\/div>\n<div id>\n<p>Acorde al comunicado de la empresa, el contrato se enmarca en un <a href=\"https:\/\/www.ambito.com\/uruguay\/las-fronteras-son-un-colador-el-narcotrafico-como-amenaza-alerto-el-ministro-defensa-n6051210\" target=\"_blank\" rel=\"follow noopener\">programa de renovaci\u00f3n de flota<\/a> que tiene como fin reforzar la capacidad operativa de la <strong>Fuerza A\u00e9rea uruguaya<\/strong>. En ese sentido, se lleg\u00f3 al compromiso de adquirir otras cinco unidades adicionales que tienen una entrega prevista para el a\u00f1o 2025.<\/p>\n<\/div>\n<div id>\n<p> Las compras, incluyen equipamiento de misi\u00f3n, servicios log\u00edsticos integrados y un simulador de vuelo. Por su parte, el avi\u00f3n es utilizado para el control actividades ilegales, <strong>monitoreo de fronteras, reconocimiento<\/strong> y entrenamiento avanzado.<\/p>\n<\/div>\n<div id>\n<p>En tanto, el ministro de Defensa resalt\u00f3 que la compra de las <strong>aeronaves<\/strong> representa un salto en la <strong>Fuerza A\u00e9rea uruguaya<\/strong> y en su capacidad de defensa que desde el a\u00f1o 1981 no compraba aviones de combate. \u201cCon esta incorporaci\u00f3n damos un gran salto en la mejora de nuestras capacidades de defensa y respondemos a las necesidades de control de nuestra soberan\u00eda territorial y de lucha contra el crimen en todas sus formas\u201d, asegur\u00f3 Castaingdebat<\/p>\n<\/div>\n<div id>\n<p>Por su parte, el ministro de<strong> Relaciones Exteriores <\/strong>tambi\u00e9n coment\u00f3 al respecto. &#8220;Uruguay busca fortalecer sus capacidades de vigilancia del espacio a\u00e9reo y respuesta a amenazas, y para ello se apoya en la tecnolog\u00eda brasile\u00f1a, que propone una plataforma muy adecuada para estos fines, como son los A-29 Super Tucanos&#8221;, afirm\u00f3<strong> Omar Paganini.<\/strong><\/p>\n<p>\u201cNos sentimos honrados por la decisi\u00f3n de la Fuerza A\u00e9rea Uruguaya, otra naci\u00f3n sudamericana, de elegir el A-29 Super Tucano, una aeronave que es referencia en su segmento en el mercado internacional. Con esta adquisici\u00f3n, Uruguay tendr\u00e1 capacidades diferenciadas que contribuir\u00e1n en gran medida a la vigilancia de sus fronteras y aumentar\u00e1n la disponibilidad operativa de la FAU\u201d, afirm\u00f3 <strong>Bosco da Costa Junior<\/strong>, el presidente y CEO de Embraer Defence &amp; Security, la empresa involucrada.<\/p>\n<p>De esta manera, Uruguay se convierte en el sexto pa\u00eds de <strong>Am\u00e9rica Latina<\/strong> en poseer A-29 Super Tucano junto con <strong>Brasil, Chile, Colombia, Ecuador y Paraguay.<\/strong><\/p>\n<\/p><\/div>\n","protected":false},"excerpt":{"rendered":"<p>El gobierno adquiri\u00f3 seis aviones Super Tucano de una empresa brasile\u00f1a con el objetivo de reforzar la capacidad operativa de la Fuerza A\u00e9rea, una compra que no se hac\u00eda desde 1981, seg\u00fan inform\u00f3 el ministro de Defensa, Armando Castaingdebat. Acorde al comunicado de la empresa, el contrato se enmarca en un programa de renovaci\u00f3n de [&hellip;]<\/p>\n","protected":false},"author":2,"featured_media":7714,"comment_status":"closed","ping_status":"closed","sticky":false,"template":"","format":"standard","meta":{"jetpack_post_was_ever_published":false,"_jetpack_newsletter_access":"","_jetpack_dont_email_post_to_subs":false,"_jetpack_newsletter_tier_id":0,"_jetpack_memberships_contains_paywalled_content":false,"_jetpack_memberships_contains_paid_content":false,"footnotes":"","jetpack_publicize_message":"","jetpack_publicize_feature_enabled":true,"jetpack_social_post_already_shared":true,"jetpack_social_options":{"image_generator_settings":{"template":"highway","enabled":false},"version":2}},"categories":[20],"tags":[],"class_list":["post-7713","post","type-post","status-publish","format-standard","has-post-thumbnail","hentry","category-mundo"],"jetpack_publicize_connections":[],"jetpack_featured_media_url":"https:\/\/i0.wp.com\/infolanus.com\/wp-content\/uploads\/2024\/08\/refuerzo-militar-el-gobierno-compro-aviones-despues-de-43-anos.jpg?fit=1200%2C675&ssl=1","jetpack_sharing_enabled":true,"jetpack_shortlink":"https:\/\/wp.me\/p9QtMr-20p","_links":{"self":[{"href":"https:\/\/infolanus.com\/index.php\/wp-json\/wp\/v2\/posts\/7713","targetHints":{"allow":["GET"]}}],"collection":[{"href":"https:\/\/infolanus.com\/index.php\/wp-json\/wp\/v2\/posts"}],"about":[{"href":"https:\/\/infolanus.com\/index.php\/wp-json\/wp\/v2\/types\/post"}],"author":[{"embeddable":true,"href":"https:\/\/infolanus.com\/index.php\/wp-json\/wp\/v2\/users\/2"}],"replies":[{"embeddable":true,"href":"https:\/\/infolanus.com\/index.php\/wp-json\/wp\/v2\/comments?post=7713"}],"version-history":[{"count":0,"href":"https:\/\/infolanus.com\/index.php\/wp-json\/wp\/v2\/posts\/7713\/revisions"}],"wp:featuredmedia":[{"embeddable":true,"href":"https:\/\/infolanus.com\/index.php\/wp-json\/wp\/v2\/media\/7714"}],"wp:attachment":[{"href":"https:\/\/infolanus.com\/index.php\/wp-json\/wp\/v2\/media?parent=7713"}],"wp:term":[{"taxonomy":"category","embeddable":true,"href":"https:\/\/infolanus.com\/index.php\/wp-json\/wp\/v2\/categories?post=7713"},{"taxonomy":"post_tag","embeddable":true,"href":"https:\/\/infolanus.com\/index.php\/wp-json\/wp\/v2\/tags?post=7713"}],"curies":[{"name":"wp","href":"https:\/\/api.w.org\/{rel}","templated":true}]}}