{"id":7765,"date":"2024-09-03T14:56:21","date_gmt":"2024-09-03T17:56:21","guid":{"rendered":"https:\/\/www.ambito.com\/c6055793"},"modified":"2024-09-03T14:56:21","modified_gmt":"2024-09-03T17:56:21","slug":"empresas-de-maquinaria-agricola-advierten-fuerte-caida-de-la-actividad-y-posibles-despidos","status":"publish","type":"post","link":"https:\/\/infolanus.com\/index.php\/2024\/09\/03\/empresas-de-maquinaria-agricola-advierten-fuerte-caida-de-la-actividad-y-posibles-despidos\/","title":{"rendered":"Empresas de maquinaria agr\u00edcola advierten fuerte ca\u00edda de la actividad y posibles despidos"},"content":{"rendered":"<div><img data-recalc-dims=\"1\" decoding=\"async\" src=\"https:\/\/i0.wp.com\/media.ambito.com\/p\/63e575200111c191b6824b27cdc9d715\/adjuntos\/239\/imagenes\/038\/605\/0038605781\/1200x675\/smart\/pauny-tractores_1549974514jpg.jpg?w=640&#038;ssl=1\" class=\"ff-og-image-inserted\"><\/div>\n<div id>\n<p>Las empresas socias de <strong>AFAT (Asociaci\u00f3n de F\u00e1bricas Argentinas de Tractores y otros equipamientos agr\u00edcolas e industriales) se\u00f1alan que est\u00e1n afrontando una ca\u00edda en la producci\u00f3n del 50% en promedio respecto del a\u00f1o pasado<\/strong>. Esta retracci\u00f3n se debe principalmente a la<strong> ca\u00edda en las ventas de maquinaria agr\u00edcola. En este contexto, advierten que las firmas podr\u00edan avanzar con despidos, ceses de contratos temporales de trabajo y hasta la paralizaci\u00f3n de las plantas de producci\u00f3n.<\/strong><\/p>\n<\/p><\/div>\n<div id>\n<p>\u201cEl acumulado de <strong>los primeros 6 meses del a\u00f1o arroj\u00f3 una ca\u00edda del 20% en los patentamientos de cosechadoras respecto de 2023, y del 30% en el de tractores.<\/strong> Con estos valores creemos que es poco probable que se pueda recuperar la totalidad del mercado en lo que resta del a\u00f1o; por lo tanto, estimamos que vamos a estar, en promedio, entre un 25% y un 30% por debajo de lo que fue el a\u00f1o anterior\u201d, <strong>asegur\u00f3 Sergio Fern\u00e1ndez, presidente de la Asociaci\u00f3n.<\/strong><\/p>\n<\/p><\/div>\n<div id>\n<p><strong>Esta retracci\u00f3n del mercado impacta directamente en el funcionamiento de las plantas industriales, que tienen una capacidad de producci\u00f3n instalada muy superior a la demanda local.<\/strong> Por ejemplo, los patentamientos de cosechadoras representan el 13% de la capacidad de producci\u00f3n de las empresas socias de AFAT, los de tractores un 33%, y los patentamientos de pulverizadoras alcanzan el 59% del potencial de estas empresas.<\/p>\n<\/div>\n<div id>\n<p><strong>\u201cEntre las consecuencias de esta preocupante situaci\u00f3n se encuentran la reprogramaci\u00f3n de procesos productivos, la reducci\u00f3n de horas de trabajo, la suspensi\u00f3n de personal y\/o no renovaci\u00f3n de contratos temporales, como as\u00ed tambi\u00e9n desvinculaciones\u201d, alert\u00f3 Fern\u00e1ndez.<\/strong><\/p>\n<\/p><\/div>\n<div id>\n<p> Por caso,<strong> la empresa multinacional John Deere que tiene su f\u00e1brica localizada en la localidad de Granadero Baigorria, provincia de Santa Fe, en las \u00faltimas semanas avanz\u00f3 con despidos y no renovaci\u00f3n de contratos de trabaj<\/strong>o. En tanto, sus trabajadores comenzaron a realizar paros rotativos ante el no avance de un acuerdo paritario, por su parte <strong>al no solucionarse el conflicto, el ministerio de Trabajo de Santa Fe dict\u00f3 la conciliaci\u00f3n obligatoria por un per\u00edodo de siete d\u00edas a partir de esta semana.<\/strong><\/p>\n<p>Lo cierto es que el caso de John Deere est\u00e1 lejos de ser aislado porque otras empresas de escala m\u00e1s chica est\u00e1n reduciendo jornadas laborales mientras plantean los pasos a seguir en medio de la pronunciada ca\u00edda de ventas.<\/p>\n<p>La luz de alarma se enciende <strong>si se tiene en cuenta la antig\u00fcedad del parque de maquinaria, que raya la obsolescencia, con un 70-80% de tractores de m\u00e1s de 15 a\u00f1os y un 70-80% de cosechadoras de m\u00e1s de 10 a\u00f1os<\/strong>. \u201cRenovar ese parque e incorporarle toda la tecnolog\u00eda disponible a nivel global es una necesidad para un pa\u00eds cuyos ingresos de divisas dependen en un 60-70% del sector agroindustrial. Como sabemos, <strong>la antig\u00fcedad de los equipos produce una disminuci\u00f3n de la productividad,<\/strong> sobrecostos en la fertilizaci\u00f3n y pulverizaci\u00f3n, desperdicios en la siembra y la cosecha, y menores eficiencias en general\u201d, explican desde las empresas del sector.<\/p>\n<p>\u201cArgentina tiene un potencial productivo enorme, suficiente para alimentar a 400 millones de personas, productores y contratistas que est\u00e1n entre los m\u00e1s innovadores de la regi\u00f3n, t\u00e9cnicos y profesionales capacitados, pero no contamos con las condiciones necesarias para continuar el camino del crecimiento y desarrollo productivo. <strong>Desde AFAT resaltamos siempre la necesidad de contar con un marco de previsibilidad pol\u00edtico-econ\u00f3mica, financiamiento acorde al volumen del sector, y con tasas competitivas, y tambi\u00e9n la revisi\u00f3n de la carga fiscal, hoy agobiante<\/strong>. De nuestra parte renovamos d\u00eda a d\u00eda el compromiso de continuar trabajando para el crecimiento del pa\u00eds\u201d, resumi\u00f3 Sergio Fern\u00e1ndez.<\/p>\n<\/p><\/div>\n","protected":false},"excerpt":{"rendered":"<p>Las empresas socias de AFAT (Asociaci\u00f3n de F\u00e1bricas Argentinas de Tractores y otros equipamientos agr\u00edcolas e industriales) se\u00f1alan que est\u00e1n afrontando una ca\u00edda en la producci\u00f3n del 50% en promedio respecto del a\u00f1o pasado. Esta retracci\u00f3n se debe principalmente a la ca\u00edda en las ventas de maquinaria agr\u00edcola. En este contexto, advierten que las firmas [&hellip;]<\/p>\n","protected":false},"author":2,"featured_media":7766,"comment_status":"closed","ping_status":"closed","sticky":false,"template":"","format":"standard","meta":{"jetpack_post_was_ever_published":false,"_jetpack_newsletter_access":"","_jetpack_dont_email_post_to_subs":false,"_jetpack_newsletter_tier_id":0,"_jetpack_memberships_contains_paywalled_content":false,"_jetpack_memberships_contains_paid_content":false,"footnotes":"","jetpack_publicize_message":"","jetpack_publicize_feature_enabled":true,"jetpack_social_post_already_shared":true,"jetpack_social_options":{"image_generator_settings":{"template":"highway","enabled":false},"version":2}},"categories":[20],"tags":[],"class_list":["post-7765","post","type-post","status-publish","format-standard","has-post-thumbnail","hentry","category-mundo"],"jetpack_publicize_connections":[],"jetpack_featured_media_url":"https:\/\/i0.wp.com\/infolanus.com\/wp-content\/uploads\/2024\/09\/empresas-de-maquinaria-agricola-advierten-fuerte-caida-de-la-actividad-y-posibles-despidos.jpg?fit=1200%2C675&ssl=1","jetpack_sharing_enabled":true,"jetpack_shortlink":"https:\/\/wp.me\/p9QtMr-21f","_links":{"self":[{"href":"https:\/\/infolanus.com\/index.php\/wp-json\/wp\/v2\/posts\/7765","targetHints":{"allow":["GET"]}}],"collection":[{"href":"https:\/\/infolanus.com\/index.php\/wp-json\/wp\/v2\/posts"}],"about":[{"href":"https:\/\/infolanus.com\/index.php\/wp-json\/wp\/v2\/types\/post"}],"author":[{"embeddable":true,"href":"https:\/\/infolanus.com\/index.php\/wp-json\/wp\/v2\/users\/2"}],"replies":[{"embeddable":true,"href":"https:\/\/infolanus.com\/index.php\/wp-json\/wp\/v2\/comments?post=7765"}],"version-history":[{"count":0,"href":"https:\/\/infolanus.com\/index.php\/wp-json\/wp\/v2\/posts\/7765\/revisions"}],"wp:featuredmedia":[{"embeddable":true,"href":"https:\/\/infolanus.com\/index.php\/wp-json\/wp\/v2\/media\/7766"}],"wp:attachment":[{"href":"https:\/\/infolanus.com\/index.php\/wp-json\/wp\/v2\/media?parent=7765"}],"wp:term":[{"taxonomy":"category","embeddable":true,"href":"https:\/\/infolanus.com\/index.php\/wp-json\/wp\/v2\/categories?post=7765"},{"taxonomy":"post_tag","embeddable":true,"href":"https:\/\/infolanus.com\/index.php\/wp-json\/wp\/v2\/tags?post=7765"}],"curies":[{"name":"wp","href":"https:\/\/api.w.org\/{rel}","templated":true}]}}