{"id":7850,"date":"2024-09-17T10:15:42","date_gmt":"2024-09-17T13:15:42","guid":{"rendered":"https:\/\/www.inforegion.com.ar\/?p=313405"},"modified":"2024-09-17T10:15:42","modified_gmt":"2024-09-17T13:15:42","slug":"el-intendente-de-lanus-defendio-la-suba-de-la-tasa-de-seguridad-e-higiene","status":"publish","type":"post","link":"https:\/\/infolanus.com\/index.php\/2024\/09\/17\/el-intendente-de-lanus-defendio-la-suba-de-la-tasa-de-seguridad-e-higiene\/","title":{"rendered":"El intendente de Lan\u00fas defendi\u00f3 la suba de la Tasa de Seguridad e Higiene"},"content":{"rendered":"<div><img data-recalc-dims=\"1\" decoding=\"async\" src=\"https:\/\/i0.wp.com\/www.inforegion.com.ar\/wp-content\/uploads\/2024\/09\/ja.jpg?w=640&#038;ssl=1\" class=\"ff-og-image-inserted\"><\/div>\n<p>Tras la nueva <a href=\"https:\/\/www.inforegion.com.ar\/2024\/09\/16\/los-vecinos-de-lanus-padeciendo-la-inoperancia-de-su-intendente-pagan-precios-mas-altos\/\">embestida <\/a>del ministro Luis Caputo, <strong>Juli\u00e1n \u00c1lvarez remarc\u00f3 que la suba de la Tasa de Seguridad e Higiene para grandes cadenas es la contracara de las medidas de alivio fiscal para los almaceneros del barrio.<\/strong><\/p>\n<p>\u201cEn el comienzo de 2024 los ingresos declarados por los <a href=\"https:\/\/www.inforegion.com.ar\/2024\/08\/31\/supermercados-se-quejan-por-el-aumento-de-tributos-municipales\/\">hipermercados <\/a>superaban en un 10% el de los almacenes, en el mes de julio vimos c\u00f3mo esta brecha se duplic\u00f3\u201d, explic\u00f3. <\/p>\n<p>En ese sentido, explic\u00f3: \u201cPor eso, <strong>desde el Municipio de Lan\u00fas sentimos orgullo de las medidas de alivio fiscal que implementamos para acompa\u00f1ar a nuestros 500 almacenes de barrio; mientras que incrementamos las tasas a quienes el ministro de Econom\u00eda Luis Caputo defiende con tanta vehemencia<\/strong>: los formadores de precio que atentan todos los d\u00edas contra la canasta b\u00e1sica\u201d.<\/p>\n<p>\u201cMinistro Caputo, todav\u00eda no le conocemos un logro a favor de los argentinos. Lleva una inflaci\u00f3n acumulada de 263,4 % y est\u00e1 todo el d\u00eda pensando a quien echarle la culpa. Le doy una pista, busque la respuesta en el megaendeudamiento que usted y Macri generaron con el FMI y la fuga de capitales que usted promovi\u00f3\u201d, le recrimin\u00f3 el intendente de Lan\u00fas. <\/p>\n<p>Y precis\u00f3: \u201cLa decisi\u00f3n que tom\u00e9 en Lan\u00fas adem\u00e1s de beneficiar a los m\u00e1s de 500 almaceneros de barrio, sirvi\u00f3 para <strong>dejar en evidencia el lobby que usted realiza en favor de los grupos empresarios<\/strong> \u00bfCu\u00e1nto m\u00e1s quieren ganar sus amigos?\u201d<\/p>\n<p>\u201cMientras el Gobierno Nacional nos pide a las provincias y municipios que ajustemos y al pueblo que se sacrifique, el Ministro de Econom\u00eda <strong>se desespera por pelear los m\u00e1rgenes de ganancias de Coto y los grandes empresarios de este pa\u00eds<\/strong> \u00bfLos jubilados para cuando?\u201d, le pregunt\u00f3.<\/p>\n<p><strong>D\u00edas atr\u00e1s, el Gobierno&nbsp;<a href=\"https:\/\/www.inforegion.com.ar\/2024\/09\/11\/a-partir-de-ahora-no-se-pueden-incluir-tasas-o-impuestos-municipales-en-facturas-de-servicios\/\">prohibi\u00f3<\/a>&nbsp;incluir tasas o impuestos municipales en las facturas de servicios como luz y gas, medida que es rechazada por los intendentes y el propio gobernador&nbsp;<a href=\"https:\/\/www.inforegion.com.ar\/2024\/09\/12\/la-provincia-rechaza-la-prohibicion-del-gobierno-para-cobrar-tasas-en-las-facturas-de-los-servicios\/\">Axel Kicillof<\/a>.<\/strong> <\/p>\n<p><strong>Y este martes se conoci\u00f3 la decisi\u00f3n de <a href=\"https:\/\/www.inforegion.com.ar\/2024\/09\/17\/las-estaciones-de-servicio-deben-avisar-que-se-cobra-tasa-vial-donde-se-aplica\/\">obligar <\/a>a las estaciones de servicio a incluir la advertencia del cobro de la Tasa Vial a la hora de cargar combustible, que incluye a Lan\u00fas.<\/strong><\/p>\n","protected":false},"excerpt":{"rendered":"<p>Tras la nueva embestida del ministro Luis Caputo, Juli\u00e1n \u00c1lvarez remarc\u00f3 que la suba de la Tasa de Seguridad e Higiene para grandes cadenas es la contracara de las medidas de alivio fiscal para los almaceneros del barrio. \u201cEn el comienzo de 2024 los ingresos declarados por los hipermercados superaban en un 10% el de [&hellip;]<\/p>\n","protected":false},"author":2,"featured_media":7851,"comment_status":"closed","ping_status":"closed","sticky":false,"template":"","format":"standard","meta":{"jetpack_post_was_ever_published":false,"_jetpack_newsletter_access":"","_jetpack_dont_email_post_to_subs":false,"_jetpack_newsletter_tier_id":0,"_jetpack_memberships_contains_paywalled_content":false,"_jetpack_memberships_contains_paid_content":false,"footnotes":"","jetpack_publicize_message":"","jetpack_publicize_feature_enabled":true,"jetpack_social_post_already_shared":true,"jetpack_social_options":{"image_generator_settings":{"template":"highway","enabled":false},"version":2}},"categories":[19],"tags":[773,774,427,23,331,1750],"class_list":["post-7850","post","type-post","status-publish","format-standard","has-post-thumbnail","hentry","category-municipio","tag-centrales","tag-destacadas","tag-julian-alvarez","tag-lanus","tag-luis-caputo","tag-tasa-de-seguridad-e-higiene"],"jetpack_publicize_connections":[],"jetpack_featured_media_url":"https:\/\/i0.wp.com\/infolanus.com\/wp-content\/uploads\/2024\/09\/el-intendente-de-lanus-defendio-la-suba-de-la-tasa-de-seguridad-e-higiene.jpg?fit=1200%2C675&ssl=1","jetpack_sharing_enabled":true,"jetpack_shortlink":"https:\/\/wp.me\/p9QtMr-22C","_links":{"self":[{"href":"https:\/\/infolanus.com\/index.php\/wp-json\/wp\/v2\/posts\/7850","targetHints":{"allow":["GET"]}}],"collection":[{"href":"https:\/\/infolanus.com\/index.php\/wp-json\/wp\/v2\/posts"}],"about":[{"href":"https:\/\/infolanus.com\/index.php\/wp-json\/wp\/v2\/types\/post"}],"author":[{"embeddable":true,"href":"https:\/\/infolanus.com\/index.php\/wp-json\/wp\/v2\/users\/2"}],"replies":[{"embeddable":true,"href":"https:\/\/infolanus.com\/index.php\/wp-json\/wp\/v2\/comments?post=7850"}],"version-history":[{"count":0,"href":"https:\/\/infolanus.com\/index.php\/wp-json\/wp\/v2\/posts\/7850\/revisions"}],"wp:featuredmedia":[{"embeddable":true,"href":"https:\/\/infolanus.com\/index.php\/wp-json\/wp\/v2\/media\/7851"}],"wp:attachment":[{"href":"https:\/\/infolanus.com\/index.php\/wp-json\/wp\/v2\/media?parent=7850"}],"wp:term":[{"taxonomy":"category","embeddable":true,"href":"https:\/\/infolanus.com\/index.php\/wp-json\/wp\/v2\/categories?post=7850"},{"taxonomy":"post_tag","embeddable":true,"href":"https:\/\/infolanus.com\/index.php\/wp-json\/wp\/v2\/tags?post=7850"}],"curies":[{"name":"wp","href":"https:\/\/api.w.org\/{rel}","templated":true}]}}