{"id":7864,"date":"2024-09-20T15:10:23","date_gmt":"2024-09-20T18:10:23","guid":{"rendered":"https:\/\/www.inforegion.com.ar\/?p=313716"},"modified":"2024-09-20T15:10:23","modified_gmt":"2024-09-20T18:10:23","slug":"avellaneda-detuvieron-a-un-sospechoso-de-secuestrar-menores-en-la-previa-de-talleres-huracan","status":"publish","type":"post","link":"https:\/\/infolanus.com\/index.php\/2024\/09\/20\/avellaneda-detuvieron-a-un-sospechoso-de-secuestrar-menores-en-la-previa-de-talleres-huracan\/","title":{"rendered":"Avellaneda: detuvieron a un sospechoso de secuestrar menores en la previa de Talleres \u2013 Hurac\u00e1n"},"content":{"rendered":"<div><img data-recalc-dims=\"1\" decoding=\"async\" src=\"https:\/\/i0.wp.com\/www.inforegion.com.ar\/wp-content\/uploads\/2024\/09\/secuestrador-detenido.jpg?w=640&#038;ssl=1\" class=\"ff-og-image-inserted\"><\/div>\n<p>La Polic\u00eda bonaerense detuvo en Avellaneda a un hombre que ten\u00eda un pedido de captura internacional por haber participado del <strong>secuestro extorsivo de dos menores, ocurrido en 2020<\/strong>, en una vivienda de Lan\u00fas.<\/p>\n<p>El sospechoso cay\u00f3 cuando intentaba ingresar a la cancha de Independiente de Avellaneda para v<strong>er el partido entre Hurac\u00e1n y Talleres de Remedios de Escalada <\/strong>por Copa Argentina y la detenci\u00f3n se dio en el marco del Programa Tribuna Segura, en un operativo conjunto con la Agencia de Prevenci\u00f3n de Violencia en el Deporte (APreViDe).<\/p>\n<p>En 2020, el Juzgado Federal Criminal y Correccional de Lomas de Zamora 2 hab\u00eda<strong> solicitado al Ministerio de Seguridad de la Naci\u00f3n que inserte en el Sistema Federal de Comunicaciones Policiales<\/strong> (SIFCOP) la orden de detenci\u00f3n a nivel nacional e internacional de dos implicados en el secuestro.<\/p>\n","protected":false},"excerpt":{"rendered":"<p>La Polic\u00eda bonaerense detuvo en Avellaneda a un hombre que ten\u00eda un pedido de captura internacional por haber participado del secuestro extorsivo de dos menores, ocurrido en 2020, en una vivienda de Lan\u00fas. El sospechoso cay\u00f3 cuando intentaba ingresar a la cancha de Independiente de Avellaneda para ver el partido entre Hurac\u00e1n y Talleres de [&hellip;]<\/p>\n","protected":false},"author":2,"featured_media":7865,"comment_status":"closed","ping_status":"closed","sticky":false,"template":"","format":"standard","meta":{"jetpack_post_was_ever_published":false,"_jetpack_newsletter_access":"","_jetpack_dont_email_post_to_subs":false,"_jetpack_newsletter_tier_id":0,"_jetpack_memberships_contains_paywalled_content":false,"_jetpack_memberships_contains_paid_content":false,"footnotes":"","jetpack_publicize_message":"","jetpack_publicize_feature_enabled":true,"jetpack_social_post_already_shared":true,"jetpack_social_options":{"image_generator_settings":{"template":"highway","enabled":false},"version":2}},"categories":[19,547],"tags":[801,773,774,707,23,822,1753,1754],"class_list":["post-7864","post","type-post","status-publish","format-standard","has-post-thumbnail","hentry","category-municipio","category-policiales","tag-avellaneda","tag-centrales","tag-destacadas","tag-detencion","tag-lanus","tag-policiales","tag-secuestro-de-menores","tag-tribuna-segura"],"jetpack_publicize_connections":[],"jetpack_featured_media_url":"https:\/\/i0.wp.com\/infolanus.com\/wp-content\/uploads\/2024\/09\/avellaneda-detuvieron-a-un-sospechoso-de-secuestrar-menores-en-la-previa-de-talleres-huracan.jpg?fit=1006%2C540&ssl=1","jetpack_sharing_enabled":true,"jetpack_shortlink":"https:\/\/wp.me\/p9QtMr-22Q","_links":{"self":[{"href":"https:\/\/infolanus.com\/index.php\/wp-json\/wp\/v2\/posts\/7864","targetHints":{"allow":["GET"]}}],"collection":[{"href":"https:\/\/infolanus.com\/index.php\/wp-json\/wp\/v2\/posts"}],"about":[{"href":"https:\/\/infolanus.com\/index.php\/wp-json\/wp\/v2\/types\/post"}],"author":[{"embeddable":true,"href":"https:\/\/infolanus.com\/index.php\/wp-json\/wp\/v2\/users\/2"}],"replies":[{"embeddable":true,"href":"https:\/\/infolanus.com\/index.php\/wp-json\/wp\/v2\/comments?post=7864"}],"version-history":[{"count":0,"href":"https:\/\/infolanus.com\/index.php\/wp-json\/wp\/v2\/posts\/7864\/revisions"}],"wp:featuredmedia":[{"embeddable":true,"href":"https:\/\/infolanus.com\/index.php\/wp-json\/wp\/v2\/media\/7865"}],"wp:attachment":[{"href":"https:\/\/infolanus.com\/index.php\/wp-json\/wp\/v2\/media?parent=7864"}],"wp:term":[{"taxonomy":"category","embeddable":true,"href":"https:\/\/infolanus.com\/index.php\/wp-json\/wp\/v2\/categories?post=7864"},{"taxonomy":"post_tag","embeddable":true,"href":"https:\/\/infolanus.com\/index.php\/wp-json\/wp\/v2\/tags?post=7864"}],"curies":[{"name":"wp","href":"https:\/\/api.w.org\/{rel}","templated":true}]}}