{"id":7903,"date":"2024-09-19T16:29:27","date_gmt":"2024-09-19T19:29:27","guid":{"rendered":"https:\/\/www.inforegion.com.ar\/?p=313635"},"modified":"2024-09-19T16:29:27","modified_gmt":"2024-09-19T19:29:27","slug":"lanus-abuso-de-su-sobrina-de-tres-anos-lo-iban-a-detener-y-se-fugo","status":"publish","type":"post","link":"https:\/\/infolanus.com\/index.php\/2024\/09\/19\/lanus-abuso-de-su-sobrina-de-tres-anos-lo-iban-a-detener-y-se-fugo\/","title":{"rendered":"Lan\u00fas: abus\u00f3 de su sobrina de tres a\u00f1os, lo iban a detener y se fug\u00f3"},"content":{"rendered":"<div><img data-recalc-dims=\"1\" decoding=\"async\" src=\"https:\/\/i0.wp.com\/www.inforegion.com.ar\/wp-content\/uploads\/2024\/09\/chingolo.jpg?w=640&#038;ssl=1\" class=\"ff-og-image-inserted\"><\/div>\n<p>La polic\u00eda bonaerense <strong>busca a un hombre implicado en una causa por abuso sexual infantil ocurrido en Monte Chingolo, partido de Lan\u00fas, durane 2021 <\/strong>mientras que la familia dela v\u00edctima pide ayuda en redes sociales para poder dar con datos certeros sobre su paradero.<\/p>\n<p>Cuando la Polic\u00eda Bonaerense lleg\u00f3 al domicilio de <strong>Fabio H\u00e9ctor Oscar Mart\u00edn, conocido como El Turco, para arrestarlo no encontr\u00f3 al imputado por abuso sexual con acceso carnal <\/strong>a su sobrina de tres a\u00f1os en el 2021 y por lo que la Fiscal\u00eda 8 de Lan\u00fas pidi\u00f3 su detenci\u00f3n. <\/p>\n<p>\u201cSe trata de mi cu\u00f1ado, <strong>el marido de mi hermana mayor y hacia la nena de mi hermana menor<\/strong>, cuando ten\u00eda 3 a\u00f1os. Ahora tiene 7 a\u00f1os\u201d, cont\u00f3 la t\u00eda de la v\u00edctima en se\u00f1ales informativas. Y a\u00f1adi\u00f3: \u201cEsto fue aproximadamente hace 3 a\u00f1os atr\u00e1s, en su momento sali\u00f3 la orden de detenci\u00f3n y el abogado de \u00e9l empez\u00f3 a presentar recursos de amparo\u201d.<\/p>\n<p>Desde la Fiscal\u00eda le avisaron a la familia que sali\u00f3 una nueva orden de detenci\u00f3n. \u201cEllos lo que pidieron fue la excarcelaci\u00f3n, al neg\u00e1rsele el abogado se entera y le avisa a \u00e9l, evidentemente\u201d, asegur\u00f3. <strong>Desde el 13 de septiembre tiene pedido de captura, pero hasta el momento no tienen noticias <\/strong>de \u00e9l: \u201cNo sabemos d\u00f3nde est\u00e1\u201d, concluy\u00f3 la t\u00eda de la menor.<\/p>\n<p>Cintia, la madre de la menor, cont\u00f3 que su hija comenz\u00f3 con cambios actitudinales que le llamaron la atenci\u00f3n como agresividad y no querer comer. Ante esto, decidi\u00f3 <strong>indagar sobre qu\u00e9 le ocurr\u00eda a la peque\u00f1a y en su relato descubri\u00f3 que su t\u00edo la abus\u00f3 en varias ocasiones <\/strong>a lo largo de meses.<\/p>\n<p>Adem\u00e1s, denunci\u00f3 que ella misma fue abusada durante su ni\u00f1ez y adolescencia por Fabio Mart\u00edn. \u201cLe arruin\u00f3 la vida a mi hija\u201d, sentenci\u00f3. Desde la Fiscal\u00eda le informaron que \u201clo est\u00e1n buscando\u201d pero hasta el momento no tienen novedades. <strong>\u201cNunca pude animarme hablar sobre lo m\u00edo. Siempre fue de poner en tela de juicio a la v\u00edctima\u201d, <\/strong>a\u00f1adi\u00f3 Cintia.<\/p>\n<p>Adem\u00e1s, Cintia asegur\u00f3 que <strong>\u201chay m\u00e1s v\u00edctimas que no se animaron a denunciar\u201d <\/strong>y, que ahora su familia se encuentra dividida entre los que le creen a su cu\u00f1ado o a su hija. Ahora sus pap\u00e1s, de 75 a\u00f1os, viven con miedo.<\/p>\n<h2 class=\"wp-block-heading\">Se\u00f1ales de alerta en casos de abuso sexual contra ni\u00f1os, ni\u00f1as y adolescentes<\/h2>\n<ul>\n<li>El relato de la v\u00edctima.<\/li>\n<li>Lesiones f\u00edsicas en zona genital.<\/li>\n<li>Embarazo o infecciones de transmisi\u00f3n sexual. especialmente en menores de 13 a\u00f1os.<\/li>\n<li>Conocimientos sobre la sexualidad que no se condicen con su edad.<\/li>\n<li>Juegos sexuales inapropiados.<\/li>\n<li>Retraimiento.<\/li>\n<li>Problemas con el control de esf\u00ednteres.<\/li>\n<li>Depresi\u00f3n.<\/li>\n<\/ul>\n<h2 class=\"wp-block-heading\">Qu\u00e9 hacer ante un caso de abuso sexual contra ni\u00f1os, ni\u00f1as y adolescentes<\/h2>\n<p>En caso de abuso sexual contra ni\u00f1os, ni\u00f1as y adolescentes, comunicarse telef\u00f3nicamente con el 137 o el 102. Son l\u00edneas nacionales y gratuitas que brindan contenci\u00f3n, asistencia y acompa\u00f1amiento. Tambi\u00e9n es posible consultar por WhatsApp al 11 3133 1000.<\/p>\n","protected":false},"excerpt":{"rendered":"<p>La polic\u00eda bonaerense busca a un hombre implicado en una causa por abuso sexual infantil ocurrido en Monte Chingolo, partido de Lan\u00fas, durane 2021 mientras que la familia dela v\u00edctima pide ayuda en redes sociales para poder dar con datos certeros sobre su paradero. Cuando la Polic\u00eda Bonaerense lleg\u00f3 al domicilio de Fabio H\u00e9ctor Oscar [&hellip;]<\/p>\n","protected":false},"author":2,"featured_media":7904,"comment_status":"closed","ping_status":"closed","sticky":false,"template":"","format":"standard","meta":{"jetpack_post_was_ever_published":false,"_jetpack_newsletter_access":"","_jetpack_dont_email_post_to_subs":false,"_jetpack_newsletter_tier_id":0,"_jetpack_memberships_contains_paywalled_content":false,"_jetpack_memberships_contains_paid_content":false,"footnotes":"","jetpack_publicize_message":"","jetpack_publicize_feature_enabled":true,"jetpack_social_post_already_shared":true,"jetpack_social_options":{"image_generator_settings":{"template":"highway","enabled":false},"version":2}},"categories":[19,547],"tags":[1199,773,774,23,75,822,548],"class_list":["post-7903","post","type-post","status-publish","format-standard","has-post-thumbnail","hentry","category-municipio","category-policiales","tag-abuso-sexual","tag-centrales","tag-destacadas","tag-lanus","tag-monte-chingolo","tag-policiales","tag-profugo"],"jetpack_publicize_connections":[],"jetpack_featured_media_url":"https:\/\/i0.wp.com\/infolanus.com\/wp-content\/uploads\/2024\/09\/lanus-abuso-de-su-sobrina-de-tres-anos-lo-iban-a-detener-y-se-fugo.jpg?fit=1200%2C675&ssl=1","jetpack_sharing_enabled":true,"jetpack_shortlink":"https:\/\/wp.me\/p9QtMr-23t","_links":{"self":[{"href":"https:\/\/infolanus.com\/index.php\/wp-json\/wp\/v2\/posts\/7903","targetHints":{"allow":["GET"]}}],"collection":[{"href":"https:\/\/infolanus.com\/index.php\/wp-json\/wp\/v2\/posts"}],"about":[{"href":"https:\/\/infolanus.com\/index.php\/wp-json\/wp\/v2\/types\/post"}],"author":[{"embeddable":true,"href":"https:\/\/infolanus.com\/index.php\/wp-json\/wp\/v2\/users\/2"}],"replies":[{"embeddable":true,"href":"https:\/\/infolanus.com\/index.php\/wp-json\/wp\/v2\/comments?post=7903"}],"version-history":[{"count":0,"href":"https:\/\/infolanus.com\/index.php\/wp-json\/wp\/v2\/posts\/7903\/revisions"}],"wp:featuredmedia":[{"embeddable":true,"href":"https:\/\/infolanus.com\/index.php\/wp-json\/wp\/v2\/media\/7904"}],"wp:attachment":[{"href":"https:\/\/infolanus.com\/index.php\/wp-json\/wp\/v2\/media?parent=7903"}],"wp:term":[{"taxonomy":"category","embeddable":true,"href":"https:\/\/infolanus.com\/index.php\/wp-json\/wp\/v2\/categories?post=7903"},{"taxonomy":"post_tag","embeddable":true,"href":"https:\/\/infolanus.com\/index.php\/wp-json\/wp\/v2\/tags?post=7903"}],"curies":[{"name":"wp","href":"https:\/\/api.w.org\/{rel}","templated":true}]}}