{"id":7916,"date":"2024-09-26T12:55:01","date_gmt":"2024-09-26T15:55:01","guid":{"rendered":"https:\/\/www.inforegion.com.ar\/?p=314128"},"modified":"2024-09-26T12:55:01","modified_gmt":"2024-09-26T15:55:01","slug":"lanus-julian-alvarez-encabezo-la-inauguracion-de-la-biblioteca-municipal-mariano-moreno","status":"publish","type":"post","link":"https:\/\/infolanus.com\/index.php\/2024\/09\/26\/lanus-julian-alvarez-encabezo-la-inauguracion-de-la-biblioteca-municipal-mariano-moreno\/","title":{"rendered":"Lan\u00fas: Juli\u00e1n \u00c1lvarez encabez\u00f3 la inauguraci\u00f3n de la Biblioteca Municipal Mariano Moreno"},"content":{"rendered":"<div><img data-recalc-dims=\"1\" decoding=\"async\" src=\"https:\/\/i0.wp.com\/www.inforegion.com.ar\/wp-content\/uploads\/2024\/09\/Biblioteca-Mariano-Moreno.jpg?w=640&#038;ssl=1\" class=\"ff-og-image-inserted\"><\/div>\n<p>La <strong>Biblioteca Mariano Moreno<\/strong> fue inaugurada ayer por la tarde en un acto encabezado por el intendente del partido de <a href=\"https:\/\/www.inforegion.com.ar\/2024\/09\/25\/ya-se-pusieron-en-marcha-los-operativos-contra-el-dengue-en-lanus\/\">Lan\u00fas<\/a>, <strong>Juli\u00e1n \u00c1lvarez<\/strong>. La biblioteca est\u00e1 ubicada en el centro de Lan\u00fas Oeste, sobre la Avenida 25 de Mayo al 700, a pocas cuadras de la Estaci\u00f3n.<\/p>\n<p>\u201cLuego de a\u00f1os en los que no se compr\u00f3 material para la instituci\u00f3n, desde Lan\u00fas Gobierno adquirimos m\u00e1s de 2400 libros de 48 editoriales diferentes, que quedar\u00e1n a disposici\u00f3n para el uso cotidiano de los vecinos y vecinas\u201d, celebr\u00f3 Juli\u00e1n \u00c1lvarez.<\/p>\n<p>\u201cEl Municipio trabaja para que este espacio ser un sitio de promoci\u00f3n de la lectura, junto con las 12 bibliotecas populares del distrito, pero tambi\u00e9n un centro cultural en el que se realizar\u00e1n encuentros de debate, charlas, presentaci\u00f3n y espect\u00e1culos musicales, entre otras actividades\u201d inform\u00f3 la comuna desde sus canales digitales.<\/p>\n<p>Participaron de la actividad por Lan\u00fas Gobierno, adem\u00e1s del intendente, el secretario de Cultura y Deportes Alejo Di Carlo, el subsecretario de Cultura Mat\u00edas Murabito y el coordinador de la Biblioteca Municipal Mariano Moreno Cristian Vitale, entre otros funcionarios y personalidades de la cultura popular local.<\/p>\n","protected":false},"excerpt":{"rendered":"<p>La Biblioteca Mariano Moreno fue inaugurada ayer por la tarde en un acto encabezado por el intendente del partido de Lan\u00fas, Juli\u00e1n \u00c1lvarez. La biblioteca est\u00e1 ubicada en el centro de Lan\u00fas Oeste, sobre la Avenida 25 de Mayo al 700, a pocas cuadras de la Estaci\u00f3n. \u201cLuego de a\u00f1os en los que no se [&hellip;]<\/p>\n","protected":false},"author":2,"featured_media":7917,"comment_status":"closed","ping_status":"closed","sticky":false,"template":"","format":"standard","meta":{"jetpack_post_was_ever_published":false,"_jetpack_newsletter_access":"","_jetpack_dont_email_post_to_subs":false,"_jetpack_newsletter_tier_id":0,"_jetpack_memberships_contains_paywalled_content":false,"_jetpack_memberships_contains_paid_content":false,"footnotes":"","jetpack_publicize_message":"","jetpack_publicize_feature_enabled":true,"jetpack_social_post_already_shared":true,"jetpack_social_options":{"image_generator_settings":{"template":"highway","enabled":false},"version":2}},"categories":[19],"tags":[1757,773,774,427,23,788],"class_list":["post-7916","post","type-post","status-publish","format-standard","has-post-thumbnail","hentry","category-municipio","tag-biblioteca-mariano-moreno","tag-centrales","tag-destacadas","tag-julian-alvarez","tag-lanus","tag-sociedad"],"jetpack_publicize_connections":[],"jetpack_featured_media_url":"https:\/\/i0.wp.com\/infolanus.com\/wp-content\/uploads\/2024\/09\/lanus-julian-alvarez-encabezo-la-inauguracion-de-la-biblioteca-municipal-mariano-moreno.jpg?fit=1280%2C853&ssl=1","jetpack_sharing_enabled":true,"jetpack_shortlink":"https:\/\/wp.me\/p9QtMr-23G","_links":{"self":[{"href":"https:\/\/infolanus.com\/index.php\/wp-json\/wp\/v2\/posts\/7916","targetHints":{"allow":["GET"]}}],"collection":[{"href":"https:\/\/infolanus.com\/index.php\/wp-json\/wp\/v2\/posts"}],"about":[{"href":"https:\/\/infolanus.com\/index.php\/wp-json\/wp\/v2\/types\/post"}],"author":[{"embeddable":true,"href":"https:\/\/infolanus.com\/index.php\/wp-json\/wp\/v2\/users\/2"}],"replies":[{"embeddable":true,"href":"https:\/\/infolanus.com\/index.php\/wp-json\/wp\/v2\/comments?post=7916"}],"version-history":[{"count":0,"href":"https:\/\/infolanus.com\/index.php\/wp-json\/wp\/v2\/posts\/7916\/revisions"}],"wp:featuredmedia":[{"embeddable":true,"href":"https:\/\/infolanus.com\/index.php\/wp-json\/wp\/v2\/media\/7917"}],"wp:attachment":[{"href":"https:\/\/infolanus.com\/index.php\/wp-json\/wp\/v2\/media?parent=7916"}],"wp:term":[{"taxonomy":"category","embeddable":true,"href":"https:\/\/infolanus.com\/index.php\/wp-json\/wp\/v2\/categories?post=7916"},{"taxonomy":"post_tag","embeddable":true,"href":"https:\/\/infolanus.com\/index.php\/wp-json\/wp\/v2\/tags?post=7916"}],"curies":[{"name":"wp","href":"https:\/\/api.w.org\/{rel}","templated":true}]}}