{"id":7920,"date":"2024-09-27T16:51:58","date_gmt":"2024-09-27T19:51:58","guid":{"rendered":"https:\/\/infolanus.com\/index.php\/2024\/09\/27\/dias-y-horarios-confirmados-cuando-juega-river-con-atletico-mineiro-por-las-semifinales-de-la-copa-libertadores\/"},"modified":"2024-09-27T16:51:58","modified_gmt":"2024-09-27T19:51:58","slug":"dias-y-horarios-confirmados-cuando-juega-river-con-atletico-mineiro-por-las-semifinales-de-la-copa-libertadores","status":"publish","type":"post","link":"https:\/\/infolanus.com\/index.php\/2024\/09\/27\/dias-y-horarios-confirmados-cuando-juega-river-con-atletico-mineiro-por-las-semifinales-de-la-copa-libertadores\/","title":{"rendered":"D\u00edas y horarios confirmados: cu\u00e1ndo juega River con Atl\u00e9tico Mineiro por las semifinales de la Copa Libertadores"},"content":{"rendered":"<div class=\"media_block\"><\/div>\n<p>Ya con los<br \/>\ncuatro equipos clasificados a las semifinales de la <a href=\"https:\/\/442.perfil.com\/noticias\/futbol\/atletico-mineiro-sera-el-rival-de-river-en-semifinales-cual-es-el-valor-del-plantel-y-quien-es-el-jugador-mas-caro.phtml\">Copa Libertadores<\/a>,<br \/>\neste viernes la Conmebol defini\u00f3 la fecha y horarios para los cruces entre <a href=\"https:\/\/442.perfil.com\/noticias\/futbol\/marcelo-gallardo-se-pone-en-modo-liga-profesional-para-acercarse-a-velez.phtml\">River<\/a>&#8211;<strong>Atl\u00e9tico<br \/>\nMineiro<\/strong> y <strong>Botafogo<\/strong>&#8211;<strong>Pe\u00f1arol<\/strong> buscando un lugar en la gran final<br \/>\ndel pr\u00f3ximo 30 de noviembre. <\/p>\n<h2>\u00bfCu\u00e1ndo<br \/>\nse juegan las semifinales de la Copa Libertadores?<\/h2>\n<p>El&nbsp;equipo<br \/>\ndirigido por Marcelo Gallardo visitar\u00e1 al conjunto de Belo Horizonte el martes 22<br \/>\nde octubre a las 21.30&nbsp;(hora de la Argentina) y&nbsp;la vuelta ser\u00e1 en el Estadio<br \/>\nMonumental el martes 29&nbsp;del mismo mes con igual horario.<\/p>\n<p>En tanto<br \/>\nque, en la otra llave entre brasile\u00f1os y uruguayos, el primer partido se llevar\u00e1<br \/>\na cabo R\u00edo de Janeiro el mi\u00e9rcoles 23 de octubre, mientras que la revancha se<br \/>\ndisputar\u00e1 en Montevideo el mi\u00e9rcoles 30.<\/p>\n<p>A su vez,<br \/>\ntodos los encuentros ser\u00e1n transmitidos a trav\u00e9s de la pantalla de Fox Sports y<br \/>\nDisney +. La final ya tiene fecha y sede: se jugar\u00e1 el 30 de noviembre en<br \/>\nBuenos Aires, en un estadio a designar por el ente presidido por Alejandro Dom\u00ednguez.\n<\/p>\n<figure class=\"image\"><picture><source media=\"(max-width: 320px)\" srcset=\"https:\/\/fotos.perfil.com\/2024\/09\/27\/300\/0\/WiDZ-semis-libertadores.jpg?webp\" type=\"image\/webp\"><source media=\"(max-width: 360px)\" srcset=\"https:\/\/fotos.perfil.com\/2024\/09\/27\/340\/0\/WiDZ-semis-libertadores.jpg?webp\" type=\"image\/webp\"><source media=\"(max-width: 375px)\" srcset=\"https:\/\/fotos.perfil.com\/2024\/09\/27\/360\/0\/WiDZ-semis-libertadores.jpg?webp\" type=\"image\/webp\"><source media=\"(max-width: 414px)\" srcset=\"https:\/\/fotos.perfil.com\/2024\/09\/27\/400\/0\/WiDZ-semis-libertadores.jpg?webp\" type=\"image\/webp\"><source media=\"(max-width: 768px)\" srcset=\"https:\/\/fotos.perfil.com\/2024\/09\/27\/620\/0\/WiDZ-semis-libertadores.jpg?webp\" type=\"image\/webp\"><source media=\"(max-width: 1024px)\" srcset=\"https:\/\/fotos.perfil.com\/2024\/09\/27\/635\/0\/WiDZ-semis-libertadores.jpg?webp\" type=\"image\/webp\"><source srcset=\"https:\/\/fotos.perfil.com\/2024\/09\/27\/850\/0\/WiDZ-semis-libertadores.jpg?webp\" type=\"image\/webp\"><source media=\"(max-width: 320px)\" srcset=\"https:\/\/fotos.perfil.com\/2024\/09\/27\/300\/0\/WiDZ-semis-libertadores.jpg\"><source media=\"(max-width: 360px)\" srcset=\"https:\/\/fotos.perfil.com\/2024\/09\/27\/340\/0\/WiDZ-semis-libertadores.jpg\"><source media=\"(max-width: 375px)\" srcset=\"https:\/\/fotos.perfil.com\/2024\/09\/27\/360\/0\/WiDZ-semis-libertadores.jpg\"><source media=\"(max-width: 414px)\" srcset=\"https:\/\/fotos.perfil.com\/2024\/09\/27\/400\/0\/WiDZ-semis-libertadores.jpg\"><source media=\"(max-width: 768px)\" srcset=\"https:\/\/fotos.perfil.com\/2024\/09\/27\/620\/0\/WiDZ-semis-libertadores.jpg\"><source media=\"(max-width: 1024px)\" srcset=\"https:\/\/fotos.perfil.com\/2024\/09\/27\/635\/0\/WiDZ-semis-libertadores.jpg\"><img data-recalc-dims=\"1\" decoding=\"async\" alt=\"La gran final ser\u00e1 el 30 de noviembre en Buenos Aires.\" src=\"https:\/\/i0.wp.com\/fotos.perfil.com\/2024\/09\/27\/850\/0\/WiDZ-semis-libertadores.jpg?w=640&#038;ssl=1\" loading=\"lazy\"><\/picture><figcaption>La gran final ser\u00e1 el 30 de noviembre en Buenos Aires. &#8211; Conmebol<\/figcaption><\/figure>\n<h2>El<br \/>\ncamino de los semifinalistas en la Copa Libertadores<\/h2>\n<p>En la recta<br \/>\nfinal del m\u00e1ximo certamen a nivel clubes de Sudam\u00e9rica los sobrevivientes hasta<br \/>\nel momento son River, Atl\u00e9tico Mineiro, Botafogo y Pe\u00f1arol. As\u00ed fue el camino<br \/>\nde cada uno de ellos para meterse entre los cuatro mejores:<\/p>\n<figure class=\"image\"><picture><source media=\"(max-width: 320px)\" srcset=\"https:\/\/fotos.perfil.com\/2024\/09\/27\/300\/0\/NgKK-liberta.jpg?webp\" type=\"image\/webp\"><source media=\"(max-width: 360px)\" srcset=\"https:\/\/fotos.perfil.com\/2024\/09\/27\/340\/0\/NgKK-liberta.jpg?webp\" type=\"image\/webp\"><source media=\"(max-width: 375px)\" srcset=\"https:\/\/fotos.perfil.com\/2024\/09\/27\/360\/0\/NgKK-liberta.jpg?webp\" type=\"image\/webp\"><source media=\"(max-width: 414px)\" srcset=\"https:\/\/fotos.perfil.com\/2024\/09\/27\/400\/0\/NgKK-liberta.jpg?webp\" type=\"image\/webp\"><source media=\"(max-width: 768px)\" srcset=\"https:\/\/fotos.perfil.com\/2024\/09\/27\/620\/0\/NgKK-liberta.jpg?webp\" type=\"image\/webp\"><source media=\"(max-width: 1024px)\" srcset=\"https:\/\/fotos.perfil.com\/2024\/09\/27\/635\/0\/NgKK-liberta.jpg?webp\" type=\"image\/webp\"><source srcset=\"https:\/\/fotos.perfil.com\/2024\/09\/27\/850\/0\/NgKK-liberta.jpg?webp\" type=\"image\/webp\"><source media=\"(max-width: 320px)\" srcset=\"https:\/\/fotos.perfil.com\/2024\/09\/27\/300\/0\/NgKK-liberta.jpg\"><source media=\"(max-width: 360px)\" srcset=\"https:\/\/fotos.perfil.com\/2024\/09\/27\/340\/0\/NgKK-liberta.jpg\"><source media=\"(max-width: 375px)\" srcset=\"https:\/\/fotos.perfil.com\/2024\/09\/27\/360\/0\/NgKK-liberta.jpg\"><source media=\"(max-width: 414px)\" srcset=\"https:\/\/fotos.perfil.com\/2024\/09\/27\/400\/0\/NgKK-liberta.jpg\"><source media=\"(max-width: 768px)\" srcset=\"https:\/\/fotos.perfil.com\/2024\/09\/27\/620\/0\/NgKK-liberta.jpg\"><source media=\"(max-width: 1024px)\" srcset=\"https:\/\/fotos.perfil.com\/2024\/09\/27\/635\/0\/NgKK-liberta.jpg\"><img data-recalc-dims=\"1\" decoding=\"async\" alt=\"De los cuatro semifinalistas, Botafogo es el \u00fanico que nunca conquist\u00f3 el certamen hasta el momento.\" src=\"https:\/\/i0.wp.com\/fotos.perfil.com\/2024\/09\/27\/850\/0\/NgKK-liberta.jpg?w=640&#038;ssl=1\" loading=\"lazy\"><\/picture><figcaption>De los cuatro semifinalistas, Botafogo es el \u00fanico que nunca conquist\u00f3 el certamen hasta el momento. &#8211; Conmebol<\/figcaption><\/figure>\n<p><strong>River<\/strong>: tras terminar como l\u00edder del Grupo<br \/>\nH, el Millonario dej\u00f3 primero en el camino en octavos de final a Talleres luego<br \/>\nde vencerlo 1-0 y 2-1. Luego en cuartos de final super\u00f3 a Colo Colo tras<br \/>\nempatar 1-1 en la ida e imponerse 1-0 en la vuelta en Buenos Aires. Ahora en<br \/>\nsemis se medir\u00e1 con Atl\u00e9tico Mineiro. <\/p>\n<p><strong>Atl\u00e9tico<br \/>\nMineiro<\/strong>: los<br \/>\ndirigidos por Milito terminaron primeros en el Grupo G para luego superar en<br \/>\noctavos de final a San Lorenzo (1-1 y 1-0) y en cuartos a Fluminense dando<br \/>\nvuelta la historia con un triunfo por 2-0 tras caer 1-0 en la ida. <\/p>\n<p><strong>Botafogo<\/strong>: el equipo de Thiago Almada<br \/>\nfinaliz\u00f3 segundo en el Grupo D detr\u00e1s de J\u00fanior de Barranquilla. En octavos<br \/>\nsuper\u00f3 al a Palmeiras (2-1 y 2-2). En cuartos de final empat\u00f3 0-0 en el primer<br \/>\ncruce con San Pablo y en la vuelta lo venci\u00f3 5-4 por penales tras la igualdad<br \/>\n1-1. <\/p>\n<p><strong>Pe\u00f1arol<\/strong>: la<br \/>\ngran sorpresa entre los semifinalistas termin\u00f3 segundo en el Grupo G detr\u00e1s del<br \/>\nMineiro para luego vencer en octavos a The Strongest: lo gole\u00f3 4-0 en Uruguay y<br \/>\ncay\u00f3 1-0 en La Paz. En cuartos de final dej\u00f3 en el camino al poderoso Flamengo<br \/>\ntras vencerlo 1-0 en R\u00edo de Janeiro e igualar sin goles en Montevideo. <\/p>\n<p>JP<\/p>\n","protected":false},"excerpt":{"rendered":"<p>Ya con los cuatro equipos clasificados a las semifinales de la Copa Libertadores, este viernes la Conmebol defini\u00f3 la fecha y horarios para los cruces entre River&#8211;Atl\u00e9tico Mineiro y Botafogo&#8211;Pe\u00f1arol buscando un lugar en la gran final del pr\u00f3ximo 30 de noviembre. \u00bfCu\u00e1ndo se juegan las semifinales de la Copa Libertadores? El&nbsp;equipo dirigido por Marcelo [&hellip;]<\/p>\n","protected":false},"author":2,"featured_media":7921,"comment_status":"closed","ping_status":"closed","sticky":false,"template":"","format":"standard","meta":{"jetpack_post_was_ever_published":false,"_jetpack_newsletter_access":"","_jetpack_dont_email_post_to_subs":false,"_jetpack_newsletter_tier_id":0,"_jetpack_memberships_contains_paywalled_content":false,"_jetpack_memberships_contains_paid_content":false,"footnotes":"","jetpack_publicize_message":"","jetpack_publicize_feature_enabled":true,"jetpack_social_post_already_shared":true,"jetpack_social_options":{"image_generator_settings":{"template":"highway","enabled":false},"version":2}},"categories":[17],"tags":[],"class_list":["post-7920","post","type-post","status-publish","format-standard","has-post-thumbnail","hentry","category-deportes"],"jetpack_publicize_connections":[],"jetpack_featured_media_url":"https:\/\/i0.wp.com\/infolanus.com\/wp-content\/uploads\/2024\/09\/dias-y-horarios-confirmados-cuando-juega-river-con-atletico-mineiro-por-las-semifinales-de-la-copa-libertadores.jpg?fit=680%2C680&ssl=1","jetpack_sharing_enabled":true,"jetpack_shortlink":"https:\/\/wp.me\/p9QtMr-23K","_links":{"self":[{"href":"https:\/\/infolanus.com\/index.php\/wp-json\/wp\/v2\/posts\/7920","targetHints":{"allow":["GET"]}}],"collection":[{"href":"https:\/\/infolanus.com\/index.php\/wp-json\/wp\/v2\/posts"}],"about":[{"href":"https:\/\/infolanus.com\/index.php\/wp-json\/wp\/v2\/types\/post"}],"author":[{"embeddable":true,"href":"https:\/\/infolanus.com\/index.php\/wp-json\/wp\/v2\/users\/2"}],"replies":[{"embeddable":true,"href":"https:\/\/infolanus.com\/index.php\/wp-json\/wp\/v2\/comments?post=7920"}],"version-history":[{"count":0,"href":"https:\/\/infolanus.com\/index.php\/wp-json\/wp\/v2\/posts\/7920\/revisions"}],"wp:featuredmedia":[{"embeddable":true,"href":"https:\/\/infolanus.com\/index.php\/wp-json\/wp\/v2\/media\/7921"}],"wp:attachment":[{"href":"https:\/\/infolanus.com\/index.php\/wp-json\/wp\/v2\/media?parent=7920"}],"wp:term":[{"taxonomy":"category","embeddable":true,"href":"https:\/\/infolanus.com\/index.php\/wp-json\/wp\/v2\/categories?post=7920"},{"taxonomy":"post_tag","embeddable":true,"href":"https:\/\/infolanus.com\/index.php\/wp-json\/wp\/v2\/tags?post=7920"}],"curies":[{"name":"wp","href":"https:\/\/api.w.org\/{rel}","templated":true}]}}